{"id":28722,"date":"2024-07-10T04:14:12","date_gmt":"2024-07-10T10:14:12","guid":{"rendered":"https:\/\/contextoanalisisperiodistico.com\/index.php\/2024\/07\/10\/reforma-al-poder-judicial-necesaria-para-la-democratizacion-de-la-justicia-salomon-jara\/"},"modified":"2024-07-10T04:15:53","modified_gmt":"2024-07-10T10:15:53","slug":"reforma-al-poder-judicial-necesaria-para-la-democratizacion-de-la-justicia-salomon-jara","status":"publish","type":"post","link":"https:\/\/contextoanalisisperiodistico.com\/index.php\/2024\/07\/10\/reforma-al-poder-judicial-necesaria-para-la-democratizacion-de-la-justicia-salomon-jara\/","title":{"rendered":"Necesaria la Reforma al Poder Judicial para democratizar la justicia: Salom\u00f3n Jara"},"content":{"rendered":"<div id=\"fb-root\"><\/div>\n\n<p>\u2022 El Gobernador de Oaxaca precis\u00f3 que con ello se reducir\u00e1 la impunidad, la injusticia y el distanciamiento social de las autoridades judiciales<\/p>\n\n\n\n<figure class=\"wp-block-image size-large\"><img fetchpriority=\"high\" decoding=\"async\" width=\"900\" height=\"600\" src=\"https:\/\/contextoanalisisperiodistico.com\/wp-content\/uploads\/2024\/07\/img-20240709-wa0116650699470725316111.jpg\" alt=\"\" class=\"wp-image-28717\" srcset=\"https:\/\/contextoanalisisperiodistico.com\/wp-content\/uploads\/2024\/07\/img-20240709-wa0116650699470725316111.jpg 900w, https:\/\/contextoanalisisperiodistico.com\/wp-content\/uploads\/2024\/07\/img-20240709-wa0116650699470725316111-300x200.jpg 300w, https:\/\/contextoanalisisperiodistico.com\/wp-content\/uploads\/2024\/07\/img-20240709-wa0116650699470725316111-768x512.jpg 768w\" sizes=\"(max-width: 900px) 100vw, 900px\" \/><\/figure>\n\n\n\n<figure class=\"wp-block-image\"><img decoding=\"async\" width=\"300\" height=\"200\" src=\"https:\/\/contextoanalisisperiodistico.com\/wp-content\/uploads\/2024\/07\/img-20240709-wa01205324066564481618515-300x200.jpg\" alt=\"\" class=\"wp-image-28718\" srcset=\"https:\/\/contextoanalisisperiodistico.com\/wp-content\/uploads\/2024\/07\/img-20240709-wa01205324066564481618515-300x200.jpg 300w, https:\/\/contextoanalisisperiodistico.com\/wp-content\/uploads\/2024\/07\/img-20240709-wa01205324066564481618515-768x512.jpg 768w, https:\/\/contextoanalisisperiodistico.com\/wp-content\/uploads\/2024\/07\/img-20240709-wa01205324066564481618515.jpg 900w\" sizes=\"(max-width: 300px) 100vw, 300px\" \/><\/figure>\n\n\n\n<figure class=\"wp-block-image\"><img decoding=\"async\" width=\"300\" height=\"200\" src=\"https:\/\/contextoanalisisperiodistico.com\/wp-content\/uploads\/2024\/07\/img-20240709-wa01191492750078688740875-300x200.jpg\" alt=\"\" class=\"wp-image-28720\" srcset=\"https:\/\/contextoanalisisperiodistico.com\/wp-content\/uploads\/2024\/07\/img-20240709-wa01191492750078688740875-300x200.jpg 300w, https:\/\/contextoanalisisperiodistico.com\/wp-content\/uploads\/2024\/07\/img-20240709-wa01191492750078688740875-768x512.jpg 768w, https:\/\/contextoanalisisperiodistico.com\/wp-content\/uploads\/2024\/07\/img-20240709-wa01191492750078688740875.jpg 900w\" sizes=\"(max-width: 300px) 100vw, 300px\" \/><\/figure>\n\n\n\n<figure class=\"wp-block-image\"><img loading=\"lazy\" decoding=\"async\" width=\"300\" height=\"200\" src=\"https:\/\/contextoanalisisperiodistico.com\/wp-content\/uploads\/2024\/07\/img-20240709-wa01173645644162413215612-300x200.jpg\" alt=\"\" class=\"wp-image-28719\" srcset=\"https:\/\/contextoanalisisperiodistico.com\/wp-content\/uploads\/2024\/07\/img-20240709-wa01173645644162413215612-300x200.jpg 300w, https:\/\/contextoanalisisperiodistico.com\/wp-content\/uploads\/2024\/07\/img-20240709-wa01173645644162413215612-768x512.jpg 768w, https:\/\/contextoanalisisperiodistico.com\/wp-content\/uploads\/2024\/07\/img-20240709-wa01173645644162413215612.jpg 900w\" sizes=\"(max-width: 300px) 100vw, 300px\" \/><\/figure>\n\n\n\n<figure class=\"wp-block-image\"><img loading=\"lazy\" decoding=\"async\" width=\"300\" height=\"200\" src=\"https:\/\/contextoanalisisperiodistico.com\/wp-content\/uploads\/2024\/07\/img-20240709-wa01184470082949537689115-300x200.jpg\" alt=\"\" class=\"wp-image-28721\" srcset=\"https:\/\/contextoanalisisperiodistico.com\/wp-content\/uploads\/2024\/07\/img-20240709-wa01184470082949537689115-300x200.jpg 300w, https:\/\/contextoanalisisperiodistico.com\/wp-content\/uploads\/2024\/07\/img-20240709-wa01184470082949537689115-768x512.jpg 768w, https:\/\/contextoanalisisperiodistico.com\/wp-content\/uploads\/2024\/07\/img-20240709-wa01184470082949537689115.jpg 900w\" sizes=\"(max-width: 300px) 100vw, 300px\" \/><\/figure>\n\n\n\n<p>Oaxaca de Ju\u00e1rez, Oax. 9 de julio de 2024.- Al participar en el Di\u00e1logo Nacional para la Reforma al Poder Judicial, el Gobernador Salom\u00f3n Jara Cruz se\u00f1al\u00f3 como necesario la democratizaci\u00f3n del acceso a la justicia, as\u00ed como a todos los procesos que implica.<\/p>\n\n\n\n<p>Desde Palacio de Gobierno asever\u00f3 que con ello se podr\u00e1 reducir la impunidad, la injusticia, el distanciamiento entre la sociedad y las autoridades judiciales, as\u00ed como promover la independencia del Poder Judicial y aumentar la credibilidad y legitimidad de jueces y magistrados.<\/p>\n\n\n\n<p>El Mandatario Estatal destac\u00f3 que el 78 por ciento de personas que son encuestadas sobre estos procesos reformatorios, refieren estar de acuerdo con ellos, adem\u00e1s de que un 89 por ciento, es decir 9 de cada 10 personas, coinciden en que se vigile, castigue, fiscalice y sancione a miembros del Poder Judicial que cometan actos de corrupci\u00f3n.<\/p>\n\n\n\n<p>\u201cVivimos nuevos tiempos, la participaci\u00f3n y el involucramiento de la sociedad, son rasgos esenciales de una democracia cada vez m\u00e1s popular y deliberativa; por ello la ciudadan\u00eda necesita contar con la mayor informaci\u00f3n posible sobre el contenido y los alcances de la iniciativa que va a ser considerada por el Congreso de la Uni\u00f3n\u201d.<\/p>\n\n\n\n<p>En su participaci\u00f3n, el senador de la Rep\u00fablica, Ricardo Monreal \u00c1vila, dio a conocer que ser\u00e1n estudiados y modificados 16 art\u00edculos constitucionales y 11 transitorios, para con ello evitar privilegios y corrupci\u00f3n dentro del Poder Judicial y generar un acercamiento social con quienes impartan justicia. Adem\u00e1s, explic\u00f3 que se podr\u00e1n escoger a jueces, magistrados y ministros por elecci\u00f3n popular.<\/p>\n\n\n\n<p>Recalc\u00f3 que habr\u00e1 filtros para la integraci\u00f3n de las candidaturas y que estas modificaciones ser\u00e1n graduales, aunado a que se llevar\u00e1n a cabo tambi\u00e9n a nivel local.<\/p>\n\n\n\n<p>En tanto, el presidente de la Junta de Coordinaci\u00f3n Pol\u00edtica de la LXV Legislatura del Honorable Congreso del Estado de Oaxaca, Sergio L\u00f3pez S\u00e1nchez habl\u00f3 sobre los problemas actuales que existen dentro del Poder Judicial y que se contrarrestar\u00e1n con la reforma.<\/p>\n\n\n\n<p>Por su parte, la presidenta del Tribunal Superior de Justicia y del Consejo de la Judicatura, Berenice Ram\u00edrez Jim\u00e9nez, extern\u00f3 que es necesario que la ciudadan\u00eda conozca a quienes se desempe\u00f1an en estos cargos y se mejore el acceso a la justicia.<\/p>\n\n\n\n<p>La presidenta del Tribunal Electoral del Estado de Oaxaca, Elizabeth Bautista Velasco, dijo que es imprescindible que la entidad se integre a estas modificaciones, pues muchas comunidades se rigen por usos y costumbres, lo que la convierte en un terreno pol\u00edtico de inter\u00e9s.<\/p>\n\n\n\n<p>Finalmente, el rector de la Universidad Aut\u00f3noma Benito Ju\u00e1rez de Oaxaca (UABJO), Cristian Eder Carre\u00f1o L\u00f3pez, recalc\u00f3 que esta modificaci\u00f3n necesita un enfoque multidisciplinario para llevar a cabo un cambio completo en la impartici\u00f3n de justicia.<\/p>\n\n\n\n<p>Cabe desatacar, que estos di\u00e1logos se han llevado cabo en otros estados, con el fin de extender la informaci\u00f3n a la sociedad.<br \/>-0-<\/p>\n","protected":false},"excerpt":{"rendered":"<p>\u2022 El Gobernador de Oaxaca precis\u00f3 que con ello se reducir\u00e1 la impunidad, la injusticia&#8230;<\/p>\n","protected":false},"author":4,"featured_media":28716,"comment_status":"closed","ping_status":"open","sticky":false,"template":"","format":"standard","meta":{"footnotes":""},"categories":[9],"tags":[],"jetpack_sharing_enabled":true,"featured_image_urls":{"full":["https:\/\/contextoanalisisperiodistico.com\/wp-content\/uploads\/2024\/07\/IMG-20240709-WA0122.jpg",900,504,false],"thumbnail":["https:\/\/contextoanalisisperiodistico.com\/wp-content\/uploads\/2024\/07\/IMG-20240709-WA0122-150x150.jpg",150,150,true],"medium":["https:\/\/contextoanalisisperiodistico.com\/wp-content\/uploads\/2024\/07\/IMG-20240709-WA0122-300x168.jpg",300,168,true],"medium_large":["https:\/\/contextoanalisisperiodistico.com\/wp-content\/uploads\/2024\/07\/IMG-20240709-WA0122-768x430.jpg",640,358,true],"large":["https:\/\/contextoanalisisperiodistico.com\/wp-content\/uploads\/2024\/07\/IMG-20240709-WA0122.jpg",640,358,false],"1536x1536":["https:\/\/contextoanalisisperiodistico.com\/wp-content\/uploads\/2024\/07\/IMG-20240709-WA0122.jpg",900,504,false],"2048x2048":["https:\/\/contextoanalisisperiodistico.com\/wp-content\/uploads\/2024\/07\/IMG-20240709-WA0122.jpg",900,504,false],"covernews-slider-full":["https:\/\/contextoanalisisperiodistico.com\/wp-content\/uploads\/2024\/07\/IMG-20240709-WA0122.jpg",900,504,false],"covernews-slider-center":["https:\/\/contextoanalisisperiodistico.com\/wp-content\/uploads\/2024\/07\/IMG-20240709-WA0122-800x500.jpg",800,500,true],"covernews-featured":["https:\/\/contextoanalisisperiodistico.com\/wp-content\/uploads\/2024\/07\/IMG-20240709-WA0122.jpg",900,504,false],"covernews-medium":["https:\/\/contextoanalisisperiodistico.com\/wp-content\/uploads\/2024\/07\/IMG-20240709-WA0122-540x340.jpg",540,340,true],"covernews-medium-square":["https:\/\/contextoanalisisperiodistico.com\/wp-content\/uploads\/2024\/07\/IMG-20240709-WA0122-400x250.jpg",400,250,true]},"author_info":{"display_name":"Mario Gir\u00f3n","author_link":"https:\/\/contextoanalisisperiodistico.com\/index.php\/author\/director\/"},"category_info":"<a href=\"https:\/\/contextoanalisisperiodistico.com\/index.php\/category\/politica\/\" rel=\"category tag\">Pol\u00edtica<\/a>","tag_info":"Pol\u00edtica","comment_count":"0","jetpack_featured_media_url":"https:\/\/contextoanalisisperiodistico.com\/wp-content\/uploads\/2024\/07\/IMG-20240709-WA0122.jpg","_links":{"self":[{"href":"https:\/\/contextoanalisisperiodistico.com\/index.php\/wp-json\/wp\/v2\/posts\/28722"}],"collection":[{"href":"https:\/\/contextoanalisisperiodistico.com\/index.php\/wp-json\/wp\/v2\/posts"}],"about":[{"href":"https:\/\/contextoanalisisperiodistico.com\/index.php\/wp-json\/wp\/v2\/types\/post"}],"author":[{"embeddable":true,"href":"https:\/\/contextoanalisisperiodistico.com\/index.php\/wp-json\/wp\/v2\/users\/4"}],"replies":[{"embeddable":true,"href":"https:\/\/contextoanalisisperiodistico.com\/index.php\/wp-json\/wp\/v2\/comments?post=28722"}],"version-history":[{"count":1,"href":"https:\/\/contextoanalisisperiodistico.com\/index.php\/wp-json\/wp\/v2\/posts\/28722\/revisions"}],"predecessor-version":[{"id":28723,"href":"https:\/\/contextoanalisisperiodistico.com\/index.php\/wp-json\/wp\/v2\/posts\/28722\/revisions\/28723"}],"wp:featuredmedia":[{"embeddable":true,"href":"https:\/\/contextoanalisisperiodistico.com\/index.php\/wp-json\/wp\/v2\/media\/28716"}],"wp:attachment":[{"href":"https:\/\/contextoanalisisperiodistico.com\/index.php\/wp-json\/wp\/v2\/media?parent=28722"}],"wp:term":[{"taxonomy":"category","embeddable":true,"href":"https:\/\/contextoanalisisperiodistico.com\/index.php\/wp-json\/wp\/v2\/categories?post=28722"},{"taxonomy":"post_tag","embeddable":true,"href":"https:\/\/contextoanalisisperiodistico.com\/index.php\/wp-json\/wp\/v2\/tags?post=28722"}],"curies":[{"name":"wp","href":"https:\/\/api.w.org\/{rel}","templated":true}]}}