{"id":28715,"date":"2024-07-09T18:55:39","date_gmt":"2024-07-10T00:55:39","guid":{"rendered":"https:\/\/contextoanalisisperiodistico.com\/index.php\/2024\/07\/09\/llegaron-los-gigantes-a-oaxaca-de-juarez-magna-exposicion-escultorica\/"},"modified":"2024-07-09T18:55:39","modified_gmt":"2024-07-10T00:55:39","slug":"llegaron-los-gigantes-a-oaxaca-de-juarez-magna-exposicion-escultorica","status":"publish","type":"post","link":"https:\/\/contextoanalisisperiodistico.com\/index.php\/2024\/07\/09\/llegaron-los-gigantes-a-oaxaca-de-juarez-magna-exposicion-escultorica\/","title":{"rendered":"Llegaron los gigantes a Oaxaca de Ju\u00e1rez, magna exposici\u00f3n escult\u00f3rica"},"content":{"rendered":"<div id=\"fb-root\"><\/div>\n\n<ul class=\"wp-block-list\">\n<li>\u201cProcesi\u00f3n: Tiempo de Gigantes\u201d, nombre de la exposici\u00f3n que inaugurar\u00e1 el municipio en este mes de julio y permanecer\u00e1 hasta diciembre.<\/li>\n<\/ul>\n\n\n\n<figure class=\"wp-block-image size-large\"><img fetchpriority=\"high\" decoding=\"async\" width=\"1024\" height=\"768\" src=\"https:\/\/contextoanalisisperiodistico.com\/wp-content\/uploads\/2024\/07\/img-20240709-wa00586658924324541277562-1024x768.jpg\" alt=\"\" class=\"wp-image-28713\" srcset=\"https:\/\/contextoanalisisperiodistico.com\/wp-content\/uploads\/2024\/07\/img-20240709-wa00586658924324541277562-1024x768.jpg 1024w, https:\/\/contextoanalisisperiodistico.com\/wp-content\/uploads\/2024\/07\/img-20240709-wa00586658924324541277562-300x225.jpg 300w, https:\/\/contextoanalisisperiodistico.com\/wp-content\/uploads\/2024\/07\/img-20240709-wa00586658924324541277562-768x576.jpg 768w, https:\/\/contextoanalisisperiodistico.com\/wp-content\/uploads\/2024\/07\/img-20240709-wa00586658924324541277562-1536x1152.jpg 1536w, https:\/\/contextoanalisisperiodistico.com\/wp-content\/uploads\/2024\/07\/img-20240709-wa00586658924324541277562.jpg 1600w\" sizes=\"(max-width: 1024px) 100vw, 1024px\" \/><\/figure>\n\n\n\n<figure class=\"wp-block-image\"><img decoding=\"async\" width=\"1024\" height=\"769\" src=\"https:\/\/contextoanalisisperiodistico.com\/wp-content\/uploads\/2024\/07\/img-20240709-wa00571760482813145208173-1024x769.jpg\" alt=\"\" class=\"wp-image-28712\" srcset=\"https:\/\/contextoanalisisperiodistico.com\/wp-content\/uploads\/2024\/07\/img-20240709-wa00571760482813145208173-1024x769.jpg 1024w, https:\/\/contextoanalisisperiodistico.com\/wp-content\/uploads\/2024\/07\/img-20240709-wa00571760482813145208173-300x225.jpg 300w, https:\/\/contextoanalisisperiodistico.com\/wp-content\/uploads\/2024\/07\/img-20240709-wa00571760482813145208173-768x577.jpg 768w, https:\/\/contextoanalisisperiodistico.com\/wp-content\/uploads\/2024\/07\/img-20240709-wa00571760482813145208173.jpg 1151w\" sizes=\"(max-width: 1024px) 100vw, 1024px\" \/><\/figure>\n\n\n\n<figure class=\"wp-block-image\"><img decoding=\"async\" width=\"951\" height=\"1024\" src=\"https:\/\/contextoanalisisperiodistico.com\/wp-content\/uploads\/2024\/07\/img-20240709-wa00592607659682968683904-951x1024.jpg\" alt=\"\" class=\"wp-image-28714\" srcset=\"https:\/\/contextoanalisisperiodistico.com\/wp-content\/uploads\/2024\/07\/img-20240709-wa00592607659682968683904-951x1024.jpg 951w, https:\/\/contextoanalisisperiodistico.com\/wp-content\/uploads\/2024\/07\/img-20240709-wa00592607659682968683904-279x300.jpg 279w, https:\/\/contextoanalisisperiodistico.com\/wp-content\/uploads\/2024\/07\/img-20240709-wa00592607659682968683904-768x827.jpg 768w, https:\/\/contextoanalisisperiodistico.com\/wp-content\/uploads\/2024\/07\/img-20240709-wa00592607659682968683904-1427x1536.jpg 1427w, https:\/\/contextoanalisisperiodistico.com\/wp-content\/uploads\/2024\/07\/img-20240709-wa00592607659682968683904-1024x1103.jpg 1024w, https:\/\/contextoanalisisperiodistico.com\/wp-content\/uploads\/2024\/07\/img-20240709-wa00592607659682968683904.jpg 1486w\" sizes=\"(max-width: 951px) 100vw, 951px\" \/><\/figure>\n\n\n\n<p><em>Oaxaca de Ju\u00e1rez, Oaxaca, a 9 de julio de 2024<\/em>.- El Ayuntamiento de Oaxaca de Ju\u00e1rez a trav\u00e9s de la Secretar\u00eda de Arte y Cultura llev\u00f3 a cabo la presentaci\u00f3n oficial de la exposici\u00f3n \u201cProcesi\u00f3n: Tiempo de Gigantes\u201d, conjunto escult\u00f3rico que se exhibe por primera vez en territorio capitalino.<\/p>\n\n\n\n<p>La muestra monumental a cargo del artista pl\u00e1stico oaxaque\u00f1o, Alberto Arag\u00f3n Reyes, se compone de esculturas ubicadas a un costado de la Catedral Metropolitana, en la Alameda de Le\u00f3n, y se mantendr\u00e1 hasta el 1 de diciembre de este a\u00f1o.<\/p>\n\n\n\n<p>El pr\u00f3ximo 12 de julio a las 21:00 horas, la dependencia municipal llevar\u00e1 a cabo una activaci\u00f3n m\u00fasico \u2013 danc\u00edstica alrededor de las esculturas, en la que se contar\u00e1 con la participaci\u00f3n de la Orquesta Sinf\u00f3nica de Oaxaca y la Compa\u00f1\u00eda Estatal de Danza Contempor\u00e1nea de Oaxaca.<\/p>\n\n\n\n<p>En ese sentido, la secretaria de Arte y Cultura del Ayuntamiento capitalino, Leticia Valle Mijangos invit\u00f3 a locales, as\u00ed como a visitantes nacionales y extranjeros a presenciar la exposici\u00f3n en la que se exhiben: \u201cLa revelaci\u00f3n\u201d, \u201cHombre y Mujer\u201d, \u201cT\u00f3tem\u201d, \u201cCivilizaci\u00f3n\u201d y \u201cPescador\u201d.<\/p>\n\n\n\n<p>Las esculturas exhibidas en \u201cProcesi\u00f3n: Tiempo de Gigantes\u201d, se muestran como una alegor\u00eda que aborda cuestiones cruciales como la autoconsciencia, la relaci\u00f3n con la naturaleza, la importancia de la cultura y el viaje vital de la humanidad desde sus inicios hasta el futuro.<\/p>\n\n\n\n<p>\u201cSe han requerido de esfuerzos log\u00edsticos grandes y agradezco a quienes han colaborado para hacer realidad esta exposici\u00f3n organizada para el disfrute de todas y todos\u201d, indic\u00f3 Leticia Valle acompa\u00f1ada de las concejales Deyanira Altamirano G\u00f3mez y Adriana Morales S\u00e1nchez.<\/p>\n\n\n\n<p>En ese sentido subray\u00f3 que actualmente se cuentan con estudios de c\u00e1lculo estructural de las obras y el acompa\u00f1amiento de personal de Protecci\u00f3n Civil Municipal, a fin de monitorear la correcta instalaci\u00f3n de las figuras y mitigar riesgos a la poblaci\u00f3n.<\/p>\n\n\n\n<p>En la conferencia se cont\u00f3 con la asistencia de Alejandra Serret Bravo, directora de la Compa\u00f1\u00eda Estatal de Danza Contempor\u00e1nea de Oaxaca y Pere Soto, director art\u00edstico, adem\u00e1s de Ana Itzel y Jos\u00e9 \u00c1ngel Hern\u00e1ndez, colaboradores del taller del maestro Alberto Arag\u00f3n Reyes.<\/p>\n\n\n\n<p>El maestro Arag\u00f3n Reyes naci\u00f3 en la ciudad de Oaxaca en 1980. Durante su juventud ingres\u00f3 a la Escuela de Bellas Artes de la ciudad, pero eligi\u00f3 conocer los elementos que conforman las artes pl\u00e1sticas por cuenta propia. Para ello, acudi\u00f3 con los maestros canteros de Etla donde obtuvo conocimientos referentes a la escultura. De igual manera, se ejercit\u00f3 en el dibujo art\u00edstico y en las teor\u00edas del color.<\/p>\n","protected":false},"excerpt":{"rendered":"<p>Oaxaca de Ju\u00e1rez, Oaxaca, a 9 de julio de 2024.- El Ayuntamiento de Oaxaca de&#8230;<\/p>\n","protected":false},"author":4,"featured_media":28711,"comment_status":"","ping_status":"open","sticky":false,"template":"","format":"standard","meta":{"footnotes":""},"categories":[9],"tags":[],"jetpack_sharing_enabled":true,"featured_image_urls":{"full":["https:\/\/contextoanalisisperiodistico.com\/wp-content\/uploads\/2024\/07\/IMG-20240709-WA0056.jpg",1280,960,false],"thumbnail":["https:\/\/contextoanalisisperiodistico.com\/wp-content\/uploads\/2024\/07\/IMG-20240709-WA0056-150x150.jpg",150,150,true],"medium":["https:\/\/contextoanalisisperiodistico.com\/wp-content\/uploads\/2024\/07\/IMG-20240709-WA0056-300x225.jpg",300,225,true],"medium_large":["https:\/\/contextoanalisisperiodistico.com\/wp-content\/uploads\/2024\/07\/IMG-20240709-WA0056-768x576.jpg",640,480,true],"large":["https:\/\/contextoanalisisperiodistico.com\/wp-content\/uploads\/2024\/07\/IMG-20240709-WA0056-1024x768.jpg",640,480,true],"1536x1536":["https:\/\/contextoanalisisperiodistico.com\/wp-content\/uploads\/2024\/07\/IMG-20240709-WA0056.jpg",1280,960,false],"2048x2048":["https:\/\/contextoanalisisperiodistico.com\/wp-content\/uploads\/2024\/07\/IMG-20240709-WA0056.jpg",1280,960,false],"covernews-slider-full":["https:\/\/contextoanalisisperiodistico.com\/wp-content\/uploads\/2024\/07\/IMG-20240709-WA0056-1115x715.jpg",1115,715,true],"covernews-slider-center":["https:\/\/contextoanalisisperiodistico.com\/wp-content\/uploads\/2024\/07\/IMG-20240709-WA0056-800x500.jpg",800,500,true],"covernews-featured":["https:\/\/contextoanalisisperiodistico.com\/wp-content\/uploads\/2024\/07\/IMG-20240709-WA0056-1024x768.jpg",1024,768,true],"covernews-medium":["https:\/\/contextoanalisisperiodistico.com\/wp-content\/uploads\/2024\/07\/IMG-20240709-WA0056-540x340.jpg",540,340,true],"covernews-medium-square":["https:\/\/contextoanalisisperiodistico.com\/wp-content\/uploads\/2024\/07\/IMG-20240709-WA0056-400x250.jpg",400,250,true]},"author_info":{"display_name":"Mario Gir\u00f3n","author_link":"https:\/\/contextoanalisisperiodistico.com\/index.php\/author\/director\/"},"category_info":"<a href=\"https:\/\/contextoanalisisperiodistico.com\/index.php\/category\/politica\/\" rel=\"category tag\">Pol\u00edtica<\/a>","tag_info":"Pol\u00edtica","comment_count":"0","jetpack_featured_media_url":"https:\/\/contextoanalisisperiodistico.com\/wp-content\/uploads\/2024\/07\/IMG-20240709-WA0056.jpg","_links":{"self":[{"href":"https:\/\/contextoanalisisperiodistico.com\/index.php\/wp-json\/wp\/v2\/posts\/28715"}],"collection":[{"href":"https:\/\/contextoanalisisperiodistico.com\/index.php\/wp-json\/wp\/v2\/posts"}],"about":[{"href":"https:\/\/contextoanalisisperiodistico.com\/index.php\/wp-json\/wp\/v2\/types\/post"}],"author":[{"embeddable":true,"href":"https:\/\/contextoanalisisperiodistico.com\/index.php\/wp-json\/wp\/v2\/users\/4"}],"replies":[{"embeddable":true,"href":"https:\/\/contextoanalisisperiodistico.com\/index.php\/wp-json\/wp\/v2\/comments?post=28715"}],"version-history":[{"count":0,"href":"https:\/\/contextoanalisisperiodistico.com\/index.php\/wp-json\/wp\/v2\/posts\/28715\/revisions"}],"wp:featuredmedia":[{"embeddable":true,"href":"https:\/\/contextoanalisisperiodistico.com\/index.php\/wp-json\/wp\/v2\/media\/28711"}],"wp:attachment":[{"href":"https:\/\/contextoanalisisperiodistico.com\/index.php\/wp-json\/wp\/v2\/media?parent=28715"}],"wp:term":[{"taxonomy":"category","embeddable":true,"href":"https:\/\/contextoanalisisperiodistico.com\/index.php\/wp-json\/wp\/v2\/categories?post=28715"},{"taxonomy":"post_tag","embeddable":true,"href":"https:\/\/contextoanalisisperiodistico.com\/index.php\/wp-json\/wp\/v2\/tags?post=28715"}],"curies":[{"name":"wp","href":"https:\/\/api.w.org\/{rel}","templated":true}]}}