{"id":28710,"date":"2024-07-09T18:50:31","date_gmt":"2024-07-10T00:50:31","guid":{"rendered":"https:\/\/contextoanalisisperiodistico.com\/index.php\/2024\/07\/09\/combatientes-forestales-invaluable-servicio-que-reconoce-el-gobierno-y-pueblo-de-oaxaca\/"},"modified":"2024-07-09T18:50:31","modified_gmt":"2024-07-10T00:50:31","slug":"combatientes-forestales-invaluable-servicio-que-reconoce-el-gobierno-y-pueblo-de-oaxaca","status":"publish","type":"post","link":"https:\/\/contextoanalisisperiodistico.com\/index.php\/2024\/07\/09\/combatientes-forestales-invaluable-servicio-que-reconoce-el-gobierno-y-pueblo-de-oaxaca\/","title":{"rendered":"Combatientes forestales, invaluable servicio que reconoce el Gobierno y pueblo de Oaxaca"},"content":{"rendered":"<div id=\"fb-root\"><\/div>\n\n<p>\u2022 El Gobernador Salom\u00f3n Jara Cruz destac\u00f3 el esfuerzo de mujeres y hombres que trabajan para proteger el patrimonio natural del pueblo oaxaque\u00f1o<\/p>\n\n\n\n<figure class=\"wp-block-image size-large\"><img fetchpriority=\"high\" decoding=\"async\" width=\"800\" height=\"533\" src=\"https:\/\/contextoanalisisperiodistico.com\/wp-content\/uploads\/2024\/07\/img-20240709-wa00516585689230457352914.jpg\" alt=\"\" class=\"wp-image-28706\" srcset=\"https:\/\/contextoanalisisperiodistico.com\/wp-content\/uploads\/2024\/07\/img-20240709-wa00516585689230457352914.jpg 800w, https:\/\/contextoanalisisperiodistico.com\/wp-content\/uploads\/2024\/07\/img-20240709-wa00516585689230457352914-300x200.jpg 300w, https:\/\/contextoanalisisperiodistico.com\/wp-content\/uploads\/2024\/07\/img-20240709-wa00516585689230457352914-768x512.jpg 768w\" sizes=\"(max-width: 800px) 100vw, 800px\" \/><\/figure>\n\n\n\n<figure class=\"wp-block-image\"><img decoding=\"async\" width=\"300\" height=\"200\" src=\"https:\/\/contextoanalisisperiodistico.com\/wp-content\/uploads\/2024\/07\/img-20240709-wa00541922530957681129933-300x200.jpg\" alt=\"\" class=\"wp-image-28707\" srcset=\"https:\/\/contextoanalisisperiodistico.com\/wp-content\/uploads\/2024\/07\/img-20240709-wa00541922530957681129933-300x200.jpg 300w, https:\/\/contextoanalisisperiodistico.com\/wp-content\/uploads\/2024\/07\/img-20240709-wa00541922530957681129933-768x512.jpg 768w, https:\/\/contextoanalisisperiodistico.com\/wp-content\/uploads\/2024\/07\/img-20240709-wa00541922530957681129933.jpg 800w\" sizes=\"(max-width: 300px) 100vw, 300px\" \/><\/figure>\n\n\n\n<figure class=\"wp-block-image\"><img decoding=\"async\" width=\"300\" height=\"200\" src=\"https:\/\/contextoanalisisperiodistico.com\/wp-content\/uploads\/2024\/07\/img-20240709-wa00521473848932764818016-300x200.jpg\" alt=\"\" class=\"wp-image-28708\" srcset=\"https:\/\/contextoanalisisperiodistico.com\/wp-content\/uploads\/2024\/07\/img-20240709-wa00521473848932764818016-300x200.jpg 300w, https:\/\/contextoanalisisperiodistico.com\/wp-content\/uploads\/2024\/07\/img-20240709-wa00521473848932764818016-768x512.jpg 768w, https:\/\/contextoanalisisperiodistico.com\/wp-content\/uploads\/2024\/07\/img-20240709-wa00521473848932764818016.jpg 800w\" sizes=\"(max-width: 300px) 100vw, 300px\" \/><\/figure>\n\n\n\n<figure class=\"wp-block-image\"><img loading=\"lazy\" decoding=\"async\" width=\"300\" height=\"200\" src=\"https:\/\/contextoanalisisperiodistico.com\/wp-content\/uploads\/2024\/07\/img-20240709-wa00508482677188135012064-300x200.jpg\" alt=\"\" class=\"wp-image-28709\" srcset=\"https:\/\/contextoanalisisperiodistico.com\/wp-content\/uploads\/2024\/07\/img-20240709-wa00508482677188135012064-300x200.jpg 300w, https:\/\/contextoanalisisperiodistico.com\/wp-content\/uploads\/2024\/07\/img-20240709-wa00508482677188135012064-768x512.jpg 768w, https:\/\/contextoanalisisperiodistico.com\/wp-content\/uploads\/2024\/07\/img-20240709-wa00508482677188135012064.jpg 800w\" sizes=\"(max-width: 300px) 100vw, 300px\" \/><\/figure>\n\n\n\n<p>Oaxaca de Ju\u00e1rez, Oax. 9 de julio de 2024.- En el marco de la celebraci\u00f3n del D\u00eda Nacional del Combatiente Forestal, el Gobernador Salom\u00f3n Jara Cruz reconoci\u00f3 el esfuerzo de mujeres y hombres cuyo esp\u00edritu de servicio, solidaridad y profesionalismo marca la pauta en una de las labores m\u00e1s riesgosas que existen para proteger el patrimonio natural del pueblo oaxaque\u00f1o.<\/p>\n\n\n\n<p>En homenaje a estos elementos, al que asisti\u00f3 el coordinador general de Desarrollo Institucional y Proyectos Especiales de la Comisi\u00f3n Nacional Forestal (Conafor), Ernesto Ladr\u00f3n de Guevara, el Mandatario Estatal destac\u00f3 que esta noble labor es ejemplar y que el pueblo de Oaxaca tiene en alta estima el meritorio trabajo realizado este a\u00f1o en la temporada de incendios, en donde se consumieron m\u00e1s de 100 mil hect\u00e1reas.<\/p>\n\n\n\n<p>\u201cTodo Oaxaca se une para decir gracias por el invaluable servicio que prestaron a nuestro pueblo. Gracias al ejemplo de todas y todos\u201d, se\u00f1al\u00f3 luego de entregar reconocimientos a brigadistas oaxaque\u00f1os.<\/p>\n\n\n\n<p>En Palacio de Gobierno, en el que asistieron representantes de las Fuerzas Armadas, autoridades municipales, funcionariado estatal, personal combatiente, comuneros y voluntarios, Jara Cruz destac\u00f3 que como respaldo que brinda la Primavera Oaxaque\u00f1a a partir del mes de abril, se dot\u00f3 de un seguro de vida para las y los combatientes de incendios pertenecientes a la Comisi\u00f3n Estatal Forestal (Coesfo)<\/p>\n\n\n\n<p>Dijo que Oaxaca est\u00e1 a la vanguardia en la cultura de protecci\u00f3n civil y en la gesti\u00f3n integral de riesgos, prueba de ello es la instalaci\u00f3n de los subcomit\u00e9s regionales de Prevenci\u00f3n y Combate de Incendios Forestales, as\u00ed como la instalaci\u00f3n de los Consejos Municipales de Protecci\u00f3n Civil.<\/p>\n\n\n\n<p>En su oportunidad Ernesto Ladr\u00f3n de Guevara reconoci\u00f3 la labor que realiza el Gobernador Salom\u00f3n Jara para la protecci\u00f3n del medio ambiente y de los logros alcanzados a trav\u00e9s del programa Reforesta Oaxaca, as\u00ed como a las 17 mil personas de 250 comunidades que apoyaron a combatir 266 incendios forestales durante 2024.<\/p>\n\n\n\n<p>En su oportunidad, la titular de la Comisi\u00f3n Estatal Forestal Magdalena Mar\u00eda Coello Castillo, destac\u00f3 que la condici\u00f3n clim\u00e1tica de sequ\u00eda de este a\u00f1o, hizo que esta temporada afectara m\u00e1s de 113 mil hect\u00e1reas por los incendios que en su mayor\u00eda fueron causados por la mano del hombre. \u201cGracias por su esfuerzo, entrega y actitud de servicio de cada persona combatiente, que ser\u00e1n considerados h\u00e9roes sin capa\u201d.<\/p>\n\n\n\n<p>Se recordaron a Felipe Garc\u00eda L\u00f3pez, Pedro Curiel, Celso Diego, Rafael Antonio Morales, Jos\u00e9 Hern\u00e1ndez L\u00f3pez, Hassam Miguel R\u00edos, quienes fallecieron en la pasada temporada de incendios en el cumplimiento de su deber.<\/p>\n\n\n\n<p>-0-<\/p>\n","protected":false},"excerpt":{"rendered":"<p>\u2022 El Gobernador Salom\u00f3n Jara Cruz destac\u00f3 el esfuerzo de mujeres y hombres que trabajan&#8230;<\/p>\n","protected":false},"author":4,"featured_media":28705,"comment_status":"","ping_status":"open","sticky":false,"template":"","format":"standard","meta":{"footnotes":""},"categories":[9],"tags":[],"jetpack_sharing_enabled":true,"featured_image_urls":{"full":["https:\/\/contextoanalisisperiodistico.com\/wp-content\/uploads\/2024\/07\/IMG-20240709-WA0047.jpg",800,533,false],"thumbnail":["https:\/\/contextoanalisisperiodistico.com\/wp-content\/uploads\/2024\/07\/IMG-20240709-WA0047-150x150.jpg",150,150,true],"medium":["https:\/\/contextoanalisisperiodistico.com\/wp-content\/uploads\/2024\/07\/IMG-20240709-WA0047-300x200.jpg",300,200,true],"medium_large":["https:\/\/contextoanalisisperiodistico.com\/wp-content\/uploads\/2024\/07\/IMG-20240709-WA0047-768x512.jpg",640,427,true],"large":["https:\/\/contextoanalisisperiodistico.com\/wp-content\/uploads\/2024\/07\/IMG-20240709-WA0047.jpg",640,426,false],"1536x1536":["https:\/\/contextoanalisisperiodistico.com\/wp-content\/uploads\/2024\/07\/IMG-20240709-WA0047.jpg",800,533,false],"2048x2048":["https:\/\/contextoanalisisperiodistico.com\/wp-content\/uploads\/2024\/07\/IMG-20240709-WA0047.jpg",800,533,false],"covernews-slider-full":["https:\/\/contextoanalisisperiodistico.com\/wp-content\/uploads\/2024\/07\/IMG-20240709-WA0047.jpg",800,533,false],"covernews-slider-center":["https:\/\/contextoanalisisperiodistico.com\/wp-content\/uploads\/2024\/07\/IMG-20240709-WA0047-800x500.jpg",800,500,true],"covernews-featured":["https:\/\/contextoanalisisperiodistico.com\/wp-content\/uploads\/2024\/07\/IMG-20240709-WA0047.jpg",800,533,false],"covernews-medium":["https:\/\/contextoanalisisperiodistico.com\/wp-content\/uploads\/2024\/07\/IMG-20240709-WA0047-540x340.jpg",540,340,true],"covernews-medium-square":["https:\/\/contextoanalisisperiodistico.com\/wp-content\/uploads\/2024\/07\/IMG-20240709-WA0047-400x250.jpg",400,250,true]},"author_info":{"display_name":"Mario Gir\u00f3n","author_link":"https:\/\/contextoanalisisperiodistico.com\/index.php\/author\/director\/"},"category_info":"<a href=\"https:\/\/contextoanalisisperiodistico.com\/index.php\/category\/politica\/\" rel=\"category tag\">Pol\u00edtica<\/a>","tag_info":"Pol\u00edtica","comment_count":"0","jetpack_featured_media_url":"https:\/\/contextoanalisisperiodistico.com\/wp-content\/uploads\/2024\/07\/IMG-20240709-WA0047.jpg","_links":{"self":[{"href":"https:\/\/contextoanalisisperiodistico.com\/index.php\/wp-json\/wp\/v2\/posts\/28710"}],"collection":[{"href":"https:\/\/contextoanalisisperiodistico.com\/index.php\/wp-json\/wp\/v2\/posts"}],"about":[{"href":"https:\/\/contextoanalisisperiodistico.com\/index.php\/wp-json\/wp\/v2\/types\/post"}],"author":[{"embeddable":true,"href":"https:\/\/contextoanalisisperiodistico.com\/index.php\/wp-json\/wp\/v2\/users\/4"}],"replies":[{"embeddable":true,"href":"https:\/\/contextoanalisisperiodistico.com\/index.php\/wp-json\/wp\/v2\/comments?post=28710"}],"version-history":[{"count":0,"href":"https:\/\/contextoanalisisperiodistico.com\/index.php\/wp-json\/wp\/v2\/posts\/28710\/revisions"}],"wp:featuredmedia":[{"embeddable":true,"href":"https:\/\/contextoanalisisperiodistico.com\/index.php\/wp-json\/wp\/v2\/media\/28705"}],"wp:attachment":[{"href":"https:\/\/contextoanalisisperiodistico.com\/index.php\/wp-json\/wp\/v2\/media?parent=28710"}],"wp:term":[{"taxonomy":"category","embeddable":true,"href":"https:\/\/contextoanalisisperiodistico.com\/index.php\/wp-json\/wp\/v2\/categories?post=28710"},{"taxonomy":"post_tag","embeddable":true,"href":"https:\/\/contextoanalisisperiodistico.com\/index.php\/wp-json\/wp\/v2\/tags?post=28710"}],"curies":[{"name":"wp","href":"https:\/\/api.w.org\/{rel}","templated":true}]}}