{"id":28699,"date":"2024-07-09T18:43:06","date_gmt":"2024-07-10T00:43:06","guid":{"rendered":"https:\/\/contextoanalisisperiodistico.com\/index.php\/2024\/07\/09\/fortalece-oaxaca-justicia-civica-nacional\/"},"modified":"2024-07-09T18:43:06","modified_gmt":"2024-07-10T00:43:06","slug":"fortalece-oaxaca-justicia-civica-nacional","status":"publish","type":"post","link":"https:\/\/contextoanalisisperiodistico.com\/index.php\/2024\/07\/09\/fortalece-oaxaca-justicia-civica-nacional\/","title":{"rendered":"Fortalece Oaxaca justicia c\u00edvica nacional"},"content":{"rendered":"<div id=\"fb-root\"><\/div>\n\n<p>\u2022 El Mandatario estatal firm\u00f3 como testigo de honor el convenio para el uso del Licenciamiento del Sistema Integral de Justicia C\u00edvica<\/p>\n\n\n\n<figure class=\"wp-block-image size-large\"><img fetchpriority=\"high\" decoding=\"async\" width=\"300\" height=\"200\" src=\"https:\/\/contextoanalisisperiodistico.com\/wp-content\/uploads\/2024\/07\/img-20240709-wa00628123023324987747294-300x200.jpg\" alt=\"\" class=\"wp-image-28698\" srcset=\"https:\/\/contextoanalisisperiodistico.com\/wp-content\/uploads\/2024\/07\/img-20240709-wa00628123023324987747294-300x200.jpg 300w, https:\/\/contextoanalisisperiodistico.com\/wp-content\/uploads\/2024\/07\/img-20240709-wa00628123023324987747294-768x512.jpg 768w, https:\/\/contextoanalisisperiodistico.com\/wp-content\/uploads\/2024\/07\/img-20240709-wa00628123023324987747294.jpg 900w\" sizes=\"(max-width: 300px) 100vw, 300px\" \/><\/figure>\n\n\n\n<figure class=\"wp-block-image\"><img decoding=\"async\" width=\"300\" height=\"196\" src=\"https:\/\/contextoanalisisperiodistico.com\/wp-content\/uploads\/2024\/07\/img-20240709-wa00647928431787567683455-300x196.jpg\" alt=\"\" class=\"wp-image-28695\" srcset=\"https:\/\/contextoanalisisperiodistico.com\/wp-content\/uploads\/2024\/07\/img-20240709-wa00647928431787567683455-300x196.jpg 300w, https:\/\/contextoanalisisperiodistico.com\/wp-content\/uploads\/2024\/07\/img-20240709-wa00647928431787567683455-768x503.jpg 768w, https:\/\/contextoanalisisperiodistico.com\/wp-content\/uploads\/2024\/07\/img-20240709-wa00647928431787567683455.jpg 900w\" sizes=\"(max-width: 300px) 100vw, 300px\" \/><\/figure>\n\n\n\n<figure class=\"wp-block-image\"><img decoding=\"async\" width=\"300\" height=\"200\" src=\"https:\/\/contextoanalisisperiodistico.com\/wp-content\/uploads\/2024\/07\/img-20240709-wa00624303428317181559151-300x200.jpg\" alt=\"\" class=\"wp-image-28694\" srcset=\"https:\/\/contextoanalisisperiodistico.com\/wp-content\/uploads\/2024\/07\/img-20240709-wa00624303428317181559151-300x200.jpg 300w, https:\/\/contextoanalisisperiodistico.com\/wp-content\/uploads\/2024\/07\/img-20240709-wa00624303428317181559151-768x512.jpg 768w, https:\/\/contextoanalisisperiodistico.com\/wp-content\/uploads\/2024\/07\/img-20240709-wa00624303428317181559151.jpg 900w\" sizes=\"(max-width: 300px) 100vw, 300px\" \/><\/figure>\n\n\n\n<figure class=\"wp-block-image\"><img loading=\"lazy\" decoding=\"async\" width=\"300\" height=\"200\" src=\"https:\/\/contextoanalisisperiodistico.com\/wp-content\/uploads\/2024\/07\/img-20240709-wa00633552881655592620898-300x200.jpg\" alt=\"\" class=\"wp-image-28697\" srcset=\"https:\/\/contextoanalisisperiodistico.com\/wp-content\/uploads\/2024\/07\/img-20240709-wa00633552881655592620898-300x200.jpg 300w, https:\/\/contextoanalisisperiodistico.com\/wp-content\/uploads\/2024\/07\/img-20240709-wa00633552881655592620898-768x512.jpg 768w, https:\/\/contextoanalisisperiodistico.com\/wp-content\/uploads\/2024\/07\/img-20240709-wa00633552881655592620898.jpg 900w\" sizes=\"(max-width: 300px) 100vw, 300px\" \/><\/figure>\n\n\n\n<p>\u2022 Oaxaca se posiciona como punta de lanza en la implementaci\u00f3n de este sistema encaminado a prevenir y disminuir la incidencia delictiva<\/p>\n\n\n\n<p>Oaxaca de Ju\u00e1rez, Oax. 9 de julio de 2024.- El Gobernador del Estado Salom\u00f3n Jara Cruz firm\u00f3 como testigo de honor el convenio de colaboraci\u00f3n para el uso del Licenciamiento del Sistema Integral de Justicia C\u00edvica, estrategia de amplio alcance que tiene la misi\u00f3n de prevenir y disminuir la incidencia delictiva.<\/p>\n\n\n\n<p>Este modelo de vanguardia implementado por el Gobierno de Oaxaca a trav\u00e9s del Secretariado Ejecutivo del Sistema Estatal de Seguridad P\u00fablica (SESESP), mejorar\u00e1 las capacidades de las polic\u00edas municipales y estatales, as\u00ed como su coordinaci\u00f3n efectiva con la Guardia Nacional y las Fiscal\u00edas.<\/p>\n\n\n\n<p>El acuerdo signado por la titular del SESESP Karina Bar\u00f3n Ortiz y el secretario adjunto del Secretariado Ejecutivo del Sistema Nacional de Seguridad P\u00fablica (SESNSP) Fernando Bedel Tiscare\u00f1o Luj\u00e1n, tiene por objeto la entrega gratuita y a perpetuidad del licenciamiento de software por parte de Oaxaca, as\u00ed como la implementaci\u00f3n del Modelo Nacional de Polic\u00eda y Justicia C\u00edvica.<\/p>\n\n\n\n<p>Durante la actividad, el Mandatario estatal se\u00f1al\u00f3 que este hecho marca un precedente en las pol\u00edticas p\u00fablicas de la materia y da seguimiento a las acciones firmes y responsables con las que se refrenda el sitio que la entidad ocupa como una de las m\u00e1s seguras del pa\u00eds.<\/p>\n\n\n\n<p>\u201cNuestro objetivo irrenunciable es salvaguardar la vida, integridad, bienes y derechos de las personas, as\u00ed como preservar el orden p\u00fablico en nuestro Nuevo Pacto Social de Paz con Justicia trabajando de la mano con los actores responsables\u201d, asever\u00f3.<\/p>\n\n\n\n<p>En tanto, Tiscare\u00f1o Luj\u00e1n puntualiz\u00f3 que con este proyecto Oaxaca se posiciona como punta de lanza en adquirir el Licenciamiento que ofrece herramientas \u00fatiles y capaces de afrontar las diversas tareas de implementaci\u00f3n, operaci\u00f3n y seguimiento del Modelo Nacional de Polic\u00eda y Justicia C\u00edvica.<\/p>\n\n\n\n<p>Al respecto, Karina Bar\u00f3n Ortiz agradeci\u00f3 la confianza que el SESNSP brind\u00f3 a la entidad con la aprobaci\u00f3n de este proyecto mediante el cual se socializar\u00e1 con los estados involucrados, lo que simboliza un avance contundente hacia la puesta en marcha del Modelo Nacional, mismo que favorece a la resoluci\u00f3n de conflictos a trav\u00e9s del di\u00e1logo y la cultura de paz.<\/p>\n\n\n\n<p>Cabe destacar que, Oaxaca cumpli\u00f3 con los requisitos para acceder a la Bolsa de los Recursos Concursables del Fondo para el Fortalecimiento de las Instituciones de Seguridad P\u00fablica (Fofisp), por un monto de 32 millones de pesos, mismos que compartir\u00e1 con 15 entidades del pa\u00eds.<\/p>\n\n\n\n<p>Algunos beneficios del Licenciamiento del Sistema Integral de Justicia C\u00edvica son: contar con una fuente de informaci\u00f3n con criterios homologados en los estados; proveer a las entidades de documentos valiosos para la toma de decisiones y establecer estrategias para generar contenido relevante sobre la implementaci\u00f3n y operaci\u00f3n de la estrategia nacional.<\/p>\n\n\n\n<p>Las entidades que participan son Baja California, Colima, Morelos, Nayarit, Tlaxcala, Sonora, Guerrero, Coahuila, Aguascalientes, Campeche, Zacatecas, Sinaloa, Quintana Roo, Estado de M\u00e9xico y Oaxaca.<\/p>\n\n\n\n<p>-0-<\/p>\n","protected":false},"excerpt":{"rendered":"<p>\u2022 El Mandatario estatal firm\u00f3 como testigo de honor el convenio para el uso del&#8230;<\/p>\n","protected":false},"author":4,"featured_media":28693,"comment_status":"","ping_status":"open","sticky":false,"template":"","format":"standard","meta":{"footnotes":""},"categories":[9],"tags":[],"jetpack_sharing_enabled":true,"featured_image_urls":{"full":["https:\/\/contextoanalisisperiodistico.com\/wp-content\/uploads\/2024\/07\/IMG-20240709-WA0060.jpg",900,600,false],"thumbnail":["https:\/\/contextoanalisisperiodistico.com\/wp-content\/uploads\/2024\/07\/IMG-20240709-WA0060-150x150.jpg",150,150,true],"medium":["https:\/\/contextoanalisisperiodistico.com\/wp-content\/uploads\/2024\/07\/IMG-20240709-WA0060-300x200.jpg",300,200,true],"medium_large":["https:\/\/contextoanalisisperiodistico.com\/wp-content\/uploads\/2024\/07\/IMG-20240709-WA0060-768x512.jpg",640,427,true],"large":["https:\/\/contextoanalisisperiodistico.com\/wp-content\/uploads\/2024\/07\/IMG-20240709-WA0060.jpg",640,427,false],"1536x1536":["https:\/\/contextoanalisisperiodistico.com\/wp-content\/uploads\/2024\/07\/IMG-20240709-WA0060.jpg",900,600,false],"2048x2048":["https:\/\/contextoanalisisperiodistico.com\/wp-content\/uploads\/2024\/07\/IMG-20240709-WA0060.jpg",900,600,false],"covernews-slider-full":["https:\/\/contextoanalisisperiodistico.com\/wp-content\/uploads\/2024\/07\/IMG-20240709-WA0060.jpg",900,600,false],"covernews-slider-center":["https:\/\/contextoanalisisperiodistico.com\/wp-content\/uploads\/2024\/07\/IMG-20240709-WA0060-800x500.jpg",800,500,true],"covernews-featured":["https:\/\/contextoanalisisperiodistico.com\/wp-content\/uploads\/2024\/07\/IMG-20240709-WA0060.jpg",900,600,false],"covernews-medium":["https:\/\/contextoanalisisperiodistico.com\/wp-content\/uploads\/2024\/07\/IMG-20240709-WA0060-540x340.jpg",540,340,true],"covernews-medium-square":["https:\/\/contextoanalisisperiodistico.com\/wp-content\/uploads\/2024\/07\/IMG-20240709-WA0060-400x250.jpg",400,250,true]},"author_info":{"display_name":"Mario Gir\u00f3n","author_link":"https:\/\/contextoanalisisperiodistico.com\/index.php\/author\/director\/"},"category_info":"<a href=\"https:\/\/contextoanalisisperiodistico.com\/index.php\/category\/politica\/\" rel=\"category tag\">Pol\u00edtica<\/a>","tag_info":"Pol\u00edtica","comment_count":"0","jetpack_featured_media_url":"https:\/\/contextoanalisisperiodistico.com\/wp-content\/uploads\/2024\/07\/IMG-20240709-WA0060.jpg","_links":{"self":[{"href":"https:\/\/contextoanalisisperiodistico.com\/index.php\/wp-json\/wp\/v2\/posts\/28699"}],"collection":[{"href":"https:\/\/contextoanalisisperiodistico.com\/index.php\/wp-json\/wp\/v2\/posts"}],"about":[{"href":"https:\/\/contextoanalisisperiodistico.com\/index.php\/wp-json\/wp\/v2\/types\/post"}],"author":[{"embeddable":true,"href":"https:\/\/contextoanalisisperiodistico.com\/index.php\/wp-json\/wp\/v2\/users\/4"}],"replies":[{"embeddable":true,"href":"https:\/\/contextoanalisisperiodistico.com\/index.php\/wp-json\/wp\/v2\/comments?post=28699"}],"version-history":[{"count":0,"href":"https:\/\/contextoanalisisperiodistico.com\/index.php\/wp-json\/wp\/v2\/posts\/28699\/revisions"}],"wp:featuredmedia":[{"embeddable":true,"href":"https:\/\/contextoanalisisperiodistico.com\/index.php\/wp-json\/wp\/v2\/media\/28693"}],"wp:attachment":[{"href":"https:\/\/contextoanalisisperiodistico.com\/index.php\/wp-json\/wp\/v2\/media?parent=28699"}],"wp:term":[{"taxonomy":"category","embeddable":true,"href":"https:\/\/contextoanalisisperiodistico.com\/index.php\/wp-json\/wp\/v2\/categories?post=28699"},{"taxonomy":"post_tag","embeddable":true,"href":"https:\/\/contextoanalisisperiodistico.com\/index.php\/wp-json\/wp\/v2\/tags?post=28699"}],"curies":[{"name":"wp","href":"https:\/\/api.w.org\/{rel}","templated":true}]}}