{"id":28692,"date":"2024-07-09T18:38:58","date_gmt":"2024-07-10T00:38:58","guid":{"rendered":"https:\/\/contextoanalisisperiodistico.com\/index.php\/2024\/07\/09\/convocan-al-sector-salud-publico-y-privado-para-hacer-frente-al-dengue\/"},"modified":"2024-07-09T18:38:58","modified_gmt":"2024-07-10T00:38:58","slug":"convocan-al-sector-salud-publico-y-privado-para-hacer-frente-al-dengue","status":"publish","type":"post","link":"https:\/\/contextoanalisisperiodistico.com\/index.php\/2024\/07\/09\/convocan-al-sector-salud-publico-y-privado-para-hacer-frente-al-dengue\/","title":{"rendered":"Convocan al sector salud p\u00fablico y privado para hacer frente al dengue"},"content":{"rendered":"<div id=\"fb-root\"><\/div>\n\n<p>\u2022 Reforzar\u00e1n la capacitaci\u00f3n y participaci\u00f3n de instituciones privadas para la notificaci\u00f3n de casos de manera oportuna<\/p>\n\n\n\n<figure class=\"wp-block-image size-large\"><img fetchpriority=\"high\" decoding=\"async\" width=\"800\" height=\"450\" src=\"https:\/\/contextoanalisisperiodistico.com\/wp-content\/uploads\/2024\/07\/img-20240709-wa00912358940806008507086.jpg\" alt=\"\" class=\"wp-image-28688\" srcset=\"https:\/\/contextoanalisisperiodistico.com\/wp-content\/uploads\/2024\/07\/img-20240709-wa00912358940806008507086.jpg 800w, https:\/\/contextoanalisisperiodistico.com\/wp-content\/uploads\/2024\/07\/img-20240709-wa00912358940806008507086-300x169.jpg 300w, https:\/\/contextoanalisisperiodistico.com\/wp-content\/uploads\/2024\/07\/img-20240709-wa00912358940806008507086-768x432.jpg 768w\" sizes=\"(max-width: 800px) 100vw, 800px\" \/><\/figure>\n\n\n\n<figure class=\"wp-block-image\"><img decoding=\"async\" width=\"300\" height=\"169\" src=\"https:\/\/contextoanalisisperiodistico.com\/wp-content\/uploads\/2024\/07\/img-20240709-wa00891290735509871710150-300x169.jpg\" alt=\"\" class=\"wp-image-28687\" srcset=\"https:\/\/contextoanalisisperiodistico.com\/wp-content\/uploads\/2024\/07\/img-20240709-wa00891290735509871710150-300x169.jpg 300w, https:\/\/contextoanalisisperiodistico.com\/wp-content\/uploads\/2024\/07\/img-20240709-wa00891290735509871710150-768x432.jpg 768w, https:\/\/contextoanalisisperiodistico.com\/wp-content\/uploads\/2024\/07\/img-20240709-wa00891290735509871710150.jpg 800w\" sizes=\"(max-width: 300px) 100vw, 300px\" \/><\/figure>\n\n\n\n<figure class=\"wp-block-image\"><img decoding=\"async\" width=\"300\" height=\"169\" src=\"https:\/\/contextoanalisisperiodistico.com\/wp-content\/uploads\/2024\/07\/img-20240709-wa00928802746899744901685-300x169.jpg\" alt=\"\" class=\"wp-image-28690\" srcset=\"https:\/\/contextoanalisisperiodistico.com\/wp-content\/uploads\/2024\/07\/img-20240709-wa00928802746899744901685-300x169.jpg 300w, https:\/\/contextoanalisisperiodistico.com\/wp-content\/uploads\/2024\/07\/img-20240709-wa00928802746899744901685-768x432.jpg 768w, https:\/\/contextoanalisisperiodistico.com\/wp-content\/uploads\/2024\/07\/img-20240709-wa00928802746899744901685.jpg 800w\" sizes=\"(max-width: 300px) 100vw, 300px\" \/><\/figure>\n\n\n\n<figure class=\"wp-block-image\"><img loading=\"lazy\" decoding=\"async\" width=\"300\" height=\"169\" src=\"https:\/\/contextoanalisisperiodistico.com\/wp-content\/uploads\/2024\/07\/img-20240709-wa00909131255179875704568-300x169.jpg\" alt=\"\" class=\"wp-image-28689\" srcset=\"https:\/\/contextoanalisisperiodistico.com\/wp-content\/uploads\/2024\/07\/img-20240709-wa00909131255179875704568-300x169.jpg 300w, https:\/\/contextoanalisisperiodistico.com\/wp-content\/uploads\/2024\/07\/img-20240709-wa00909131255179875704568-768x432.jpg 768w, https:\/\/contextoanalisisperiodistico.com\/wp-content\/uploads\/2024\/07\/img-20240709-wa00909131255179875704568.jpg 800w\" sizes=\"(max-width: 300px) 100vw, 300px\" \/><\/figure>\n\n\n\n<figure class=\"wp-block-image\"><img loading=\"lazy\" decoding=\"async\" width=\"300\" height=\"169\" src=\"https:\/\/contextoanalisisperiodistico.com\/wp-content\/uploads\/2024\/07\/img-20240709-wa00934777113231487912284-300x169.jpg\" alt=\"\" class=\"wp-image-28686\" srcset=\"https:\/\/contextoanalisisperiodistico.com\/wp-content\/uploads\/2024\/07\/img-20240709-wa00934777113231487912284-300x169.jpg 300w, https:\/\/contextoanalisisperiodistico.com\/wp-content\/uploads\/2024\/07\/img-20240709-wa00934777113231487912284-768x432.jpg 768w, https:\/\/contextoanalisisperiodistico.com\/wp-content\/uploads\/2024\/07\/img-20240709-wa00934777113231487912284.jpg 800w\" sizes=\"(max-width: 300px) 100vw, 300px\" \/><\/figure>\n\n\n\n<figure class=\"wp-block-image\"><img loading=\"lazy\" decoding=\"async\" width=\"300\" height=\"169\" src=\"https:\/\/contextoanalisisperiodistico.com\/wp-content\/uploads\/2024\/07\/img-20240709-wa00958786367698757014572-300x169.jpg\" alt=\"\" class=\"wp-image-28691\" srcset=\"https:\/\/contextoanalisisperiodistico.com\/wp-content\/uploads\/2024\/07\/img-20240709-wa00958786367698757014572-300x169.jpg 300w, https:\/\/contextoanalisisperiodistico.com\/wp-content\/uploads\/2024\/07\/img-20240709-wa00958786367698757014572-768x432.jpg 768w, https:\/\/contextoanalisisperiodistico.com\/wp-content\/uploads\/2024\/07\/img-20240709-wa00958786367698757014572.jpg 800w\" sizes=\"(max-width: 300px) 100vw, 300px\" \/><\/figure>\n\n\n\n<p>Oaxaca de Ju\u00e1rez, Oax. 9 de julio de 2024.- Como parte de las acciones intensivas del Plan Emergente Oaxaca Unida Contra el Dengue, este martes se llev\u00f3 a cabo la primera reuni\u00f3n extraordinaria del Comit\u00e9 Estatal para la Seguridad en Salud (CESS), con la participaci\u00f3n de las instituciones del sector, esto para hacer un frente com\u00fan y sinergia contra el zancudo Aedes aegypti.<\/p>\n\n\n\n<p>Ante integrantes de los Servicios de Salud de Oaxaca (SSO), los institutos Mexicano del Seguro Social (IMSS), de Seguridad y Servicios Sociales de los Trabajadores del Estado (ISSSTE), Secretar\u00eda de la Defensa Nacional (Sedena), IMSS-Bienestar, Coordinaci\u00f3n Estatal de Protecci\u00f3n Civil y Gesti\u00f3n de Riesgos (CEPCyGR) y el Instituto Estatal de Educaci\u00f3n P\u00fablica de Oaxaca (IEEPO), coincidieron en reforzar la capacitaci\u00f3n y participaci\u00f3n de m\u00e9dicos de instituciones privadas para que notifiquen de inmediato los casos del virus del dengue e informen a pacientes sobre los signos de alarma y la adecuada log\u00edstica para la atenci\u00f3n de emergencias.<\/p>\n\n\n\n<p>Durante el encuentro en las instalaciones de la Facultad de Medicina Veterinaria y Zootecnia de la Universidad Aut\u00f3noma Benito Ju\u00e1rez de Oaxaca (UABJO), se presentaron los temas: Panorama epidemiol\u00f3gico de dengue, Comando de gesti\u00f3n de incidentes en salud p\u00fablica de dengue, y el seguimiento del Plan Estatal de Respuesta por Temporada de Lluvias y Huracanes 2024.<\/p>\n\n\n\n<p>Tambi\u00e9n, se dio a conocer que el 80 por ciento de los casos de dengue en las seis Jurisdicciones Sanitarias corresponden al serotipo DENV-3, y el 47 por ciento de las casas visitadas presentan larvas.<\/p>\n\n\n\n<p>Ante este panorama, las y los expertos en el tema manifestaron la necesidad de la colaboraci\u00f3n de las familias oaxaque\u00f1as en la limpieza y eliminaci\u00f3n de criaderos del vector, ubicados en los dep\u00f3sitos de agua limpia, principalmente en cisternas y tinacos.<\/p>\n\n\n\n<p>Aunado a ello, se hizo un llamado a la participaci\u00f3n activa de las autoridades municipales para que intervengan en los espacios p\u00fablicos como panteones, terrenos bald\u00edos, establecimientos como plantas purificadoras, as\u00ed como aplicar la estrategia de lava, tapa, voltea y tira en cada barrio, colonia y localidad de la entidad.<\/p>\n\n\n\n<p>El control larvario es vital para lograr reducir el n\u00famero de casos, ya que las acciones de nebulizaciones no tendr\u00e1n el impacto \u00f3ptimo si existen criaderos en los hogares.<\/p>\n\n\n\n<p>Anunciaron que a partir de este mi\u00e9rcoles 10 de julio inicia la segunda etapa de nebulizaciones que comprende el Plan Emergente para la zona conurbada de la ciudad de Oaxaca, por lo que exhortan a la poblaci\u00f3n abrir puertas, ventanas y portones cuando pasen las camionetas de los SSO.<\/p>\n\n\n\n<p>Finalmente, durante el seguimiento del Plan Estatal de Respuesta por Temporada de Lluvias y Huracanes 2024, se estableci\u00f3 la estrategia Hospital Seguro, que plantea acciones interinstitucionales en caso de alguna contingencia, a fin de garantizar la continuidad de la atenci\u00f3n m\u00e9dica.<\/p>\n\n\n\n<p>-0-<\/p>\n","protected":false},"excerpt":{"rendered":"<p>\u2022 Reforzar\u00e1n la capacitaci\u00f3n y participaci\u00f3n de instituciones privadas para la notificaci\u00f3n de casos de&#8230;<\/p>\n","protected":false},"author":4,"featured_media":28685,"comment_status":"","ping_status":"open","sticky":false,"template":"","format":"standard","meta":{"footnotes":""},"categories":[9],"tags":[],"jetpack_sharing_enabled":true,"featured_image_urls":{"full":["https:\/\/contextoanalisisperiodistico.com\/wp-content\/uploads\/2024\/07\/IMG-20240709-WA0094.jpg",800,450,false],"thumbnail":["https:\/\/contextoanalisisperiodistico.com\/wp-content\/uploads\/2024\/07\/IMG-20240709-WA0094-150x150.jpg",150,150,true],"medium":["https:\/\/contextoanalisisperiodistico.com\/wp-content\/uploads\/2024\/07\/IMG-20240709-WA0094-300x169.jpg",300,169,true],"medium_large":["https:\/\/contextoanalisisperiodistico.com\/wp-content\/uploads\/2024\/07\/IMG-20240709-WA0094-768x432.jpg",640,360,true],"large":["https:\/\/contextoanalisisperiodistico.com\/wp-content\/uploads\/2024\/07\/IMG-20240709-WA0094.jpg",640,360,false],"1536x1536":["https:\/\/contextoanalisisperiodistico.com\/wp-content\/uploads\/2024\/07\/IMG-20240709-WA0094.jpg",800,450,false],"2048x2048":["https:\/\/contextoanalisisperiodistico.com\/wp-content\/uploads\/2024\/07\/IMG-20240709-WA0094.jpg",800,450,false],"covernews-slider-full":["https:\/\/contextoanalisisperiodistico.com\/wp-content\/uploads\/2024\/07\/IMG-20240709-WA0094.jpg",800,450,false],"covernews-slider-center":["https:\/\/contextoanalisisperiodistico.com\/wp-content\/uploads\/2024\/07\/IMG-20240709-WA0094.jpg",800,450,false],"covernews-featured":["https:\/\/contextoanalisisperiodistico.com\/wp-content\/uploads\/2024\/07\/IMG-20240709-WA0094.jpg",800,450,false],"covernews-medium":["https:\/\/contextoanalisisperiodistico.com\/wp-content\/uploads\/2024\/07\/IMG-20240709-WA0094-540x340.jpg",540,340,true],"covernews-medium-square":["https:\/\/contextoanalisisperiodistico.com\/wp-content\/uploads\/2024\/07\/IMG-20240709-WA0094-400x250.jpg",400,250,true]},"author_info":{"display_name":"Mario Gir\u00f3n","author_link":"https:\/\/contextoanalisisperiodistico.com\/index.php\/author\/director\/"},"category_info":"<a href=\"https:\/\/contextoanalisisperiodistico.com\/index.php\/category\/politica\/\" rel=\"category tag\">Pol\u00edtica<\/a>","tag_info":"Pol\u00edtica","comment_count":"0","jetpack_featured_media_url":"https:\/\/contextoanalisisperiodistico.com\/wp-content\/uploads\/2024\/07\/IMG-20240709-WA0094.jpg","_links":{"self":[{"href":"https:\/\/contextoanalisisperiodistico.com\/index.php\/wp-json\/wp\/v2\/posts\/28692"}],"collection":[{"href":"https:\/\/contextoanalisisperiodistico.com\/index.php\/wp-json\/wp\/v2\/posts"}],"about":[{"href":"https:\/\/contextoanalisisperiodistico.com\/index.php\/wp-json\/wp\/v2\/types\/post"}],"author":[{"embeddable":true,"href":"https:\/\/contextoanalisisperiodistico.com\/index.php\/wp-json\/wp\/v2\/users\/4"}],"replies":[{"embeddable":true,"href":"https:\/\/contextoanalisisperiodistico.com\/index.php\/wp-json\/wp\/v2\/comments?post=28692"}],"version-history":[{"count":0,"href":"https:\/\/contextoanalisisperiodistico.com\/index.php\/wp-json\/wp\/v2\/posts\/28692\/revisions"}],"wp:featuredmedia":[{"embeddable":true,"href":"https:\/\/contextoanalisisperiodistico.com\/index.php\/wp-json\/wp\/v2\/media\/28685"}],"wp:attachment":[{"href":"https:\/\/contextoanalisisperiodistico.com\/index.php\/wp-json\/wp\/v2\/media?parent=28692"}],"wp:term":[{"taxonomy":"category","embeddable":true,"href":"https:\/\/contextoanalisisperiodistico.com\/index.php\/wp-json\/wp\/v2\/categories?post=28692"},{"taxonomy":"post_tag","embeddable":true,"href":"https:\/\/contextoanalisisperiodistico.com\/index.php\/wp-json\/wp\/v2\/tags?post=28692"}],"curies":[{"name":"wp","href":"https:\/\/api.w.org\/{rel}","templated":true}]}}