{"id":28684,"date":"2024-07-08T20:30:41","date_gmt":"2024-07-09T02:30:41","guid":{"rendered":"https:\/\/contextoanalisisperiodistico.com\/index.php\/2024\/07\/08\/inicia-ieepo-en-istmo-y-costa-la-entrega-de-apoyo-por-concepto-de-uniformes-escolares-2024\/"},"modified":"2024-07-08T20:30:41","modified_gmt":"2024-07-09T02:30:41","slug":"inicia-ieepo-en-istmo-y-costa-la-entrega-de-apoyo-por-concepto-de-uniformes-escolares-2024","status":"publish","type":"post","link":"https:\/\/contextoanalisisperiodistico.com\/index.php\/2024\/07\/08\/inicia-ieepo-en-istmo-y-costa-la-entrega-de-apoyo-por-concepto-de-uniformes-escolares-2024\/","title":{"rendered":"Inicia IEEPO en Istmo y&nbsp; Costa la entrega de apoyo por concepto de uniformes escolares 2024"},"content":{"rendered":"<div id=\"fb-root\"><\/div>\n\n<p>\u2022 Las sedes en Puerto Escondido, Pochutla, Tehuantepec, Juchit\u00e1n, Pinotepa y Mat\u00edas Romero est\u00e1n habilitadas para cubrir todos los apellidos<\/p>\n\n\n\n<p>Regi\u00f3n del Istmo, Oax. 8 de julio de 2024.- Con la encomienda del Gobernador Salom\u00f3n Jara Cruz, el Instituto Estatal de Educaci\u00f3n P\u00fablica de Oaxaca (IEEPO) inici\u00f3 este lunes en las regiones del Istmo y la Costa el pago directo a madres, padres de familia y personas tutoras, por concepto de apoyo de uniformes escolares 2024.<\/p>\n\n\n\n<p>En las sedes habilitadas para este proceso en Tehuantepec, Juchit\u00e1n de Zaragoza y Mat\u00edas Romero, as\u00ed como en San Pedro Pochutla, Puerto Escondido y Pinotepa Nacional, en el primer d\u00eda de atenci\u00f3n, de manera ordenada se realiz\u00f3 la entrega del recurso consistente en 405 pesos en efectivo, cuyo objetivo es apoyar la econom\u00eda familiar y contribuir al mejoramiento de las condiciones escolares de las y los alumnos de nivel b\u00e1sico.<\/p>\n\n\n\n<p>El director General del IEEPO, Emilio Montero P\u00e9rez, quien verific\u00f3 el procedimiento en la Costa, se\u00f1al\u00f3 que uno de los ejes transversales de la pol\u00edtica social que impulsa el Gobernador de Oaxaca es la atenci\u00f3n integral a ni\u00f1as, ni\u00f1os y adolescentes en consonancia con el Gobierno de M\u00e9xico que encabeza el Presidente Andr\u00e9s Manuel L\u00f3pez Obrador y la respuesta a solicitudes del magisterio.<\/p>\n\n\n\n<p>En la Costa y el Istmo las sedes est\u00e1n habilitadas para cubrir todos los apellidos y conforme al calendario acordado, del 8 al 12 de julio. En Tehuantepec estar\u00e1n realizando los pagos en la Escuela Secundaria T\u00e9cnica n\u00famero 69, en la calzada del Pante\u00f3n 27 Guichivere; en el Instituto Tecnol\u00f3gico de Juchit\u00e1n; en la Unidad Deportiva Benito Ju\u00e1rez, en Novena Norte, Puerto Escondido y en San Pedro Pochutla en el Jard\u00edn de Ni\u00f1os Primavera.<\/p>\n\n\n\n<p>Asimismo, para este martes 9 de julio, solo por este d\u00eda continuar\u00e1 la atenci\u00f3n a madres, padres de familia y personas tutoras en Pinotepa Nacional en la Escuela Emiliano Zapata, calle 23 Sur, S\/N, y en Mat\u00edas Romero debido a las condiciones meteorol\u00f3gicas que han ocasionado fuertes lluvias, el lugar cambi\u00f3 a la Escuela Secundaria T\u00e9cnica n\u00famero 5, ubicada en la calle Leandro Valle 21 B, colonia Pueblo Nuevo, en un horario de 9:00 a 15:00 horas.<\/p>\n\n\n\n<p>Los requisitos son copia identificaci\u00f3n oficial (INE, pasaporte o c\u00e9dula profesional) de la madre, padre o tutor, y el recibo del estudiante que se puede descargar en el sitio http:\/\/recursosmateriales.ieepo.gob.mx\/uniformes\/inicio.<\/p>\n\n\n\n<p>Se realiza pago a jubilados<\/p>\n\n\n\n<p>Por otra parte, en la pagadur\u00eda del IEEPO ubicada en la agencia San Felipe del Agua, en la capital oaxaque\u00f1a, se inici\u00f3 el pago de la prima de antig\u00fcedad a profesoras y profesores jubilados, por un monto total de 250 millones de pesos. Para 4 mil 700 jubilados con laudo firme se ejercer\u00e1n 205 millones de pesos y para 2 mil 767 demandas en tr\u00e1mite, aproximadamente 45 millones de pesos.<\/p>\n\n\n\n<p>-0-<\/p>\n\n\n\n<figure class=\"wp-block-image size-large\"><img fetchpriority=\"high\" decoding=\"async\" width=\"1024\" height=\"768\" src=\"https:\/\/contextoanalisisperiodistico.com\/wp-content\/uploads\/2024\/07\/img-20240708-wa00942137802522688898655-1024x768.jpg\" alt=\"\" class=\"wp-image-28681\" srcset=\"https:\/\/contextoanalisisperiodistico.com\/wp-content\/uploads\/2024\/07\/img-20240708-wa00942137802522688898655-1024x768.jpg 1024w, https:\/\/contextoanalisisperiodistico.com\/wp-content\/uploads\/2024\/07\/img-20240708-wa00942137802522688898655-300x225.jpg 300w, https:\/\/contextoanalisisperiodistico.com\/wp-content\/uploads\/2024\/07\/img-20240708-wa00942137802522688898655-768x576.jpg 768w, https:\/\/contextoanalisisperiodistico.com\/wp-content\/uploads\/2024\/07\/img-20240708-wa00942137802522688898655-1536x1152.jpg 1536w, https:\/\/contextoanalisisperiodistico.com\/wp-content\/uploads\/2024\/07\/img-20240708-wa00942137802522688898655.jpg 1600w\" sizes=\"(max-width: 1024px) 100vw, 1024px\" \/><\/figure>\n\n\n\n<figure class=\"wp-block-image\"><img decoding=\"async\" width=\"300\" height=\"225\" src=\"https:\/\/contextoanalisisperiodistico.com\/wp-content\/uploads\/2024\/07\/img-20240708-wa00954777947003983529374-300x225.jpg\" alt=\"\" class=\"wp-image-28680\" srcset=\"https:\/\/contextoanalisisperiodistico.com\/wp-content\/uploads\/2024\/07\/img-20240708-wa00954777947003983529374-300x225.jpg 300w, https:\/\/contextoanalisisperiodistico.com\/wp-content\/uploads\/2024\/07\/img-20240708-wa00954777947003983529374-768x576.jpg 768w, https:\/\/contextoanalisisperiodistico.com\/wp-content\/uploads\/2024\/07\/img-20240708-wa00954777947003983529374.jpg 960w\" sizes=\"(max-width: 300px) 100vw, 300px\" \/><\/figure>\n\n\n\n<figure class=\"wp-block-image\"><img decoding=\"async\" width=\"300\" height=\"200\" src=\"https:\/\/contextoanalisisperiodistico.com\/wp-content\/uploads\/2024\/07\/img-20240708-wa00921324162794734951354-300x200.jpg\" alt=\"\" class=\"wp-image-28678\" srcset=\"https:\/\/contextoanalisisperiodistico.com\/wp-content\/uploads\/2024\/07\/img-20240708-wa00921324162794734951354-300x200.jpg 300w, https:\/\/contextoanalisisperiodistico.com\/wp-content\/uploads\/2024\/07\/img-20240708-wa00921324162794734951354-768x511.jpg 768w, https:\/\/contextoanalisisperiodistico.com\/wp-content\/uploads\/2024\/07\/img-20240708-wa00921324162794734951354.jpg 961w\" sizes=\"(max-width: 300px) 100vw, 300px\" \/><\/figure>\n\n\n\n<figure class=\"wp-block-image\"><img loading=\"lazy\" decoding=\"async\" width=\"1024\" height=\"682\" src=\"https:\/\/contextoanalisisperiodistico.com\/wp-content\/uploads\/2024\/07\/img-20240708-wa00932518430919355926431-1024x682.jpg\" alt=\"\" class=\"wp-image-28679\" srcset=\"https:\/\/contextoanalisisperiodistico.com\/wp-content\/uploads\/2024\/07\/img-20240708-wa00932518430919355926431-1024x682.jpg 1024w, https:\/\/contextoanalisisperiodistico.com\/wp-content\/uploads\/2024\/07\/img-20240708-wa00932518430919355926431-300x200.jpg 300w, https:\/\/contextoanalisisperiodistico.com\/wp-content\/uploads\/2024\/07\/img-20240708-wa00932518430919355926431-768x511.jpg 768w, https:\/\/contextoanalisisperiodistico.com\/wp-content\/uploads\/2024\/07\/img-20240708-wa00932518430919355926431-1536x1022.jpg 1536w, https:\/\/contextoanalisisperiodistico.com\/wp-content\/uploads\/2024\/07\/img-20240708-wa00932518430919355926431.jpg 1600w\" sizes=\"(max-width: 1024px) 100vw, 1024px\" \/><\/figure>\n\n\n\n<figure class=\"wp-block-image\"><img loading=\"lazy\" decoding=\"async\" width=\"300\" height=\"200\" src=\"https:\/\/contextoanalisisperiodistico.com\/wp-content\/uploads\/2024\/07\/img-20240708-wa00908375688583592793735-300x200.jpg\" alt=\"\" class=\"wp-image-28677\" srcset=\"https:\/\/contextoanalisisperiodistico.com\/wp-content\/uploads\/2024\/07\/img-20240708-wa00908375688583592793735-300x200.jpg 300w, https:\/\/contextoanalisisperiodistico.com\/wp-content\/uploads\/2024\/07\/img-20240708-wa00908375688583592793735-768x512.jpg 768w, https:\/\/contextoanalisisperiodistico.com\/wp-content\/uploads\/2024\/07\/img-20240708-wa00908375688583592793735.jpg 960w\" sizes=\"(max-width: 300px) 100vw, 300px\" \/><\/figure>\n\n\n\n<figure class=\"wp-block-image\"><img loading=\"lazy\" decoding=\"async\" width=\"300\" height=\"200\" src=\"https:\/\/contextoanalisisperiodistico.com\/wp-content\/uploads\/2024\/07\/img-20240708-wa00914035815809063546243-300x200.jpg\" alt=\"\" class=\"wp-image-28682\" srcset=\"https:\/\/contextoanalisisperiodistico.com\/wp-content\/uploads\/2024\/07\/img-20240708-wa00914035815809063546243-300x200.jpg 300w, https:\/\/contextoanalisisperiodistico.com\/wp-content\/uploads\/2024\/07\/img-20240708-wa00914035815809063546243-768x511.jpg 768w, https:\/\/contextoanalisisperiodistico.com\/wp-content\/uploads\/2024\/07\/img-20240708-wa00914035815809063546243.jpg 961w\" sizes=\"(max-width: 300px) 100vw, 300px\" \/><\/figure>\n\n\n\n<figure class=\"wp-block-image\"><img loading=\"lazy\" decoding=\"async\" width=\"300\" height=\"225\" src=\"https:\/\/contextoanalisisperiodistico.com\/wp-content\/uploads\/2024\/07\/img-20240708-wa00895591906306175619411-300x225.jpg\" alt=\"\" class=\"wp-image-28683\" srcset=\"https:\/\/contextoanalisisperiodistico.com\/wp-content\/uploads\/2024\/07\/img-20240708-wa00895591906306175619411-300x225.jpg 300w, https:\/\/contextoanalisisperiodistico.com\/wp-content\/uploads\/2024\/07\/img-20240708-wa00895591906306175619411-768x576.jpg 768w, https:\/\/contextoanalisisperiodistico.com\/wp-content\/uploads\/2024\/07\/img-20240708-wa00895591906306175619411.jpg 960w\" sizes=\"(max-width: 300px) 100vw, 300px\" \/><\/figure>\n","protected":false},"excerpt":{"rendered":"<p>\u2022 Las sedes en Puerto Escondido, Pochutla, Tehuantepec, Juchit\u00e1n, Pinotepa y Mat\u00edas Romero est\u00e1n habilitadas&#8230;<\/p>\n","protected":false},"author":4,"featured_media":28676,"comment_status":"","ping_status":"open","sticky":false,"template":"","format":"standard","meta":{"footnotes":""},"categories":[9],"tags":[],"jetpack_sharing_enabled":true,"featured_image_urls":{"full":["https:\/\/contextoanalisisperiodistico.com\/wp-content\/uploads\/2024\/07\/IMG-20240708-WA0096.jpg",960,720,false],"thumbnail":["https:\/\/contextoanalisisperiodistico.com\/wp-content\/uploads\/2024\/07\/IMG-20240708-WA0096-150x150.jpg",150,150,true],"medium":["https:\/\/contextoanalisisperiodistico.com\/wp-content\/uploads\/2024\/07\/IMG-20240708-WA0096-300x225.jpg",300,225,true],"medium_large":["https:\/\/contextoanalisisperiodistico.com\/wp-content\/uploads\/2024\/07\/IMG-20240708-WA0096-768x576.jpg",640,480,true],"large":["https:\/\/contextoanalisisperiodistico.com\/wp-content\/uploads\/2024\/07\/IMG-20240708-WA0096.jpg",640,480,false],"1536x1536":["https:\/\/contextoanalisisperiodistico.com\/wp-content\/uploads\/2024\/07\/IMG-20240708-WA0096.jpg",960,720,false],"2048x2048":["https:\/\/contextoanalisisperiodistico.com\/wp-content\/uploads\/2024\/07\/IMG-20240708-WA0096.jpg",960,720,false],"covernews-slider-full":["https:\/\/contextoanalisisperiodistico.com\/wp-content\/uploads\/2024\/07\/IMG-20240708-WA0096-960x715.jpg",960,715,true],"covernews-slider-center":["https:\/\/contextoanalisisperiodistico.com\/wp-content\/uploads\/2024\/07\/IMG-20240708-WA0096-800x500.jpg",800,500,true],"covernews-featured":["https:\/\/contextoanalisisperiodistico.com\/wp-content\/uploads\/2024\/07\/IMG-20240708-WA0096.jpg",960,720,false],"covernews-medium":["https:\/\/contextoanalisisperiodistico.com\/wp-content\/uploads\/2024\/07\/IMG-20240708-WA0096-540x340.jpg",540,340,true],"covernews-medium-square":["https:\/\/contextoanalisisperiodistico.com\/wp-content\/uploads\/2024\/07\/IMG-20240708-WA0096-400x250.jpg",400,250,true]},"author_info":{"display_name":"Mario Gir\u00f3n","author_link":"https:\/\/contextoanalisisperiodistico.com\/index.php\/author\/director\/"},"category_info":"<a href=\"https:\/\/contextoanalisisperiodistico.com\/index.php\/category\/politica\/\" rel=\"category tag\">Pol\u00edtica<\/a>","tag_info":"Pol\u00edtica","comment_count":"0","jetpack_featured_media_url":"https:\/\/contextoanalisisperiodistico.com\/wp-content\/uploads\/2024\/07\/IMG-20240708-WA0096.jpg","_links":{"self":[{"href":"https:\/\/contextoanalisisperiodistico.com\/index.php\/wp-json\/wp\/v2\/posts\/28684"}],"collection":[{"href":"https:\/\/contextoanalisisperiodistico.com\/index.php\/wp-json\/wp\/v2\/posts"}],"about":[{"href":"https:\/\/contextoanalisisperiodistico.com\/index.php\/wp-json\/wp\/v2\/types\/post"}],"author":[{"embeddable":true,"href":"https:\/\/contextoanalisisperiodistico.com\/index.php\/wp-json\/wp\/v2\/users\/4"}],"replies":[{"embeddable":true,"href":"https:\/\/contextoanalisisperiodistico.com\/index.php\/wp-json\/wp\/v2\/comments?post=28684"}],"version-history":[{"count":0,"href":"https:\/\/contextoanalisisperiodistico.com\/index.php\/wp-json\/wp\/v2\/posts\/28684\/revisions"}],"wp:featuredmedia":[{"embeddable":true,"href":"https:\/\/contextoanalisisperiodistico.com\/index.php\/wp-json\/wp\/v2\/media\/28676"}],"wp:attachment":[{"href":"https:\/\/contextoanalisisperiodistico.com\/index.php\/wp-json\/wp\/v2\/media?parent=28684"}],"wp:term":[{"taxonomy":"category","embeddable":true,"href":"https:\/\/contextoanalisisperiodistico.com\/index.php\/wp-json\/wp\/v2\/categories?post=28684"},{"taxonomy":"post_tag","embeddable":true,"href":"https:\/\/contextoanalisisperiodistico.com\/index.php\/wp-json\/wp\/v2\/tags?post=28684"}],"curies":[{"name":"wp","href":"https:\/\/api.w.org\/{rel}","templated":true}]}}