{"id":28675,"date":"2024-07-08T19:58:14","date_gmt":"2024-07-09T01:58:14","guid":{"rendered":"https:\/\/contextoanalisisperiodistico.com\/index.php\/2024\/07\/08\/continuan-los-descuentos-en-tenencia-2024\/"},"modified":"2024-07-08T19:58:14","modified_gmt":"2024-07-09T01:58:14","slug":"continuan-los-descuentos-en-tenencia-2024","status":"publish","type":"post","link":"https:\/\/contextoanalisisperiodistico.com\/index.php\/2024\/07\/08\/continuan-los-descuentos-en-tenencia-2024\/","title":{"rendered":"Contin\u00faan los descuentos en Tenencia 2024"},"content":{"rendered":"<div id=\"fb-root\"><\/div>\n\n<p>\u2022 Las personas propietarias de veh\u00edculos podr\u00e1n beneficiarse con el est\u00edmulo Fiscal del 100 por ciento, solo pagando Derechos Vehiculares<\/p>\n\n\n\n<p>\u2022 Quienes tienen adeudos de a\u00f1os anteriores, pagan cuotas fijas y acceden al est\u00edmulo<\/p>\n\n\n\n<p>Oaxaca de Ju\u00e1rez, Oax. 8 de julio de 2024.- El Gobierno del Estado a trav\u00e9s de la Secretar\u00eda de Finanzas informa que sigue vigente el est\u00edmulo fiscal del 100 por ciento en el Impuesto Sobre Tenencia o Uso de Veh\u00edculos (ISTUV) y de las actualizaciones y recargos que generen los derechos vehiculares relacionados, con vigencia del 1 de enero al 20 de diciembre de 2024.<\/p>\n\n\n\n<p>Se\u00f1ala que con estos descuentos se estima beneficiar en todo este a\u00f1o a 365 mil 968 personas propietarias de veh\u00edculos de motor registrados, adem\u00e1s, permitir\u00e1 que aquellos contribuyentes que tengan adeudos regularicen su situaci\u00f3n fiscal.<\/p>\n\n\n\n<p>Las y los contribuyentes que van al corriente con el pago de Tenencia, podr\u00e1n acceder al est\u00edmulo del 100 por ciento cumpliendo con lo siguiente:<\/p>\n\n\n\n<p>\u2022 Estar al corriente en el pago del ISTUV y derechos vehiculares.<br \/>\u2022 Efectuar el pago de los derechos vehiculares y la verificaci\u00f3n de emisi\u00f3n a la atm\u00f3sfera.<\/p>\n\n\n\n<p>En igualdad de oportunidades, para contribuyentes que hayan causado mora en el pago durante los ejercicios fiscales del 2020 al 2023, pueden acceder al est\u00edmulo del 100 por ciento del Impuesto Sobre Tenencia, Derechos de Control Vehicular, Impuesto al Desarrollo Social, as\u00ed como accesorios, siempre y cuando regularicen su situaci\u00f3n fiscal pagando los montos correspondientes a los ejercicios fiscales adeudados, para lo que deben realizar lo siguiente:<\/p>\n\n\n\n<p>\u2022 Obtener el formato de pago correspondiente a los ejercicios fiscales que adeuden, en el portal de internet oficial de la Secretar\u00eda de Finanzas.<br \/>\u2022 Acudir a los puntos de cobro autorizados para realizar el pago.<br \/>\u2022 La vigencia es hasta el 20 de diciembre de 2024.<\/p>\n\n\n\n<p>Para determinar la cantidad a pagar, ser\u00e1 necesario identificar los a\u00f1os de adeudo y as\u00ed calcular el monto conforme a lo establecido en la siguiente tabla:<br \/>I. Servicio Particular:<\/p>\n\n\n\n<p>Ejercicio Fiscal Autom\u00f3vil, Cami\u00f3n, Camioneta, Autob\u00fas y Remolques<br \/>(Pesos) Motocicletas<br \/>(Pesos)<br \/>2020 600.00 60.00<br \/>2021 884.00 552.00<br \/>2022 1,445.00 593.00<br \/>2023 1,557.00 638.00<\/p>\n\n\n\n<p>II. Servicio P\u00fablico:<\/p>\n\n\n\n<p>Ejercicio Fiscal Autom\u00f3vil, Cami\u00f3n, Camioneta, Autob\u00fas y Remolques<br \/>(Pesos)<br \/>Motocicletas<br \/>(Pesos)<br \/>2020 1,499.00 798.00<br \/>2021 1,707.00 968.00<br \/>2022 1,831.00 1,056.00<br \/>2023 1,975.00 1,138.00<\/p>\n\n\n\n<p>Ya que hayan regularizado su situaci\u00f3n fiscal, podr\u00e1n acceder al est\u00edmulo del 100 por ciento que se plantea para las y los contribuyentes cumplidos.<\/p>\n\n\n\n<p>Para generar el formato de pago del ISTUV, deber\u00e1n ingresar a la p\u00e1gina www.finanzasoaxaca.gob.mx, y registrar los datos de su placa o n\u00famero de serie del veh\u00edculo.<\/p>\n\n\n\n<p>Si lo desea, la o el contribuyente podr\u00e1 efectuar su pago en l\u00ednea o imprimir el formato con l\u00ednea de captura y pagar en cualquiera de los m\u00e1s de mil 303 puntos de cobro autorizados, as\u00ed como 20 Instituciones Financieras que tienen implementada la plataforma o el c\u00f3digo QR, CODI.<\/p>\n\n\n\n<p>Finalmente, la Secretar\u00eda de Finanzas se\u00f1al\u00f3 que para cualquier informaci\u00f3n pueden acercarse a los 17 M\u00f3dulos de Atenci\u00f3n al Contribuyente y a los 29 Centros Integrales de Atenci\u00f3n al Contribuyente que se encuentran en todo el estado, o bien, recurrir al Centro de Atenci\u00f3n Telef\u00f3nica a los n\u00fameros: 951 501 6995 y 800 310 70 70, de lunes a viernes en un horario de 8:00 a 16:00 horas.<\/p>\n\n\n\n<p>-0-<\/p>\n","protected":false},"excerpt":{"rendered":"<p>\u2022 Las personas propietarias de veh\u00edculos podr\u00e1n beneficiarse con el est\u00edmulo Fiscal del 100 por&#8230;<\/p>\n","protected":false},"author":4,"featured_media":28674,"comment_status":"","ping_status":"open","sticky":false,"template":"","format":"standard","meta":{"footnotes":""},"categories":[9],"tags":[],"jetpack_sharing_enabled":true,"featured_image_urls":{"full":["https:\/\/contextoanalisisperiodistico.com\/wp-content\/uploads\/2024\/07\/IMG-20240708-WA0088.jpg",800,800,false],"thumbnail":["https:\/\/contextoanalisisperiodistico.com\/wp-content\/uploads\/2024\/07\/IMG-20240708-WA0088-150x150.jpg",150,150,true],"medium":["https:\/\/contextoanalisisperiodistico.com\/wp-content\/uploads\/2024\/07\/IMG-20240708-WA0088-300x300.jpg",300,300,true],"medium_large":["https:\/\/contextoanalisisperiodistico.com\/wp-content\/uploads\/2024\/07\/IMG-20240708-WA0088-768x768.jpg",640,640,true],"large":["https:\/\/contextoanalisisperiodistico.com\/wp-content\/uploads\/2024\/07\/IMG-20240708-WA0088.jpg",640,640,false],"1536x1536":["https:\/\/contextoanalisisperiodistico.com\/wp-content\/uploads\/2024\/07\/IMG-20240708-WA0088.jpg",800,800,false],"2048x2048":["https:\/\/contextoanalisisperiodistico.com\/wp-content\/uploads\/2024\/07\/IMG-20240708-WA0088.jpg",800,800,false],"covernews-slider-full":["https:\/\/contextoanalisisperiodistico.com\/wp-content\/uploads\/2024\/07\/IMG-20240708-WA0088-800x715.jpg",800,715,true],"covernews-slider-center":["https:\/\/contextoanalisisperiodistico.com\/wp-content\/uploads\/2024\/07\/IMG-20240708-WA0088-800x500.jpg",800,500,true],"covernews-featured":["https:\/\/contextoanalisisperiodistico.com\/wp-content\/uploads\/2024\/07\/IMG-20240708-WA0088.jpg",800,800,false],"covernews-medium":["https:\/\/contextoanalisisperiodistico.com\/wp-content\/uploads\/2024\/07\/IMG-20240708-WA0088-540x340.jpg",540,340,true],"covernews-medium-square":["https:\/\/contextoanalisisperiodistico.com\/wp-content\/uploads\/2024\/07\/IMG-20240708-WA0088-400x250.jpg",400,250,true]},"author_info":{"display_name":"Mario Gir\u00f3n","author_link":"https:\/\/contextoanalisisperiodistico.com\/index.php\/author\/director\/"},"category_info":"<a href=\"https:\/\/contextoanalisisperiodistico.com\/index.php\/category\/politica\/\" rel=\"category tag\">Pol\u00edtica<\/a>","tag_info":"Pol\u00edtica","comment_count":"0","jetpack_featured_media_url":"https:\/\/contextoanalisisperiodistico.com\/wp-content\/uploads\/2024\/07\/IMG-20240708-WA0088.jpg","_links":{"self":[{"href":"https:\/\/contextoanalisisperiodistico.com\/index.php\/wp-json\/wp\/v2\/posts\/28675"}],"collection":[{"href":"https:\/\/contextoanalisisperiodistico.com\/index.php\/wp-json\/wp\/v2\/posts"}],"about":[{"href":"https:\/\/contextoanalisisperiodistico.com\/index.php\/wp-json\/wp\/v2\/types\/post"}],"author":[{"embeddable":true,"href":"https:\/\/contextoanalisisperiodistico.com\/index.php\/wp-json\/wp\/v2\/users\/4"}],"replies":[{"embeddable":true,"href":"https:\/\/contextoanalisisperiodistico.com\/index.php\/wp-json\/wp\/v2\/comments?post=28675"}],"version-history":[{"count":0,"href":"https:\/\/contextoanalisisperiodistico.com\/index.php\/wp-json\/wp\/v2\/posts\/28675\/revisions"}],"wp:featuredmedia":[{"embeddable":true,"href":"https:\/\/contextoanalisisperiodistico.com\/index.php\/wp-json\/wp\/v2\/media\/28674"}],"wp:attachment":[{"href":"https:\/\/contextoanalisisperiodistico.com\/index.php\/wp-json\/wp\/v2\/media?parent=28675"}],"wp:term":[{"taxonomy":"category","embeddable":true,"href":"https:\/\/contextoanalisisperiodistico.com\/index.php\/wp-json\/wp\/v2\/categories?post=28675"},{"taxonomy":"post_tag","embeddable":true,"href":"https:\/\/contextoanalisisperiodistico.com\/index.php\/wp-json\/wp\/v2\/tags?post=28675"}],"curies":[{"name":"wp","href":"https:\/\/api.w.org\/{rel}","templated":true}]}}