{"id":28666,"date":"2024-07-08T19:25:22","date_gmt":"2024-07-09T01:25:22","guid":{"rendered":"https:\/\/contextoanalisisperiodistico.com\/index.php\/2024\/07\/08\/inicia-semana-municipal-de-los-derechos-humanos-en-oaxaca-de-juarez\/"},"modified":"2024-07-08T19:43:18","modified_gmt":"2024-07-09T01:43:18","slug":"inicia-semana-municipal-de-los-derechos-humanos-en-oaxaca-de-juarez","status":"publish","type":"post","link":"https:\/\/contextoanalisisperiodistico.com\/index.php\/2024\/07\/08\/inicia-semana-municipal-de-los-derechos-humanos-en-oaxaca-de-juarez\/","title":{"rendered":"Inicia Semana Municipal de los Derechos Humanos en Oaxaca de Ju\u00e1rez"},"content":{"rendered":"<div id=\"fb-root\"><\/div>\n\n<ul class=\"wp-block-list\">\n<li>El objetivo de la jornada es abrir espacios de reflexi\u00f3n, cr\u00edtica y an\u00e1lisis enfocados a fortalecer la construcci\u00f3n de la cultura de paz entre todas y todos<\/li>\n<\/ul>\n\n\n\n<p><em>Oaxaca de Ju\u00e1rez, Oaxaca, a 8 de julio de 2024<\/em>.- Con la conferencia \u201cLos Derechos Humanos en M\u00e9xico y la Democracia\u201d el Presidente Municipal, Francisco Mart\u00ednez Neri encabez\u00f3 el inicio de la Semana Municipal de los Derechos Humanos, que se realizar\u00e1 del 8 al 12 de julio.<\/p>\n\n\n\n<p>La jornada de divulgaci\u00f3n es organizada por la Regidur\u00eda de Derechos Humanos y Asuntos Ind\u00edgenas, en coordinaci\u00f3n con la Benem\u00e9rita Universidad de Oaxaca (BUO) y la participaci\u00f3n de especialistas y representantes del sector p\u00fablico.<\/p>\n\n\n\n<p>En el sal\u00f3n Expresidentes, el Primer Concejal resalt\u00f3 el compromiso e importancia de mantener estos foros de reflexi\u00f3n que facilitan el involucramiento de todos los sectores de la sociedad en la construcci\u00f3n de una cultura de paz y respeto en el territorio capitalino.<\/p>\n\n\n\n<p>\u201cTener a profesionales en este espacio es de gran relevancia para nuestro municipio, ya que lo que escucharemos nos dar\u00e1 elementos para que cada uno de nosotros, con la interpretaci\u00f3n debida, podamos transmitir este mensaje a toda la poblaci\u00f3n, adem\u00e1s de fortalecer nuestras propias convicciones\u201d, puntualiz\u00f3 el edil.<\/p>\n\n\n\n<p>En ese contexto, se llevar\u00e1n a cabo conversatorios y di\u00e1logos presenciales dentro de los cuales se abordar\u00e1n temas como: transparencia, honestidad, \u00e9tica p\u00fablica, tutela efectiva, influencia de los derechos humanos en la familia, reforma al Poder Judicial, entre otros.<\/p>\n\n\n\n<p>Por su parte, la regidora de Derechos Humanos y Asuntos Ind\u00edgenas, Mirna L\u00f3pez Torres, indic\u00f3 que el objetivo de la jornada es seguir impulsando espacios de an\u00e1lisis enfocados en fortalecer la construcci\u00f3n de una cultura de paz apegada al respeto de los derechos fundamentales de las personas.<\/p>\n\n\n\n<p>\u201cAgradezco el espacio a nuestro Presidente Municipal y a quienes nos honran con su participaci\u00f3n para llevar a cabo esta actividad que lleva ya seis a\u00f1os realiz\u00e1ndose en la administraci\u00f3n p\u00fablica municipal\u201d, subray\u00f3 la regidora junto a concejales que integran la Comisi\u00f3n de Derechos Humanos.<\/p>\n\n\n\n<p>El martes 9 de julio se llevar\u00e1 a cabo el di\u00e1logo \u201cHonestidad y \u00e9tica p\u00fablica\u201d a las 10:00 horas; el mi\u00e9rcoles, a las 12:30 horas se tiene programada la conferencia \u201cLa tutela efectiva en un medio ambiente sano\u201d y el jueves a las 10:00 horas se realizar\u00e1 la ponencia \u201cLa influencia de los Derechos Humanos en la familia (violencia vicaria, pensi\u00f3n alimenticia, y Registro de Deudores Alimentarios)\u201d, en el sal\u00f3n Expresidentes.<\/p>\n\n\n\n<p>Para el viernes 12 de julio a las 11:30 horas, el Segundo Patio del Palacio Municipal ser\u00e1 sede del conversatorio presencial \u201cLa autonom\u00eda judicial como un derecho de la sociedad y la propuesta de reforma al Poder Judicial.<\/p>\n\n\n\n<p>Al arranque de la Semana Municipal de los Derechos Humanos, asisti\u00f3 el rector de la Benem\u00e9rita Universidad de Oaxaca, David Zabdiel Mart\u00ednez P\u00e9rez, as\u00ed como concejales integrantes de la Comisi\u00f3n de Derechos Humanos del Ayuntamiento.<\/p>\n\n\n\n<figure class=\"wp-block-image size-large\"><img fetchpriority=\"high\" decoding=\"async\" width=\"1024\" height=\"768\" src=\"https:\/\/contextoanalisisperiodistico.com\/wp-content\/uploads\/2024\/07\/img-20240708-wa00573043868617093580-1024x768.jpg\" alt=\"\" class=\"wp-image-28662\" srcset=\"https:\/\/contextoanalisisperiodistico.com\/wp-content\/uploads\/2024\/07\/img-20240708-wa00573043868617093580-1024x768.jpg 1024w, https:\/\/contextoanalisisperiodistico.com\/wp-content\/uploads\/2024\/07\/img-20240708-wa00573043868617093580-300x225.jpg 300w, https:\/\/contextoanalisisperiodistico.com\/wp-content\/uploads\/2024\/07\/img-20240708-wa00573043868617093580-768x576.jpg 768w, https:\/\/contextoanalisisperiodistico.com\/wp-content\/uploads\/2024\/07\/img-20240708-wa00573043868617093580-1536x1152.jpg 1536w, https:\/\/contextoanalisisperiodistico.com\/wp-content\/uploads\/2024\/07\/img-20240708-wa00573043868617093580.jpg 1600w\" sizes=\"(max-width: 1024px) 100vw, 1024px\" \/><\/figure>\n\n\n\n<figure class=\"wp-block-image\"><img decoding=\"async\" width=\"1024\" height=\"739\" src=\"https:\/\/contextoanalisisperiodistico.com\/wp-content\/uploads\/2024\/07\/img-20240708-wa00561976723181661728594-1024x739.jpg\" alt=\"\" class=\"wp-image-28665\" srcset=\"https:\/\/contextoanalisisperiodistico.com\/wp-content\/uploads\/2024\/07\/img-20240708-wa00561976723181661728594-1024x739.jpg 1024w, https:\/\/contextoanalisisperiodistico.com\/wp-content\/uploads\/2024\/07\/img-20240708-wa00561976723181661728594-300x216.jpg 300w, https:\/\/contextoanalisisperiodistico.com\/wp-content\/uploads\/2024\/07\/img-20240708-wa00561976723181661728594-768x554.jpg 768w, https:\/\/contextoanalisisperiodistico.com\/wp-content\/uploads\/2024\/07\/img-20240708-wa00561976723181661728594-1536x1108.jpg 1536w, https:\/\/contextoanalisisperiodistico.com\/wp-content\/uploads\/2024\/07\/img-20240708-wa00561976723181661728594.jpg 1600w\" sizes=\"(max-width: 1024px) 100vw, 1024px\" \/><\/figure>\n\n\n\n<figure class=\"wp-block-image\"><img decoding=\"async\" width=\"1024\" height=\"585\" src=\"https:\/\/contextoanalisisperiodistico.com\/wp-content\/uploads\/2024\/07\/img-20240708-wa0058489963712434610482-1024x585.jpg\" alt=\"\" class=\"wp-image-28663\" srcset=\"https:\/\/contextoanalisisperiodistico.com\/wp-content\/uploads\/2024\/07\/img-20240708-wa0058489963712434610482-1024x585.jpg 1024w, https:\/\/contextoanalisisperiodistico.com\/wp-content\/uploads\/2024\/07\/img-20240708-wa0058489963712434610482-300x171.jpg 300w, https:\/\/contextoanalisisperiodistico.com\/wp-content\/uploads\/2024\/07\/img-20240708-wa0058489963712434610482-768x439.jpg 768w, https:\/\/contextoanalisisperiodistico.com\/wp-content\/uploads\/2024\/07\/img-20240708-wa0058489963712434610482-1536x877.jpg 1536w, https:\/\/contextoanalisisperiodistico.com\/wp-content\/uploads\/2024\/07\/img-20240708-wa0058489963712434610482.jpg 1600w\" sizes=\"(max-width: 1024px) 100vw, 1024px\" \/><\/figure>\n\n\n\n<figure class=\"wp-block-image\"><img loading=\"lazy\" decoding=\"async\" width=\"1024\" height=\"768\" src=\"https:\/\/contextoanalisisperiodistico.com\/wp-content\/uploads\/2024\/07\/img-20240708-wa00597242043643495497624-1024x768.jpg\" alt=\"\" class=\"wp-image-28664\" srcset=\"https:\/\/contextoanalisisperiodistico.com\/wp-content\/uploads\/2024\/07\/img-20240708-wa00597242043643495497624-1024x768.jpg 1024w, https:\/\/contextoanalisisperiodistico.com\/wp-content\/uploads\/2024\/07\/img-20240708-wa00597242043643495497624-300x225.jpg 300w, https:\/\/contextoanalisisperiodistico.com\/wp-content\/uploads\/2024\/07\/img-20240708-wa00597242043643495497624-768x576.jpg 768w, https:\/\/contextoanalisisperiodistico.com\/wp-content\/uploads\/2024\/07\/img-20240708-wa00597242043643495497624-1536x1152.jpg 1536w, https:\/\/contextoanalisisperiodistico.com\/wp-content\/uploads\/2024\/07\/img-20240708-wa00597242043643495497624.jpg 1600w\" sizes=\"(max-width: 1024px) 100vw, 1024px\" \/><\/figure>\n","protected":false},"excerpt":{"rendered":"<p>Oaxaca de Ju\u00e1rez, Oaxaca, a 8 de julio de 2024.- Con la conferencia \u201cLos Derechos&#8230;<\/p>\n","protected":false},"author":4,"featured_media":28661,"comment_status":"closed","ping_status":"open","sticky":false,"template":"","format":"standard","meta":{"footnotes":""},"categories":[9],"tags":[],"jetpack_sharing_enabled":true,"featured_image_urls":{"full":["https:\/\/contextoanalisisperiodistico.com\/wp-content\/uploads\/2024\/07\/IMG-20240708-WA0055.jpg",1600,1100,false],"thumbnail":["https:\/\/contextoanalisisperiodistico.com\/wp-content\/uploads\/2024\/07\/IMG-20240708-WA0055-150x150.jpg",150,150,true],"medium":["https:\/\/contextoanalisisperiodistico.com\/wp-content\/uploads\/2024\/07\/IMG-20240708-WA0055-300x206.jpg",300,206,true],"medium_large":["https:\/\/contextoanalisisperiodistico.com\/wp-content\/uploads\/2024\/07\/IMG-20240708-WA0055-768x528.jpg",640,440,true],"large":["https:\/\/contextoanalisisperiodistico.com\/wp-content\/uploads\/2024\/07\/IMG-20240708-WA0055-1024x704.jpg",640,440,true],"1536x1536":["https:\/\/contextoanalisisperiodistico.com\/wp-content\/uploads\/2024\/07\/IMG-20240708-WA0055-1536x1056.jpg",1536,1056,true],"2048x2048":["https:\/\/contextoanalisisperiodistico.com\/wp-content\/uploads\/2024\/07\/IMG-20240708-WA0055.jpg",1600,1100,false],"covernews-slider-full":["https:\/\/contextoanalisisperiodistico.com\/wp-content\/uploads\/2024\/07\/IMG-20240708-WA0055-1115x715.jpg",1115,715,true],"covernews-slider-center":["https:\/\/contextoanalisisperiodistico.com\/wp-content\/uploads\/2024\/07\/IMG-20240708-WA0055-800x500.jpg",800,500,true],"covernews-featured":["https:\/\/contextoanalisisperiodistico.com\/wp-content\/uploads\/2024\/07\/IMG-20240708-WA0055-1024x704.jpg",1024,704,true],"covernews-medium":["https:\/\/contextoanalisisperiodistico.com\/wp-content\/uploads\/2024\/07\/IMG-20240708-WA0055-540x340.jpg",540,340,true],"covernews-medium-square":["https:\/\/contextoanalisisperiodistico.com\/wp-content\/uploads\/2024\/07\/IMG-20240708-WA0055-400x250.jpg",400,250,true]},"author_info":{"display_name":"Mario Gir\u00f3n","author_link":"https:\/\/contextoanalisisperiodistico.com\/index.php\/author\/director\/"},"category_info":"<a href=\"https:\/\/contextoanalisisperiodistico.com\/index.php\/category\/politica\/\" rel=\"category tag\">Pol\u00edtica<\/a>","tag_info":"Pol\u00edtica","comment_count":"0","jetpack_featured_media_url":"https:\/\/contextoanalisisperiodistico.com\/wp-content\/uploads\/2024\/07\/IMG-20240708-WA0055.jpg","_links":{"self":[{"href":"https:\/\/contextoanalisisperiodistico.com\/index.php\/wp-json\/wp\/v2\/posts\/28666"}],"collection":[{"href":"https:\/\/contextoanalisisperiodistico.com\/index.php\/wp-json\/wp\/v2\/posts"}],"about":[{"href":"https:\/\/contextoanalisisperiodistico.com\/index.php\/wp-json\/wp\/v2\/types\/post"}],"author":[{"embeddable":true,"href":"https:\/\/contextoanalisisperiodistico.com\/index.php\/wp-json\/wp\/v2\/users\/4"}],"replies":[{"embeddable":true,"href":"https:\/\/contextoanalisisperiodistico.com\/index.php\/wp-json\/wp\/v2\/comments?post=28666"}],"version-history":[{"count":1,"href":"https:\/\/contextoanalisisperiodistico.com\/index.php\/wp-json\/wp\/v2\/posts\/28666\/revisions"}],"predecessor-version":[{"id":28667,"href":"https:\/\/contextoanalisisperiodistico.com\/index.php\/wp-json\/wp\/v2\/posts\/28666\/revisions\/28667"}],"wp:featuredmedia":[{"embeddable":true,"href":"https:\/\/contextoanalisisperiodistico.com\/index.php\/wp-json\/wp\/v2\/media\/28661"}],"wp:attachment":[{"href":"https:\/\/contextoanalisisperiodistico.com\/index.php\/wp-json\/wp\/v2\/media?parent=28666"}],"wp:term":[{"taxonomy":"category","embeddable":true,"href":"https:\/\/contextoanalisisperiodistico.com\/index.php\/wp-json\/wp\/v2\/categories?post=28666"},{"taxonomy":"post_tag","embeddable":true,"href":"https:\/\/contextoanalisisperiodistico.com\/index.php\/wp-json\/wp\/v2\/tags?post=28666"}],"curies":[{"name":"wp","href":"https:\/\/api.w.org\/{rel}","templated":true}]}}