{"id":28658,"date":"2024-07-08T13:08:05","date_gmt":"2024-07-08T19:08:05","guid":{"rendered":"https:\/\/contextoanalisisperiodistico.com\/index.php\/2024\/07\/08\/las-mujeres-eje-y-pilar-fundamental-de-la-sociedad-salomon-jara\/"},"modified":"2024-07-08T13:08:05","modified_gmt":"2024-07-08T19:08:05","slug":"las-mujeres-eje-y-pilar-fundamental-de-la-sociedad-salomon-jara","status":"publish","type":"post","link":"https:\/\/contextoanalisisperiodistico.com\/index.php\/2024\/07\/08\/las-mujeres-eje-y-pilar-fundamental-de-la-sociedad-salomon-jara\/","title":{"rendered":"Las mujeres, eje y pilar fundamental de la sociedad: Salom\u00f3n Jara"},"content":{"rendered":"<div id=\"fb-root\"><\/div>\n\n<p>\u2022 Firma Gobierno de Oaxaca Pronunciamiento de Cero Tolerancia al Hostigamiento y Acoso Sexual en la Administraci\u00f3n P\u00fablica Estatal<\/p>\n\n\n\n<p>Oaxaca de Ju\u00e1rez, Oax. 8 de julio de 2024.- El Gobernador Salom\u00f3n Jara Cruz encabez\u00f3 la firma del Pronunciamiento de Cero Tolerancia al Hostigamiento y Acoso Sexual en la Administraci\u00f3n P\u00fablica Estatal, un mecanismo que busca proteger la integridad y dignidad de trabajadoras y usuarias de los servicios institucionales.<\/p>\n\n\n\n<p>Durante la actividad realizada en la casa del pueblo, el Mandatario estatal se\u00f1al\u00f3 que este paso constituye un pilar importante, en congruencia con los valores de la Primavera Oaxaque\u00f1a, de ser un gobierno honesto, sensible, incluyente y respetuoso de los derechos y libertades.<\/p>\n\n\n\n<p>Asever\u00f3 que con estas medidas se abre un nuevo frente de acci\u00f3n para combatir la violencia contra este sector de la poblaci\u00f3n, procurar la igualdad laboral y el dise\u00f1o de estrategias que privilegien el empoderamiento y el trabajo en espacios seguros.<\/p>\n\n\n\n<p>\u201cRefrendamos y fortalecemos as\u00ed nuestro Nuevo Pacto Social para la convivencia pac\u00edfica y segura, donde las mujeres son ejes y pilares fundamentales de nuestra sociedad. Soy firme y enf\u00e1tico \u00a1Con las mujeres todo y sin ellas nada! Quien incumpla este instrumento jur\u00eddico configura de manera inmediata acciones legales de naturaleza penal\u201d, puntualiz\u00f3 Jara Cruz.<\/p>\n\n\n\n<p>Como parte de esta pol\u00edtica se trabajar\u00e1 en la educaci\u00f3n, capacitaci\u00f3n, sensibilizaci\u00f3n, visibilizaci\u00f3n y difusi\u00f3n, as\u00ed como en la creaci\u00f3n de protocolos preventivos con perspectiva de g\u00e9nero. Tambi\u00e9n se brindar\u00e1n asesor\u00edas especializadas para la toma de acciones en caso de ser v\u00edctima de violencia al interior de las dependencias.<\/p>\n\n\n\n<p>Al respecto, la secretaria de las Mujeres, Anah\u00ed Monserrat Sarmiento P\u00e9rez refiri\u00f3 que esta firma da seguimiento a dos ejes transversales, la Perspectiva de G\u00e9nero y el Inter\u00e9s Superior de la Ni\u00f1as, Ni\u00f1os y Adolescentes.<\/p>\n\n\n\n<p>\u201cSe trata de una responsabilidad de todo el personal para abonar a la construcci\u00f3n de un Oaxaca justo, igualitario y libre de violencia, un cambio social y cultural tan urgente como necesario, en el que la ciudadan\u00eda rompa estereotipos sexistas y deje de culpabilizar a las v\u00edctimas\u201d, subray\u00f3.<\/p>\n\n\n\n<p>\u201cLa emisi\u00f3n de esta acci\u00f3n es fundamental para la obligatoriedad del Estado mexicano para garantizar los derechos humanos establecidos en las leyes nacionales, la cual permitir\u00e1 que quien se encuentre en esta situaci\u00f3n sepa quehacer y como actuar, a fin de que estas pr\u00e1cticas sean sancionadas\u201d, finaliz\u00f3.<\/p>\n\n\n\n<p>Este instrumento jur\u00eddico fue firmado por el Gobernador de Oaxaca, el secretario de Gobierno Jes\u00fas Romero L\u00f3pez y la Secretaria de las Mujeres; previamente fue signado por todo el gabinete legal y ampliado.<\/p>\n\n\n\n<p>-0-<\/p>\n\n\n\n<figure class=\"wp-block-image size-large\"><img fetchpriority=\"high\" decoding=\"async\" width=\"1024\" height=\"682\" src=\"https:\/\/contextoanalisisperiodistico.com\/wp-content\/uploads\/2024\/07\/img-20240708-wa00335955099316647751499-1024x682.jpg\" alt=\"\" class=\"wp-image-28655\" srcset=\"https:\/\/contextoanalisisperiodistico.com\/wp-content\/uploads\/2024\/07\/img-20240708-wa00335955099316647751499-1024x682.jpg 1024w, https:\/\/contextoanalisisperiodistico.com\/wp-content\/uploads\/2024\/07\/img-20240708-wa00335955099316647751499-300x200.jpg 300w, https:\/\/contextoanalisisperiodistico.com\/wp-content\/uploads\/2024\/07\/img-20240708-wa00335955099316647751499-768x512.jpg 768w, https:\/\/contextoanalisisperiodistico.com\/wp-content\/uploads\/2024\/07\/img-20240708-wa00335955099316647751499-1536x1023.jpg 1536w, https:\/\/contextoanalisisperiodistico.com\/wp-content\/uploads\/2024\/07\/img-20240708-wa00335955099316647751499.jpg 1600w\" sizes=\"(max-width: 1024px) 100vw, 1024px\" \/><\/figure>\n\n\n\n<figure class=\"wp-block-image\"><img decoding=\"async\" width=\"1024\" height=\"682\" src=\"https:\/\/contextoanalisisperiodistico.com\/wp-content\/uploads\/2024\/07\/img-20240708-wa0034886449306473722350-1024x682.jpg\" alt=\"\" class=\"wp-image-28657\" srcset=\"https:\/\/contextoanalisisperiodistico.com\/wp-content\/uploads\/2024\/07\/img-20240708-wa0034886449306473722350-1024x682.jpg 1024w, https:\/\/contextoanalisisperiodistico.com\/wp-content\/uploads\/2024\/07\/img-20240708-wa0034886449306473722350-300x200.jpg 300w, https:\/\/contextoanalisisperiodistico.com\/wp-content\/uploads\/2024\/07\/img-20240708-wa0034886449306473722350-768x512.jpg 768w, https:\/\/contextoanalisisperiodistico.com\/wp-content\/uploads\/2024\/07\/img-20240708-wa0034886449306473722350-1536x1023.jpg 1536w, https:\/\/contextoanalisisperiodistico.com\/wp-content\/uploads\/2024\/07\/img-20240708-wa0034886449306473722350.jpg 1600w\" sizes=\"(max-width: 1024px) 100vw, 1024px\" \/><\/figure>\n\n\n\n<figure class=\"wp-block-image\"><img decoding=\"async\" width=\"1024\" height=\"682\" src=\"https:\/\/contextoanalisisperiodistico.com\/wp-content\/uploads\/2024\/07\/img-20240708-wa00325112833097007465607-1024x682.jpg\" alt=\"\" class=\"wp-image-28656\" srcset=\"https:\/\/contextoanalisisperiodistico.com\/wp-content\/uploads\/2024\/07\/img-20240708-wa00325112833097007465607-1024x682.jpg 1024w, https:\/\/contextoanalisisperiodistico.com\/wp-content\/uploads\/2024\/07\/img-20240708-wa00325112833097007465607-300x200.jpg 300w, https:\/\/contextoanalisisperiodistico.com\/wp-content\/uploads\/2024\/07\/img-20240708-wa00325112833097007465607-768x512.jpg 768w, https:\/\/contextoanalisisperiodistico.com\/wp-content\/uploads\/2024\/07\/img-20240708-wa00325112833097007465607-1536x1023.jpg 1536w, https:\/\/contextoanalisisperiodistico.com\/wp-content\/uploads\/2024\/07\/img-20240708-wa00325112833097007465607.jpg 1600w\" sizes=\"(max-width: 1024px) 100vw, 1024px\" \/><\/figure>\n","protected":false},"excerpt":{"rendered":"<p>\u2022 Firma Gobierno de Oaxaca Pronunciamiento de Cero Tolerancia al Hostigamiento y Acoso Sexual en&#8230;<\/p>\n","protected":false},"author":4,"featured_media":28654,"comment_status":"","ping_status":"open","sticky":false,"template":"","format":"standard","meta":{"footnotes":""},"categories":[9],"tags":[],"jetpack_sharing_enabled":true,"featured_image_urls":{"full":["https:\/\/contextoanalisisperiodistico.com\/wp-content\/uploads\/2024\/07\/IMG-20240708-WA0035.jpg",1600,1066,false],"thumbnail":["https:\/\/contextoanalisisperiodistico.com\/wp-content\/uploads\/2024\/07\/IMG-20240708-WA0035-150x150.jpg",150,150,true],"medium":["https:\/\/contextoanalisisperiodistico.com\/wp-content\/uploads\/2024\/07\/IMG-20240708-WA0035-300x200.jpg",300,200,true],"medium_large":["https:\/\/contextoanalisisperiodistico.com\/wp-content\/uploads\/2024\/07\/IMG-20240708-WA0035-768x512.jpg",640,427,true],"large":["https:\/\/contextoanalisisperiodistico.com\/wp-content\/uploads\/2024\/07\/IMG-20240708-WA0035-1024x682.jpg",640,426,true],"1536x1536":["https:\/\/contextoanalisisperiodistico.com\/wp-content\/uploads\/2024\/07\/IMG-20240708-WA0035-1536x1023.jpg",1536,1023,true],"2048x2048":["https:\/\/contextoanalisisperiodistico.com\/wp-content\/uploads\/2024\/07\/IMG-20240708-WA0035.jpg",1600,1066,false],"covernews-slider-full":["https:\/\/contextoanalisisperiodistico.com\/wp-content\/uploads\/2024\/07\/IMG-20240708-WA0035-1115x715.jpg",1115,715,true],"covernews-slider-center":["https:\/\/contextoanalisisperiodistico.com\/wp-content\/uploads\/2024\/07\/IMG-20240708-WA0035-800x500.jpg",800,500,true],"covernews-featured":["https:\/\/contextoanalisisperiodistico.com\/wp-content\/uploads\/2024\/07\/IMG-20240708-WA0035-1024x682.jpg",1024,682,true],"covernews-medium":["https:\/\/contextoanalisisperiodistico.com\/wp-content\/uploads\/2024\/07\/IMG-20240708-WA0035-540x340.jpg",540,340,true],"covernews-medium-square":["https:\/\/contextoanalisisperiodistico.com\/wp-content\/uploads\/2024\/07\/IMG-20240708-WA0035-400x250.jpg",400,250,true]},"author_info":{"display_name":"Mario Gir\u00f3n","author_link":"https:\/\/contextoanalisisperiodistico.com\/index.php\/author\/director\/"},"category_info":"<a href=\"https:\/\/contextoanalisisperiodistico.com\/index.php\/category\/politica\/\" rel=\"category tag\">Pol\u00edtica<\/a>","tag_info":"Pol\u00edtica","comment_count":"0","jetpack_featured_media_url":"https:\/\/contextoanalisisperiodistico.com\/wp-content\/uploads\/2024\/07\/IMG-20240708-WA0035.jpg","_links":{"self":[{"href":"https:\/\/contextoanalisisperiodistico.com\/index.php\/wp-json\/wp\/v2\/posts\/28658"}],"collection":[{"href":"https:\/\/contextoanalisisperiodistico.com\/index.php\/wp-json\/wp\/v2\/posts"}],"about":[{"href":"https:\/\/contextoanalisisperiodistico.com\/index.php\/wp-json\/wp\/v2\/types\/post"}],"author":[{"embeddable":true,"href":"https:\/\/contextoanalisisperiodistico.com\/index.php\/wp-json\/wp\/v2\/users\/4"}],"replies":[{"embeddable":true,"href":"https:\/\/contextoanalisisperiodistico.com\/index.php\/wp-json\/wp\/v2\/comments?post=28658"}],"version-history":[{"count":0,"href":"https:\/\/contextoanalisisperiodistico.com\/index.php\/wp-json\/wp\/v2\/posts\/28658\/revisions"}],"wp:featuredmedia":[{"embeddable":true,"href":"https:\/\/contextoanalisisperiodistico.com\/index.php\/wp-json\/wp\/v2\/media\/28654"}],"wp:attachment":[{"href":"https:\/\/contextoanalisisperiodistico.com\/index.php\/wp-json\/wp\/v2\/media?parent=28658"}],"wp:term":[{"taxonomy":"category","embeddable":true,"href":"https:\/\/contextoanalisisperiodistico.com\/index.php\/wp-json\/wp\/v2\/categories?post=28658"},{"taxonomy":"post_tag","embeddable":true,"href":"https:\/\/contextoanalisisperiodistico.com\/index.php\/wp-json\/wp\/v2\/tags?post=28658"}],"curies":[{"name":"wp","href":"https:\/\/api.w.org\/{rel}","templated":true}]}}