{"id":28596,"date":"2024-07-06T20:21:43","date_gmt":"2024-07-07T02:21:43","guid":{"rendered":"https:\/\/contextoanalisisperiodistico.com\/index.php\/2024\/07\/06\/transforma-la-primavera-oaxaquena-a-santa-maria-texcatitlan\/"},"modified":"2024-07-06T20:21:43","modified_gmt":"2024-07-07T02:21:43","slug":"transforma-la-primavera-oaxaquena-a-santa-maria-texcatitlan","status":"publish","type":"post","link":"https:\/\/contextoanalisisperiodistico.com\/index.php\/2024\/07\/06\/transforma-la-primavera-oaxaquena-a-santa-maria-texcatitlan\/","title":{"rendered":"Transforma la Primavera Oaxaque\u00f1a a Santa Mar\u00eda Texcatitl\u00e1n\u00a0"},"content":{"rendered":"<div id=\"fb-root\"><\/div>\n\n<ul class=\"wp-block-list\">\n<li>Se dieron a conocer las inversiones en educaci\u00f3n e infraestructura para este municipio de la Sierra de Flores Mag\u00f3n<br>\u00a0<br>Santa Mar\u00eda Texcatitl\u00e1n, Oax. 6 de julio de 2024.- Como parte de la gira de Trabajo que transforma tu municipio, el Gobernador Salom\u00f3n Jara Cruz, lleg\u00f3 al municipio de Santa Mar\u00eda Texcatitl\u00e1n, en la Sierra de Flores Mag\u00f3n, que recibir\u00e1 importantes inversiones para el mejoramiento de su calidad de vida, pues se trata de un lugar con alta marginaci\u00f3n.<br>\u00a0 \u00a0<br>El Mandatario Estatal, reconoci\u00f3 el trabajo de sombreros de palma que realiza la poblaci\u00f3n y se comprometi\u00f3 a comprar este producto con precio de valor agregado para las fiestas de Guelaguetza, una vez otorgada la m\u00e1quina para su elaboraci\u00f3n.<br>\u00a0<br>Por su parte, la Secretar\u00eda de Bienestar, Tequio e Inclusi\u00f3n (Sebienti) dio a conocer que con la Tarjeta Margarita Maza se otorgar\u00e1n 144 mil pesos a trav\u00e9s de 12 tarjetas para jefas de familia, adem\u00e1s de que generaron una colaboraci\u00f3n con la Agencia Turca de Cooperaci\u00f3n y Coordinaci\u00f3n (TIKA) para tener una maquinaria y taller de productos de palma con un costo de 800 mil pesos.<br>\u00a0<br>Con un costo de 140 mil pesos en total, la Secretar\u00eda de Interculturalidad, Pueblos y Comunidades Ind\u00edgenas y Afromexicanos (SIPCIA) apoy\u00f3 a la municipalidad. Toda vez que a trav\u00e9s del programa Mujer emprendiendo otorga 6 mil pesos para cada una de las integrantes, de la misma forma, se planea que 10 j\u00f3venes y a trav\u00e9s de una persona instructora conserven la lengua originaria del mixteco bajo, as\u00ed como generar la gesti\u00f3n para la repartici\u00f3n de tinacos de agua otorgados por la dependencia.<br>\u00a0<br>El Instituto Estatal de Educaci\u00f3n P\u00fablica (IEEPO) apoyar\u00e1 a tres escuelas de la comunidad y otorgar\u00e1 un paquete de cuatro pizarrones, dos computadoras, una impresora y un lote de mobiliario, para cada una, con un monto total de 450 mil pesos.<br>\u00a0<br>En tanto, Instituto de Capacitaci\u00f3n y Productividad para el Trabajo (Icapet) ha beneficiado a m\u00e1s de 80 mujeres a trav\u00e9s de seis capacitaciones que pueden ampliar a 10 m\u00e1s, y hasta el momento se han otorgado 44 mil 800 pesos para pago de instructores de estos cursos gratis, adem\u00e1s de ser part\u00edcipes de la alianza entre Sebienti y TIKA.<br>\u00a0<br>Vivienda Bienestar (Vibien) instal\u00f3 40 ba\u00f1os biodigestores con un monto de 2 millones 760 mil pesos y la Comisi\u00f3n Estatal para el Agua para el Bienestar (Ceabien) destin\u00f3 2 millones de pesos para la rehabilitaci\u00f3n de la red de agua potable.<br>\u00a0<br>Por \u00faltimo, Caminos Bienestar (Cabien), inform\u00f3 que ha destinado 10 millones de pesos para la primera etapa del camino de 10 kil\u00f3metros que parte de la comunidad de San Antonio Nduayaco a Asunci\u00f3n Nochixtl\u00e1n.<br>\u00a0<br>Inauguran taller de palma<br>\u00a0<br>Aunado a esta visita y derivado de la colaboraci\u00f3n entre la Sebienti, Icapet y TIKA, se inaugur\u00f3 el Taller de palma en este municipio, donde personas habitantes podr\u00e1n tener acceso a una m\u00e1quina especialmente fabricada para ellas desde el estado de Guanajuato.<br>\u00a0<br>De esta manera, la municipalidad podr\u00e1 generar desarrollo econ\u00f3mico y social, pues de acuerdo con el director del Icapet, Giovanni Jahir Rojas Pacheco, estudiantes de nivel medio superior podr\u00edan emplearse en la elaboraci\u00f3n de productos de palma.<br>\u00a0<br>Entre los valores agregados que obtendr\u00e1 la producci\u00f3n, espec\u00edficamente las bolsas, ser\u00e1n aditamentos de cuero, tela y pintura.<br>\u00a0<br>\u00a0<br>-0-<\/li>\n<\/ul>\n\n\n\n<figure class=\"wp-block-image size-large\"><img fetchpriority=\"high\" decoding=\"async\" width=\"900\" height=\"600\" src=\"https:\/\/contextoanalisisperiodistico.com\/wp-content\/uploads\/2024\/07\/img-20240706-wa01278966982768312750681.jpg\" alt=\"\" class=\"wp-image-28592\" srcset=\"https:\/\/contextoanalisisperiodistico.com\/wp-content\/uploads\/2024\/07\/img-20240706-wa01278966982768312750681.jpg 900w, https:\/\/contextoanalisisperiodistico.com\/wp-content\/uploads\/2024\/07\/img-20240706-wa01278966982768312750681-300x200.jpg 300w, https:\/\/contextoanalisisperiodistico.com\/wp-content\/uploads\/2024\/07\/img-20240706-wa01278966982768312750681-768x512.jpg 768w\" sizes=\"(max-width: 900px) 100vw, 900px\" \/><\/figure>\n\n\n\n<figure class=\"wp-block-image\"><img decoding=\"async\" width=\"300\" height=\"200\" src=\"https:\/\/contextoanalisisperiodistico.com\/wp-content\/uploads\/2024\/07\/img-20240706-wa01286871334027620110399-300x200.jpg\" alt=\"\" class=\"wp-image-28590\" srcset=\"https:\/\/contextoanalisisperiodistico.com\/wp-content\/uploads\/2024\/07\/img-20240706-wa01286871334027620110399-300x200.jpg 300w, https:\/\/contextoanalisisperiodistico.com\/wp-content\/uploads\/2024\/07\/img-20240706-wa01286871334027620110399-768x512.jpg 768w, https:\/\/contextoanalisisperiodistico.com\/wp-content\/uploads\/2024\/07\/img-20240706-wa01286871334027620110399.jpg 900w\" sizes=\"(max-width: 300px) 100vw, 300px\" \/><\/figure>\n\n\n\n<figure class=\"wp-block-image\"><img decoding=\"async\" width=\"300\" height=\"200\" src=\"https:\/\/contextoanalisisperiodistico.com\/wp-content\/uploads\/2024\/07\/img-20240706-wa01324941726203122667686-300x200.jpg\" alt=\"\" class=\"wp-image-28591\" srcset=\"https:\/\/contextoanalisisperiodistico.com\/wp-content\/uploads\/2024\/07\/img-20240706-wa01324941726203122667686-300x200.jpg 300w, https:\/\/contextoanalisisperiodistico.com\/wp-content\/uploads\/2024\/07\/img-20240706-wa01324941726203122667686-768x512.jpg 768w, https:\/\/contextoanalisisperiodistico.com\/wp-content\/uploads\/2024\/07\/img-20240706-wa01324941726203122667686.jpg 900w\" sizes=\"(max-width: 300px) 100vw, 300px\" \/><\/figure>\n\n\n\n<figure class=\"wp-block-image\"><img loading=\"lazy\" decoding=\"async\" width=\"300\" height=\"200\" src=\"https:\/\/contextoanalisisperiodistico.com\/wp-content\/uploads\/2024\/07\/img-20240706-wa01255731057401422653874-300x200.jpg\" alt=\"\" class=\"wp-image-28594\" srcset=\"https:\/\/contextoanalisisperiodistico.com\/wp-content\/uploads\/2024\/07\/img-20240706-wa01255731057401422653874-300x200.jpg 300w, https:\/\/contextoanalisisperiodistico.com\/wp-content\/uploads\/2024\/07\/img-20240706-wa01255731057401422653874-768x512.jpg 768w, https:\/\/contextoanalisisperiodistico.com\/wp-content\/uploads\/2024\/07\/img-20240706-wa01255731057401422653874.jpg 900w\" sizes=\"(max-width: 300px) 100vw, 300px\" \/><\/figure>\n\n\n\n<figure class=\"wp-block-image\"><img loading=\"lazy\" decoding=\"async\" width=\"300\" height=\"200\" src=\"https:\/\/contextoanalisisperiodistico.com\/wp-content\/uploads\/2024\/07\/img-20240706-wa01313371564026818604680-300x200.jpg\" alt=\"\" class=\"wp-image-28593\" srcset=\"https:\/\/contextoanalisisperiodistico.com\/wp-content\/uploads\/2024\/07\/img-20240706-wa01313371564026818604680-300x200.jpg 300w, https:\/\/contextoanalisisperiodistico.com\/wp-content\/uploads\/2024\/07\/img-20240706-wa01313371564026818604680-768x512.jpg 768w, https:\/\/contextoanalisisperiodistico.com\/wp-content\/uploads\/2024\/07\/img-20240706-wa01313371564026818604680.jpg 900w\" sizes=\"(max-width: 300px) 100vw, 300px\" \/><\/figure>\n\n\n\n<figure class=\"wp-block-image\"><img loading=\"lazy\" decoding=\"async\" width=\"300\" height=\"200\" src=\"https:\/\/contextoanalisisperiodistico.com\/wp-content\/uploads\/2024\/07\/img-20240706-wa01306022408245064870468-300x200.jpg\" alt=\"\" class=\"wp-image-28595\" srcset=\"https:\/\/contextoanalisisperiodistico.com\/wp-content\/uploads\/2024\/07\/img-20240706-wa01306022408245064870468-300x200.jpg 300w, https:\/\/contextoanalisisperiodistico.com\/wp-content\/uploads\/2024\/07\/img-20240706-wa01306022408245064870468-768x512.jpg 768w, https:\/\/contextoanalisisperiodistico.com\/wp-content\/uploads\/2024\/07\/img-20240706-wa01306022408245064870468.jpg 900w\" sizes=\"(max-width: 300px) 100vw, 300px\" \/><\/figure>\n","protected":false},"excerpt":{"rendered":"","protected":false},"author":4,"featured_media":28589,"comment_status":"","ping_status":"open","sticky":false,"template":"","format":"standard","meta":{"footnotes":""},"categories":[9],"tags":[],"jetpack_sharing_enabled":true,"featured_image_urls":{"full":["https:\/\/contextoanalisisperiodistico.com\/wp-content\/uploads\/2024\/07\/IMG-20240706-WA0126.jpg",900,600,false],"thumbnail":["https:\/\/contextoanalisisperiodistico.com\/wp-content\/uploads\/2024\/07\/IMG-20240706-WA0126-150x150.jpg",150,150,true],"medium":["https:\/\/contextoanalisisperiodistico.com\/wp-content\/uploads\/2024\/07\/IMG-20240706-WA0126-300x200.jpg",300,200,true],"medium_large":["https:\/\/contextoanalisisperiodistico.com\/wp-content\/uploads\/2024\/07\/IMG-20240706-WA0126-768x512.jpg",640,427,true],"large":["https:\/\/contextoanalisisperiodistico.com\/wp-content\/uploads\/2024\/07\/IMG-20240706-WA0126.jpg",640,427,false],"1536x1536":["https:\/\/contextoanalisisperiodistico.com\/wp-content\/uploads\/2024\/07\/IMG-20240706-WA0126.jpg",900,600,false],"2048x2048":["https:\/\/contextoanalisisperiodistico.com\/wp-content\/uploads\/2024\/07\/IMG-20240706-WA0126.jpg",900,600,false],"covernews-slider-full":["https:\/\/contextoanalisisperiodistico.com\/wp-content\/uploads\/2024\/07\/IMG-20240706-WA0126.jpg",900,600,false],"covernews-slider-center":["https:\/\/contextoanalisisperiodistico.com\/wp-content\/uploads\/2024\/07\/IMG-20240706-WA0126-800x500.jpg",800,500,true],"covernews-featured":["https:\/\/contextoanalisisperiodistico.com\/wp-content\/uploads\/2024\/07\/IMG-20240706-WA0126.jpg",900,600,false],"covernews-medium":["https:\/\/contextoanalisisperiodistico.com\/wp-content\/uploads\/2024\/07\/IMG-20240706-WA0126-540x340.jpg",540,340,true],"covernews-medium-square":["https:\/\/contextoanalisisperiodistico.com\/wp-content\/uploads\/2024\/07\/IMG-20240706-WA0126-400x250.jpg",400,250,true]},"author_info":{"display_name":"Mario Gir\u00f3n","author_link":"https:\/\/contextoanalisisperiodistico.com\/index.php\/author\/director\/"},"category_info":"<a href=\"https:\/\/contextoanalisisperiodistico.com\/index.php\/category\/politica\/\" rel=\"category tag\">Pol\u00edtica<\/a>","tag_info":"Pol\u00edtica","comment_count":"0","jetpack_featured_media_url":"https:\/\/contextoanalisisperiodistico.com\/wp-content\/uploads\/2024\/07\/IMG-20240706-WA0126.jpg","_links":{"self":[{"href":"https:\/\/contextoanalisisperiodistico.com\/index.php\/wp-json\/wp\/v2\/posts\/28596"}],"collection":[{"href":"https:\/\/contextoanalisisperiodistico.com\/index.php\/wp-json\/wp\/v2\/posts"}],"about":[{"href":"https:\/\/contextoanalisisperiodistico.com\/index.php\/wp-json\/wp\/v2\/types\/post"}],"author":[{"embeddable":true,"href":"https:\/\/contextoanalisisperiodistico.com\/index.php\/wp-json\/wp\/v2\/users\/4"}],"replies":[{"embeddable":true,"href":"https:\/\/contextoanalisisperiodistico.com\/index.php\/wp-json\/wp\/v2\/comments?post=28596"}],"version-history":[{"count":0,"href":"https:\/\/contextoanalisisperiodistico.com\/index.php\/wp-json\/wp\/v2\/posts\/28596\/revisions"}],"wp:featuredmedia":[{"embeddable":true,"href":"https:\/\/contextoanalisisperiodistico.com\/index.php\/wp-json\/wp\/v2\/media\/28589"}],"wp:attachment":[{"href":"https:\/\/contextoanalisisperiodistico.com\/index.php\/wp-json\/wp\/v2\/media?parent=28596"}],"wp:term":[{"taxonomy":"category","embeddable":true,"href":"https:\/\/contextoanalisisperiodistico.com\/index.php\/wp-json\/wp\/v2\/categories?post=28596"},{"taxonomy":"post_tag","embeddable":true,"href":"https:\/\/contextoanalisisperiodistico.com\/index.php\/wp-json\/wp\/v2\/tags?post=28596"}],"curies":[{"name":"wp","href":"https:\/\/api.w.org\/{rel}","templated":true}]}}