{"id":28573,"date":"2024-07-06T16:44:27","date_gmt":"2024-07-06T22:44:27","guid":{"rendered":"https:\/\/contextoanalisisperiodistico.com\/index.php\/2024\/07\/06\/con-17-mdp-concepcion-papalo-mejorara-educacion-caminos-e-infraestructura\/"},"modified":"2024-07-06T16:44:27","modified_gmt":"2024-07-06T22:44:27","slug":"con-17-mdp-concepcion-papalo-mejorara-educacion-caminos-e-infraestructura","status":"publish","type":"post","link":"https:\/\/contextoanalisisperiodistico.com\/index.php\/2024\/07\/06\/con-17-mdp-concepcion-papalo-mejorara-educacion-caminos-e-infraestructura\/","title":{"rendered":"Con 17 mdp Concepci\u00f3n P\u00e1palo mejorar\u00e1&nbsp; educaci\u00f3n, caminos e infraestructura"},"content":{"rendered":"<div id=\"fb-root\"><\/div>\n\n<p>\u2022 Estas acciones forman parte de la estrategia Trabajo que Transforma tu Municipio<\/p>\n\n\n\n<p>Concepci\u00f3n P\u00e1palo, Oax. 6 de julio de 2024.- Apoyos con 17 millones 180 mil pesos para educaci\u00f3n, caminos e infraestructura es el compromiso que hizo el Gobernador de Oaxaca Salom\u00f3n Jara Cruz en esta municipalidad de la Sierra de Flores Mag\u00f3n.<\/p>\n\n\n\n<p>Durante su gira de atenci\u00f3n por Concepci\u00f3n P\u00e1palo -cuyo nombre significa hacia el lugar de las mariposas- el Mandatario estatal se\u00f1al\u00f3 que mediante la estrategia Trabajo que Transforma tu Municipio se efectuar\u00e1n acciones para impulsar el desarrollo de la ciudadan\u00eda y la Reparaci\u00f3n Hist\u00f3rica de los Pueblos.<\/p>\n\n\n\n<p>De esta manera, inform\u00f3 que Caminos Bienestar (Cabien) llevar\u00e1 a cabo la pavimentaci\u00f3n del camino de San Lorenzo P\u00e1palo a Concepci\u00f3n P\u00e1palo, con un monto de 5 millones de pesos. Mientras, la Secretar\u00eda de Infraestructuras y Comunicaciones realizar\u00e1 la pavimentaci\u00f3n con concreto hidr\u00e1ulico de una calle de esta municipalidad, con recursos por el orden de 2 millones de pesos.<\/p>\n\n\n\n<p>En apoyo al campo, la Secretar\u00eda de Fomento Agroalimentario y Desarrollo Rural (Sefader) apoyar\u00e1 a 136 familias, que forman parte del programa de Autosuficiencia Alimentaria, con 1 mill\u00f3n 151 mil 177 pesos destinados para fertilizantes, bioinsumos, asistencia t\u00e9cnica, huertos y capacitaciones.<\/p>\n\n\n\n<p>En beneficio de 218 personas, el Sistema para el Desarrollo Integral de la Familia (DIF) Oaxaca destina 604 mil 71 pesos en programas alimentarios como Itacate de Mi Coraz\u00f3n y Atenci\u00f3n Alimentaria a Grupos Prioritarios.<\/p>\n\n\n\n<p>Para favorecer a 17 jefas de familia en pobreza extrema, la Secretar\u00eda de Bienestar, Tequio e Inclusi\u00f3n (Sebienti) canaliz\u00f3 204 mil pesos mediante la Tarjeta Margarita Maza.<\/p>\n\n\n\n<p>El Instituto de Capacitaci\u00f3n y Productividad para el Trabajo (Icapet) capacitar\u00e1 a la poblaci\u00f3n en temas como lengua originaria, banda de guerra, m\u00fasica, entre otros, con un monto de 80 mil pesos.<\/p>\n\n\n\n<p>Servicios de Salud de Oaxaca (SSO) aplicar\u00e1 un mill\u00f3n 251 mil 994 pesos para el abasto de medicamentos de centros de salud y seis kits m\u00e9dicos para igual n\u00famero de casas de salud.<\/p>\n\n\n\n<p>Como parte del programa Ver Bien para Aprender Mejor, el Instituto Estatal de Educaci\u00f3n P\u00fablica de Oaxaca (IEEPO) entregar\u00e1 26 anteojos a ni\u00f1os y ni\u00f1as de esta comunidad. Tambi\u00e9n, otorgar\u00e1 pizarrones, computadoras, impresoras, proyectores, pantallas y lotes de mobiliario, as\u00ed como material de aseo, oficina y deportivo para todas las escuelas de nivel b\u00e1sico, respectivamente.<\/p>\n\n\n\n<p>El Instituto Oaxaque\u00f1o Constructor de Infraestructura Educativa (Iocied) canalizar\u00e1 3 millones 770 mil pesos para la construcci\u00f3n de un aula did\u00e1ctica y techado en dos centros de ense\u00f1anza, respectivamente. Adicionalmente evaluar\u00e1 un proyecto para la rehabilitaci\u00f3n de la red el\u00e9ctrica y una barda perimetral de otras dos escuelas.<\/p>\n\n\n\n<p>En este marco, la Comisi\u00f3n Estatal del Agua para el Bienestar (Ceabien) recibi\u00f3 dos solicitudes para la construcci\u00f3n de cisternas de agua potable en la poblaci\u00f3n.<\/p>\n\n\n\n<p>-0-<\/p>\n\n\n\n<figure class=\"wp-block-image size-large\"><img fetchpriority=\"high\" decoding=\"async\" width=\"900\" height=\"600\" src=\"https:\/\/contextoanalisisperiodistico.com\/wp-content\/uploads\/2024\/07\/img-20240706-wa00936092420368009531977.jpg\" alt=\"\" class=\"wp-image-28568\" srcset=\"https:\/\/contextoanalisisperiodistico.com\/wp-content\/uploads\/2024\/07\/img-20240706-wa00936092420368009531977.jpg 900w, https:\/\/contextoanalisisperiodistico.com\/wp-content\/uploads\/2024\/07\/img-20240706-wa00936092420368009531977-300x200.jpg 300w, https:\/\/contextoanalisisperiodistico.com\/wp-content\/uploads\/2024\/07\/img-20240706-wa00936092420368009531977-768x512.jpg 768w\" sizes=\"(max-width: 900px) 100vw, 900px\" \/><\/figure>\n\n\n\n<figure class=\"wp-block-image\"><img decoding=\"async\" width=\"300\" height=\"200\" src=\"https:\/\/contextoanalisisperiodistico.com\/wp-content\/uploads\/2024\/07\/img-20240706-wa00915338745821908747992-300x200.jpg\" alt=\"\" class=\"wp-image-28567\" srcset=\"https:\/\/contextoanalisisperiodistico.com\/wp-content\/uploads\/2024\/07\/img-20240706-wa00915338745821908747992-300x200.jpg 300w, https:\/\/contextoanalisisperiodistico.com\/wp-content\/uploads\/2024\/07\/img-20240706-wa00915338745821908747992-768x512.jpg 768w, https:\/\/contextoanalisisperiodistico.com\/wp-content\/uploads\/2024\/07\/img-20240706-wa00915338745821908747992.jpg 900w\" sizes=\"(max-width: 300px) 100vw, 300px\" \/><\/figure>\n\n\n\n<figure class=\"wp-block-image\"><img decoding=\"async\" width=\"300\" height=\"200\" src=\"https:\/\/contextoanalisisperiodistico.com\/wp-content\/uploads\/2024\/07\/img-20240706-wa00908495604944873297143-300x200.jpg\" alt=\"\" class=\"wp-image-28570\" srcset=\"https:\/\/contextoanalisisperiodistico.com\/wp-content\/uploads\/2024\/07\/img-20240706-wa00908495604944873297143-300x200.jpg 300w, https:\/\/contextoanalisisperiodistico.com\/wp-content\/uploads\/2024\/07\/img-20240706-wa00908495604944873297143-768x512.jpg 768w, https:\/\/contextoanalisisperiodistico.com\/wp-content\/uploads\/2024\/07\/img-20240706-wa00908495604944873297143.jpg 900w\" sizes=\"(max-width: 300px) 100vw, 300px\" \/><\/figure>\n\n\n\n<figure class=\"wp-block-image\"><img loading=\"lazy\" decoding=\"async\" width=\"300\" height=\"200\" src=\"https:\/\/contextoanalisisperiodistico.com\/wp-content\/uploads\/2024\/07\/img-20240706-wa00923510714215778672616-300x200.jpg\" alt=\"\" class=\"wp-image-28566\" srcset=\"https:\/\/contextoanalisisperiodistico.com\/wp-content\/uploads\/2024\/07\/img-20240706-wa00923510714215778672616-300x200.jpg 300w, https:\/\/contextoanalisisperiodistico.com\/wp-content\/uploads\/2024\/07\/img-20240706-wa00923510714215778672616-768x512.jpg 768w, https:\/\/contextoanalisisperiodistico.com\/wp-content\/uploads\/2024\/07\/img-20240706-wa00923510714215778672616.jpg 900w\" sizes=\"(max-width: 300px) 100vw, 300px\" \/><\/figure>\n\n\n\n<figure class=\"wp-block-image\"><img loading=\"lazy\" decoding=\"async\" width=\"300\" height=\"200\" src=\"https:\/\/contextoanalisisperiodistico.com\/wp-content\/uploads\/2024\/07\/img-20240706-wa00947636902457086335539-300x200.jpg\" alt=\"\" class=\"wp-image-28569\" srcset=\"https:\/\/contextoanalisisperiodistico.com\/wp-content\/uploads\/2024\/07\/img-20240706-wa00947636902457086335539-300x200.jpg 300w, https:\/\/contextoanalisisperiodistico.com\/wp-content\/uploads\/2024\/07\/img-20240706-wa00947636902457086335539-768x512.jpg 768w, https:\/\/contextoanalisisperiodistico.com\/wp-content\/uploads\/2024\/07\/img-20240706-wa00947636902457086335539.jpg 900w\" sizes=\"(max-width: 300px) 100vw, 300px\" \/><\/figure>\n\n\n\n<figure class=\"wp-block-image\"><img loading=\"lazy\" decoding=\"async\" width=\"300\" height=\"200\" src=\"https:\/\/contextoanalisisperiodistico.com\/wp-content\/uploads\/2024\/07\/img-20240706-wa0097651392464595618533-300x200.jpg\" alt=\"\" class=\"wp-image-28572\" srcset=\"https:\/\/contextoanalisisperiodistico.com\/wp-content\/uploads\/2024\/07\/img-20240706-wa0097651392464595618533-300x200.jpg 300w, https:\/\/contextoanalisisperiodistico.com\/wp-content\/uploads\/2024\/07\/img-20240706-wa0097651392464595618533-768x512.jpg 768w, https:\/\/contextoanalisisperiodistico.com\/wp-content\/uploads\/2024\/07\/img-20240706-wa0097651392464595618533.jpg 900w\" sizes=\"(max-width: 300px) 100vw, 300px\" \/><\/figure>\n\n\n\n<figure class=\"wp-block-image\"><img loading=\"lazy\" decoding=\"async\" width=\"300\" height=\"225\" src=\"https:\/\/contextoanalisisperiodistico.com\/wp-content\/uploads\/2024\/07\/img-20240706-wa00965094206318187573567-300x225.jpg\" alt=\"\" class=\"wp-image-28571\" srcset=\"https:\/\/contextoanalisisperiodistico.com\/wp-content\/uploads\/2024\/07\/img-20240706-wa00965094206318187573567-300x225.jpg 300w, https:\/\/contextoanalisisperiodistico.com\/wp-content\/uploads\/2024\/07\/img-20240706-wa00965094206318187573567-768x576.jpg 768w, https:\/\/contextoanalisisperiodistico.com\/wp-content\/uploads\/2024\/07\/img-20240706-wa00965094206318187573567.jpg 900w\" sizes=\"(max-width: 300px) 100vw, 300px\" \/><\/figure>\n","protected":false},"excerpt":{"rendered":"<p>\u2022 Estas acciones forman parte de la estrategia Trabajo que Transforma tu Municipio Concepci\u00f3n P\u00e1palo,&#8230;<\/p>\n","protected":false},"author":4,"featured_media":28565,"comment_status":"","ping_status":"open","sticky":false,"template":"","format":"standard","meta":{"footnotes":""},"categories":[9],"tags":[],"jetpack_sharing_enabled":true,"featured_image_urls":{"full":["https:\/\/contextoanalisisperiodistico.com\/wp-content\/uploads\/2024\/07\/IMG-20240706-WA0095.jpg",900,600,false],"thumbnail":["https:\/\/contextoanalisisperiodistico.com\/wp-content\/uploads\/2024\/07\/IMG-20240706-WA0095-150x150.jpg",150,150,true],"medium":["https:\/\/contextoanalisisperiodistico.com\/wp-content\/uploads\/2024\/07\/IMG-20240706-WA0095-300x200.jpg",300,200,true],"medium_large":["https:\/\/contextoanalisisperiodistico.com\/wp-content\/uploads\/2024\/07\/IMG-20240706-WA0095-768x512.jpg",640,427,true],"large":["https:\/\/contextoanalisisperiodistico.com\/wp-content\/uploads\/2024\/07\/IMG-20240706-WA0095.jpg",640,427,false],"1536x1536":["https:\/\/contextoanalisisperiodistico.com\/wp-content\/uploads\/2024\/07\/IMG-20240706-WA0095.jpg",900,600,false],"2048x2048":["https:\/\/contextoanalisisperiodistico.com\/wp-content\/uploads\/2024\/07\/IMG-20240706-WA0095.jpg",900,600,false],"covernews-slider-full":["https:\/\/contextoanalisisperiodistico.com\/wp-content\/uploads\/2024\/07\/IMG-20240706-WA0095.jpg",900,600,false],"covernews-slider-center":["https:\/\/contextoanalisisperiodistico.com\/wp-content\/uploads\/2024\/07\/IMG-20240706-WA0095-800x500.jpg",800,500,true],"covernews-featured":["https:\/\/contextoanalisisperiodistico.com\/wp-content\/uploads\/2024\/07\/IMG-20240706-WA0095.jpg",900,600,false],"covernews-medium":["https:\/\/contextoanalisisperiodistico.com\/wp-content\/uploads\/2024\/07\/IMG-20240706-WA0095-540x340.jpg",540,340,true],"covernews-medium-square":["https:\/\/contextoanalisisperiodistico.com\/wp-content\/uploads\/2024\/07\/IMG-20240706-WA0095-400x250.jpg",400,250,true]},"author_info":{"display_name":"Mario Gir\u00f3n","author_link":"https:\/\/contextoanalisisperiodistico.com\/index.php\/author\/director\/"},"category_info":"<a href=\"https:\/\/contextoanalisisperiodistico.com\/index.php\/category\/politica\/\" rel=\"category tag\">Pol\u00edtica<\/a>","tag_info":"Pol\u00edtica","comment_count":"0","jetpack_featured_media_url":"https:\/\/contextoanalisisperiodistico.com\/wp-content\/uploads\/2024\/07\/IMG-20240706-WA0095.jpg","_links":{"self":[{"href":"https:\/\/contextoanalisisperiodistico.com\/index.php\/wp-json\/wp\/v2\/posts\/28573"}],"collection":[{"href":"https:\/\/contextoanalisisperiodistico.com\/index.php\/wp-json\/wp\/v2\/posts"}],"about":[{"href":"https:\/\/contextoanalisisperiodistico.com\/index.php\/wp-json\/wp\/v2\/types\/post"}],"author":[{"embeddable":true,"href":"https:\/\/contextoanalisisperiodistico.com\/index.php\/wp-json\/wp\/v2\/users\/4"}],"replies":[{"embeddable":true,"href":"https:\/\/contextoanalisisperiodistico.com\/index.php\/wp-json\/wp\/v2\/comments?post=28573"}],"version-history":[{"count":0,"href":"https:\/\/contextoanalisisperiodistico.com\/index.php\/wp-json\/wp\/v2\/posts\/28573\/revisions"}],"wp:featuredmedia":[{"embeddable":true,"href":"https:\/\/contextoanalisisperiodistico.com\/index.php\/wp-json\/wp\/v2\/media\/28565"}],"wp:attachment":[{"href":"https:\/\/contextoanalisisperiodistico.com\/index.php\/wp-json\/wp\/v2\/media?parent=28573"}],"wp:term":[{"taxonomy":"category","embeddable":true,"href":"https:\/\/contextoanalisisperiodistico.com\/index.php\/wp-json\/wp\/v2\/categories?post=28573"},{"taxonomy":"post_tag","embeddable":true,"href":"https:\/\/contextoanalisisperiodistico.com\/index.php\/wp-json\/wp\/v2\/tags?post=28573"}],"curies":[{"name":"wp","href":"https:\/\/api.w.org\/{rel}","templated":true}]}}