{"id":28564,"date":"2024-07-06T16:24:36","date_gmt":"2024-07-06T22:24:36","guid":{"rendered":"https:\/\/contextoanalisisperiodistico.com\/index.php\/2024\/07\/06\/mega-tequio-une-a-oaxaca-contra-el-dengue\/"},"modified":"2024-07-06T16:24:36","modified_gmt":"2024-07-06T22:24:36","slug":"mega-tequio-une-a-oaxaca-contra-el-dengue","status":"publish","type":"post","link":"https:\/\/contextoanalisisperiodistico.com\/index.php\/2024\/07\/06\/mega-tequio-une-a-oaxaca-contra-el-dengue\/","title":{"rendered":"Mega Tequio, une a Oaxaca contra el dengue"},"content":{"rendered":"<div id=\"fb-root\"><\/div>\n\n<p>Con Mega Tequio, se une Oaxaca contra el dengue<\/p>\n\n\n\n<figure class=\"wp-block-image size-large\"><img fetchpriority=\"high\" decoding=\"async\" width=\"900\" height=\"600\" src=\"https:\/\/contextoanalisisperiodistico.com\/wp-content\/uploads\/2024\/07\/img-20240706-wa00848190963221639373464.jpg\" alt=\"\" class=\"wp-image-28557\" srcset=\"https:\/\/contextoanalisisperiodistico.com\/wp-content\/uploads\/2024\/07\/img-20240706-wa00848190963221639373464.jpg 900w, https:\/\/contextoanalisisperiodistico.com\/wp-content\/uploads\/2024\/07\/img-20240706-wa00848190963221639373464-300x200.jpg 300w, https:\/\/contextoanalisisperiodistico.com\/wp-content\/uploads\/2024\/07\/img-20240706-wa00848190963221639373464-768x512.jpg 768w\" sizes=\"(max-width: 900px) 100vw, 900px\" \/><\/figure>\n\n\n\n<figure class=\"wp-block-image\"><img decoding=\"async\" width=\"300\" height=\"200\" src=\"https:\/\/contextoanalisisperiodistico.com\/wp-content\/uploads\/2024\/07\/img-20240706-wa00874579734403464077255-300x200.jpg\" alt=\"\" class=\"wp-image-28558\" srcset=\"https:\/\/contextoanalisisperiodistico.com\/wp-content\/uploads\/2024\/07\/img-20240706-wa00874579734403464077255-300x200.jpg 300w, https:\/\/contextoanalisisperiodistico.com\/wp-content\/uploads\/2024\/07\/img-20240706-wa00874579734403464077255-768x512.jpg 768w, https:\/\/contextoanalisisperiodistico.com\/wp-content\/uploads\/2024\/07\/img-20240706-wa00874579734403464077255.jpg 900w\" sizes=\"(max-width: 300px) 100vw, 300px\" \/><\/figure>\n\n\n\n<figure class=\"wp-block-image\"><img decoding=\"async\" width=\"300\" height=\"200\" src=\"https:\/\/contextoanalisisperiodistico.com\/wp-content\/uploads\/2024\/07\/img-20240706-wa0086396533312284569796-300x200.jpg\" alt=\"\" class=\"wp-image-28559\" srcset=\"https:\/\/contextoanalisisperiodistico.com\/wp-content\/uploads\/2024\/07\/img-20240706-wa0086396533312284569796-300x200.jpg 300w, https:\/\/contextoanalisisperiodistico.com\/wp-content\/uploads\/2024\/07\/img-20240706-wa0086396533312284569796-768x512.jpg 768w, https:\/\/contextoanalisisperiodistico.com\/wp-content\/uploads\/2024\/07\/img-20240706-wa0086396533312284569796.jpg 900w\" sizes=\"(max-width: 300px) 100vw, 300px\" \/><\/figure>\n\n\n\n<figure class=\"wp-block-image\"><img loading=\"lazy\" decoding=\"async\" width=\"300\" height=\"200\" src=\"https:\/\/contextoanalisisperiodistico.com\/wp-content\/uploads\/2024\/07\/img-20240706-wa0080212609803423105825-300x200.jpg\" alt=\"\" class=\"wp-image-28556\" srcset=\"https:\/\/contextoanalisisperiodistico.com\/wp-content\/uploads\/2024\/07\/img-20240706-wa0080212609803423105825-300x200.jpg 300w, https:\/\/contextoanalisisperiodistico.com\/wp-content\/uploads\/2024\/07\/img-20240706-wa0080212609803423105825-768x512.jpg 768w, https:\/\/contextoanalisisperiodistico.com\/wp-content\/uploads\/2024\/07\/img-20240706-wa0080212609803423105825.jpg 900w\" sizes=\"(max-width: 300px) 100vw, 300px\" \/><\/figure>\n\n\n\n<figure class=\"wp-block-image\"><img loading=\"lazy\" decoding=\"async\" width=\"300\" height=\"200\" src=\"https:\/\/contextoanalisisperiodistico.com\/wp-content\/uploads\/2024\/07\/img-20240706-wa00827310054068045991532-300x200.jpg\" alt=\"\" class=\"wp-image-28560\" srcset=\"https:\/\/contextoanalisisperiodistico.com\/wp-content\/uploads\/2024\/07\/img-20240706-wa00827310054068045991532-300x200.jpg 300w, https:\/\/contextoanalisisperiodistico.com\/wp-content\/uploads\/2024\/07\/img-20240706-wa00827310054068045991532-768x512.jpg 768w, https:\/\/contextoanalisisperiodistico.com\/wp-content\/uploads\/2024\/07\/img-20240706-wa00827310054068045991532.jpg 900w\" sizes=\"(max-width: 300px) 100vw, 300px\" \/><\/figure>\n\n\n\n<figure class=\"wp-block-image\"><img loading=\"lazy\" decoding=\"async\" width=\"300\" height=\"200\" src=\"https:\/\/contextoanalisisperiodistico.com\/wp-content\/uploads\/2024\/07\/img-20240706-wa00811562853243967899746-300x200.jpg\" alt=\"\" class=\"wp-image-28563\" srcset=\"https:\/\/contextoanalisisperiodistico.com\/wp-content\/uploads\/2024\/07\/img-20240706-wa00811562853243967899746-300x200.jpg 300w, https:\/\/contextoanalisisperiodistico.com\/wp-content\/uploads\/2024\/07\/img-20240706-wa00811562853243967899746-768x512.jpg 768w, https:\/\/contextoanalisisperiodistico.com\/wp-content\/uploads\/2024\/07\/img-20240706-wa00811562853243967899746.jpg 900w\" sizes=\"(max-width: 300px) 100vw, 300px\" \/><\/figure>\n\n\n\n<figure class=\"wp-block-image\"><img loading=\"lazy\" decoding=\"async\" width=\"300\" height=\"200\" src=\"https:\/\/contextoanalisisperiodistico.com\/wp-content\/uploads\/2024\/07\/img-20240706-wa00858464606817776580550-300x200.jpg\" alt=\"\" class=\"wp-image-28561\" srcset=\"https:\/\/contextoanalisisperiodistico.com\/wp-content\/uploads\/2024\/07\/img-20240706-wa00858464606817776580550-300x200.jpg 300w, https:\/\/contextoanalisisperiodistico.com\/wp-content\/uploads\/2024\/07\/img-20240706-wa00858464606817776580550-768x512.jpg 768w, https:\/\/contextoanalisisperiodistico.com\/wp-content\/uploads\/2024\/07\/img-20240706-wa00858464606817776580550.jpg 900w\" sizes=\"(max-width: 300px) 100vw, 300px\" \/><\/figure>\n\n\n\n<figure class=\"wp-block-image\"><img loading=\"lazy\" decoding=\"async\" width=\"300\" height=\"200\" src=\"https:\/\/contextoanalisisperiodistico.com\/wp-content\/uploads\/2024\/07\/img-20240706-wa00883289870748632959559-300x200.jpg\" alt=\"\" class=\"wp-image-28562\" srcset=\"https:\/\/contextoanalisisperiodistico.com\/wp-content\/uploads\/2024\/07\/img-20240706-wa00883289870748632959559-300x200.jpg 300w, https:\/\/contextoanalisisperiodistico.com\/wp-content\/uploads\/2024\/07\/img-20240706-wa00883289870748632959559-768x512.jpg 768w, https:\/\/contextoanalisisperiodistico.com\/wp-content\/uploads\/2024\/07\/img-20240706-wa00883289870748632959559.jpg 900w\" sizes=\"(max-width: 300px) 100vw, 300px\" \/><\/figure>\n\n\n\n<p>Oaxaca de Ju\u00e1rez, Oax. 6 de julio de 2024.- El Gobierno del Estado de Oaxaca encabez\u00f3 el Mega Tequio denominado \u201cOaxaca Unida Contra el Dengue\u201d, mediante el cual se busca reducir la trasmisi\u00f3n de la enfermedad y el n\u00famero de personas con esta enfermedad.<\/p>\n\n\n\n<p>Como un aut\u00e9ntico \u201cejercito de la salud\u201d, este s\u00e1bado 6 y domingo 7 de julio alrededor de 2 mil personas voluntarias y de distintas dependencias del Gobierno estatal y de los ayuntamientos de Oaxaca de Ju\u00e1rez y los 24 municipios conurbados, las que participen en esta actividad.<\/p>\n\n\n\n<p>Durante el acto inaugural, la subsecretaria de Tequio e Inclusi\u00f3n para el Bienestar, Fernanda Schmidt Ruiz afirm\u00f3 que el Gobierno de la Primavera Oaxaque\u00f1a se ha asumido como un gobierno de territorio que camina con sus pueblos y los escucha, para construir juntos soluciones integrales y duraderas.<\/p>\n\n\n\n<p>\u201cPor eso, este d\u00eda se fomenta el tequio para fortalecer la lucha contra el dengue, para que a trav\u00e9s de esta jornada de brigadeo productiva podamos tener resultados favorables para reducir contagios por esta enfermedad\u201d, dijo.<\/p>\n\n\n\n<p>La meta es visitar, en dos d\u00edas, alrededor de 23 mil viviendas, solo en Oaxaca de Ju\u00e1rez; pero m\u00e1s de 200 mil casas en los 24 municipios conurbados.<\/p>\n\n\n\n<p>Con esta estrategia de enfoque participativo, se pretende incidir en dos apartados importantes del vector: el ciclo biol\u00f3gico del mosquito transmisor, a trav\u00e9s de la aplicaci\u00f3n del abate para exterminar la larva del zancudo.<\/p>\n\n\n\n<p>Posteriormente, los Servicios de Salud de Oaxaca realizar\u00e1n una etapa de nebulizaci\u00f3n para eliminar al mosquito adulto, y as\u00ed, con estas labores frenar la transmisi\u00f3n de la enfermedad y el n\u00famero de casos de dengue en la entidad.<\/p>\n\n\n\n<p>-0-<\/p>\n\n\n\n<p>Oaxaca de Ju\u00e1rez, Oax. 6 de julio de 2024.- El Gobierno del Estado de Oaxaca encabez\u00f3 el Mega Tequio denominado \u201cOaxaca Unida Contra el Dengue\u201d, mediante el cual se busca reducir la trasmisi\u00f3n de la enfermedad y el n\u00famero de personas con esta enfermedad.<\/p>\n\n\n\n<p>Como un aut\u00e9ntico \u201cejercito de la salud\u201d, este s\u00e1bado 6 y domingo 7 de julio alrededor de 2 mil personas voluntarias y de distintas dependencias del Gobierno estatal y de los ayuntamientos de Oaxaca de Ju\u00e1rez y los 24 municipios conurbados, las que participen en esta actividad.<\/p>\n\n\n\n<p>Durante el acto inaugural, la subsecretaria de Tequio e Inclusi\u00f3n para el Bienestar, Fernanda Schmidt Ruiz afirm\u00f3 que el Gobierno de la Primavera Oaxaque\u00f1a se ha asumido como un gobierno de territorio que camina con sus pueblos y los escucha, para construir juntos soluciones integrales y duraderas.<\/p>\n\n\n\n<p>\u201cPor eso, este d\u00eda se fomenta el tequio para fortalecer la lucha contra el dengue, para que a trav\u00e9s de esta jornada de brigadeo productiva podamos tener resultados favorables para reducir contagios por esta enfermedad\u201d, dijo.<\/p>\n\n\n\n<p>La meta es visitar, en dos d\u00edas, alrededor de 23 mil viviendas, solo en Oaxaca de Ju\u00e1rez; pero m\u00e1s de 200 mil casas en los 24 municipios conurbados.<\/p>\n\n\n\n<p>Con esta estrategia de enfoque participativo, se pretende incidir en dos apartados importantes del vector: el ciclo biol\u00f3gico del mosquito transmisor, a trav\u00e9s de la aplicaci\u00f3n del abate para exterminar la larva del zancudo.<\/p>\n\n\n\n<p>Posteriormente, los Servicios de Salud de Oaxaca realizar\u00e1n una etapa de nebulizaci\u00f3n para eliminar al mosquito adulto, y as\u00ed, con estas labores frenar la transmisi\u00f3n de la enfermedad y el n\u00famero de casos de dengue en la entidad.<\/p>\n\n\n\n<p>-0-<\/p>\n","protected":false},"excerpt":{"rendered":"<p>Con Mega Tequio, se une Oaxaca contra el dengue Oaxaca de Ju\u00e1rez, Oax. 6 de&#8230;<\/p>\n","protected":false},"author":4,"featured_media":28555,"comment_status":"","ping_status":"open","sticky":false,"template":"","format":"standard","meta":{"footnotes":""},"categories":[9],"tags":[],"jetpack_sharing_enabled":true,"featured_image_urls":{"full":["https:\/\/contextoanalisisperiodistico.com\/wp-content\/uploads\/2024\/07\/IMG-20240706-WA0083.jpg",900,600,false],"thumbnail":["https:\/\/contextoanalisisperiodistico.com\/wp-content\/uploads\/2024\/07\/IMG-20240706-WA0083-150x150.jpg",150,150,true],"medium":["https:\/\/contextoanalisisperiodistico.com\/wp-content\/uploads\/2024\/07\/IMG-20240706-WA0083-300x200.jpg",300,200,true],"medium_large":["https:\/\/contextoanalisisperiodistico.com\/wp-content\/uploads\/2024\/07\/IMG-20240706-WA0083-768x512.jpg",640,427,true],"large":["https:\/\/contextoanalisisperiodistico.com\/wp-content\/uploads\/2024\/07\/IMG-20240706-WA0083.jpg",640,427,false],"1536x1536":["https:\/\/contextoanalisisperiodistico.com\/wp-content\/uploads\/2024\/07\/IMG-20240706-WA0083.jpg",900,600,false],"2048x2048":["https:\/\/contextoanalisisperiodistico.com\/wp-content\/uploads\/2024\/07\/IMG-20240706-WA0083.jpg",900,600,false],"covernews-slider-full":["https:\/\/contextoanalisisperiodistico.com\/wp-content\/uploads\/2024\/07\/IMG-20240706-WA0083.jpg",900,600,false],"covernews-slider-center":["https:\/\/contextoanalisisperiodistico.com\/wp-content\/uploads\/2024\/07\/IMG-20240706-WA0083-800x500.jpg",800,500,true],"covernews-featured":["https:\/\/contextoanalisisperiodistico.com\/wp-content\/uploads\/2024\/07\/IMG-20240706-WA0083.jpg",900,600,false],"covernews-medium":["https:\/\/contextoanalisisperiodistico.com\/wp-content\/uploads\/2024\/07\/IMG-20240706-WA0083-540x340.jpg",540,340,true],"covernews-medium-square":["https:\/\/contextoanalisisperiodistico.com\/wp-content\/uploads\/2024\/07\/IMG-20240706-WA0083-400x250.jpg",400,250,true]},"author_info":{"display_name":"Mario Gir\u00f3n","author_link":"https:\/\/contextoanalisisperiodistico.com\/index.php\/author\/director\/"},"category_info":"<a href=\"https:\/\/contextoanalisisperiodistico.com\/index.php\/category\/politica\/\" rel=\"category tag\">Pol\u00edtica<\/a>","tag_info":"Pol\u00edtica","comment_count":"0","jetpack_featured_media_url":"https:\/\/contextoanalisisperiodistico.com\/wp-content\/uploads\/2024\/07\/IMG-20240706-WA0083.jpg","_links":{"self":[{"href":"https:\/\/contextoanalisisperiodistico.com\/index.php\/wp-json\/wp\/v2\/posts\/28564"}],"collection":[{"href":"https:\/\/contextoanalisisperiodistico.com\/index.php\/wp-json\/wp\/v2\/posts"}],"about":[{"href":"https:\/\/contextoanalisisperiodistico.com\/index.php\/wp-json\/wp\/v2\/types\/post"}],"author":[{"embeddable":true,"href":"https:\/\/contextoanalisisperiodistico.com\/index.php\/wp-json\/wp\/v2\/users\/4"}],"replies":[{"embeddable":true,"href":"https:\/\/contextoanalisisperiodistico.com\/index.php\/wp-json\/wp\/v2\/comments?post=28564"}],"version-history":[{"count":0,"href":"https:\/\/contextoanalisisperiodistico.com\/index.php\/wp-json\/wp\/v2\/posts\/28564\/revisions"}],"wp:featuredmedia":[{"embeddable":true,"href":"https:\/\/contextoanalisisperiodistico.com\/index.php\/wp-json\/wp\/v2\/media\/28555"}],"wp:attachment":[{"href":"https:\/\/contextoanalisisperiodistico.com\/index.php\/wp-json\/wp\/v2\/media?parent=28564"}],"wp:term":[{"taxonomy":"category","embeddable":true,"href":"https:\/\/contextoanalisisperiodistico.com\/index.php\/wp-json\/wp\/v2\/categories?post=28564"},{"taxonomy":"post_tag","embeddable":true,"href":"https:\/\/contextoanalisisperiodistico.com\/index.php\/wp-json\/wp\/v2\/tags?post=28564"}],"curies":[{"name":"wp","href":"https:\/\/api.w.org\/{rel}","templated":true}]}}