{"id":28547,"date":"2024-07-06T15:12:16","date_gmt":"2024-07-06T21:12:16","guid":{"rendered":"https:\/\/contextoanalisisperiodistico.com\/index.php\/2024\/07\/06\/transita-oaxaca-hacia-una-cultura-de-paz-con-justicia-y-bienestar\/"},"modified":"2024-07-06T15:12:16","modified_gmt":"2024-07-06T21:12:16","slug":"transita-oaxaca-hacia-una-cultura-de-paz-con-justicia-y-bienestar","status":"publish","type":"post","link":"https:\/\/contextoanalisisperiodistico.com\/index.php\/2024\/07\/06\/transita-oaxaca-hacia-una-cultura-de-paz-con-justicia-y-bienestar\/","title":{"rendered":"Transita Oaxaca hacia una cultura de Paz con Justicia y Bienestar"},"content":{"rendered":"<div id=\"fb-root\"><\/div>\n\n<p>\u2022 A trav\u00e9s de cuatro ejes, se busca mantener la paz y gobernabilidad en las ocho regiones del estado<\/p>\n\n\n\n<figure class=\"wp-block-image size-large\"><img fetchpriority=\"high\" decoding=\"async\" width=\"666\" height=\"1024\" src=\"https:\/\/contextoanalisisperiodistico.com\/wp-content\/uploads\/2024\/07\/img-20240706-wa00693291215798423539860-666x1024.jpg\" alt=\"\" class=\"wp-image-28545\" srcset=\"https:\/\/contextoanalisisperiodistico.com\/wp-content\/uploads\/2024\/07\/img-20240706-wa00693291215798423539860-666x1024.jpg 666w, https:\/\/contextoanalisisperiodistico.com\/wp-content\/uploads\/2024\/07\/img-20240706-wa00693291215798423539860-195x300.jpg 195w, https:\/\/contextoanalisisperiodistico.com\/wp-content\/uploads\/2024\/07\/img-20240706-wa00693291215798423539860.jpg 702w\" sizes=\"(max-width: 666px) 100vw, 666px\" \/><\/figure>\n\n\n\n<figure class=\"wp-block-image\"><img decoding=\"async\" width=\"1024\" height=\"683\" src=\"https:\/\/contextoanalisisperiodistico.com\/wp-content\/uploads\/2024\/07\/img-20240706-wa00686871568233132495013-1024x683.jpg\" alt=\"\" class=\"wp-image-28546\" srcset=\"https:\/\/contextoanalisisperiodistico.com\/wp-content\/uploads\/2024\/07\/img-20240706-wa00686871568233132495013-1024x683.jpg 1024w, https:\/\/contextoanalisisperiodistico.com\/wp-content\/uploads\/2024\/07\/img-20240706-wa00686871568233132495013-300x200.jpg 300w, https:\/\/contextoanalisisperiodistico.com\/wp-content\/uploads\/2024\/07\/img-20240706-wa00686871568233132495013-768x512.jpg 768w, https:\/\/contextoanalisisperiodistico.com\/wp-content\/uploads\/2024\/07\/img-20240706-wa00686871568233132495013.jpg 1080w\" sizes=\"(max-width: 1024px) 100vw, 1024px\" \/><\/figure>\n\n\n\n<p>Oaxaca de Ju\u00e1rez, Oax. 6 de julio de 2024.- El Gobierno de la Primavera Oaxaque\u00f1a mantiene firme, como desde el primer d\u00eda, el compromiso por generar las condiciones para alcanzar la Paz con Justicia, el desarrollo econ\u00f3mico, la igualdad y el bienestar del pueblo, ello a trav\u00e9s del di\u00e1logo y el respeto mutuo entre sus comunidades y habitantes.<\/p>\n\n\n\n<p>Para consolidar estas acciones la Secretar\u00eda de Gobierno (Sego) que encabeza Jes\u00fas Romero L\u00f3pez plante\u00f3 desde el inicio de la administraci\u00f3n del Gobernador Salom\u00f3n Jara Cruz cuatro ejes fundamentales, Hablamos no Bloqueamos, Pa\u2019 las Oaxaque\u00f1as, Paz Territorial, Viviendo la Paz, todos enmarcados en el Nuevo Pacto Social, esto para garantizar la gobernabilidad y la convivencia pac\u00edfica entre los pueblos y comunidades de la entidad oaxaque\u00f1a.<\/p>\n\n\n\n<p>Cada eje ya ha dado frutos, ya que, a diferencia del pasado, las problem\u00e1ticas sociales y agrarias que manten\u00eda el estado se han identificado y trabajado de manera integral, por lo que la incidencia ha bajado de manera sustancial, as\u00ed lo destac\u00f3 el encargado de la pol\u00edtica interna.<\/p>\n\n\n\n<p>De manera clara, las problem\u00e1ticas se focalizan en cada eje; por ejemplo, Hablamos no Bloqueamos busca construir di\u00e1logos abiertos, seguros y respetuosos, buscando la soluci\u00f3n a las problem\u00e1ticas sociales que se manifiestan, como los bloqueos y diferentes acciones que contrapongan la cultura de paz.<\/p>\n\n\n\n<p>En este gobierno las mujeres son prioridad, por ello se impuls\u00f3 el eje denominado Pa\u2019 las Oaxaque\u00f1as donde es fundamental la participaci\u00f3n decidida de las mujeres a trav\u00e9s de la implementaci\u00f3n de capacitaciones, talleres, mesas interinstitucionales y redes constructoras de la transformaci\u00f3n de este sector.<\/p>\n\n\n\n<p>Tambi\u00e9n, para resolver conflictos agrarios y territoriales a partir de acuerdos entre los actores involucrados tanto, gobierno, comunidades y organizaciones sociales con intermediaci\u00f3n de conciliadores agrarios y delegados de Paz Social se desarroll\u00f3 el eje de Paz Territorial.<\/p>\n\n\n\n<p>De igual forma, Viviendo la Paz promueve educaci\u00f3n para la paz en instituciones de educaci\u00f3n media superior y superior, promoviendo actitudes y habilidades asertivas no violentas que permitan la resoluci\u00f3n de los conflictos.<\/p>\n\n\n\n<p>Con el desarrollo de estos ejes, Oaxaca transita hacia a una cultura de paz con igualdad, sin discriminaci\u00f3n y erradicando la violencia, cumpliendo con la encomienda del Gobierno de la Cuarta Transformaci\u00f3n que encabeza el Presidente Andr\u00e9s Manuel L\u00f3pez Obrador.<\/p>\n\n\n\n<p>-0-<\/p>\n","protected":false},"excerpt":{"rendered":"<p>\u2022 A trav\u00e9s de cuatro ejes, se busca mantener la paz y gobernabilidad en las&#8230;<\/p>\n","protected":false},"author":4,"featured_media":28544,"comment_status":"","ping_status":"open","sticky":false,"template":"","format":"standard","meta":{"footnotes":""},"categories":[9],"tags":[],"jetpack_sharing_enabled":true,"featured_image_urls":{"full":["https:\/\/contextoanalisisperiodistico.com\/wp-content\/uploads\/2024\/07\/IMG-20240706-WA0070.jpg",1280,853,false],"thumbnail":["https:\/\/contextoanalisisperiodistico.com\/wp-content\/uploads\/2024\/07\/IMG-20240706-WA0070-150x150.jpg",150,150,true],"medium":["https:\/\/contextoanalisisperiodistico.com\/wp-content\/uploads\/2024\/07\/IMG-20240706-WA0070-300x200.jpg",300,200,true],"medium_large":["https:\/\/contextoanalisisperiodistico.com\/wp-content\/uploads\/2024\/07\/IMG-20240706-WA0070-768x512.jpg",640,427,true],"large":["https:\/\/contextoanalisisperiodistico.com\/wp-content\/uploads\/2024\/07\/IMG-20240706-WA0070-1024x682.jpg",640,426,true],"1536x1536":["https:\/\/contextoanalisisperiodistico.com\/wp-content\/uploads\/2024\/07\/IMG-20240706-WA0070.jpg",1280,853,false],"2048x2048":["https:\/\/contextoanalisisperiodistico.com\/wp-content\/uploads\/2024\/07\/IMG-20240706-WA0070.jpg",1280,853,false],"covernews-slider-full":["https:\/\/contextoanalisisperiodistico.com\/wp-content\/uploads\/2024\/07\/IMG-20240706-WA0070-1115x715.jpg",1115,715,true],"covernews-slider-center":["https:\/\/contextoanalisisperiodistico.com\/wp-content\/uploads\/2024\/07\/IMG-20240706-WA0070-800x500.jpg",800,500,true],"covernews-featured":["https:\/\/contextoanalisisperiodistico.com\/wp-content\/uploads\/2024\/07\/IMG-20240706-WA0070-1024x682.jpg",1024,682,true],"covernews-medium":["https:\/\/contextoanalisisperiodistico.com\/wp-content\/uploads\/2024\/07\/IMG-20240706-WA0070-540x340.jpg",540,340,true],"covernews-medium-square":["https:\/\/contextoanalisisperiodistico.com\/wp-content\/uploads\/2024\/07\/IMG-20240706-WA0070-400x250.jpg",400,250,true]},"author_info":{"display_name":"Mario Gir\u00f3n","author_link":"https:\/\/contextoanalisisperiodistico.com\/index.php\/author\/director\/"},"category_info":"<a href=\"https:\/\/contextoanalisisperiodistico.com\/index.php\/category\/politica\/\" rel=\"category tag\">Pol\u00edtica<\/a>","tag_info":"Pol\u00edtica","comment_count":"0","jetpack_featured_media_url":"https:\/\/contextoanalisisperiodistico.com\/wp-content\/uploads\/2024\/07\/IMG-20240706-WA0070.jpg","_links":{"self":[{"href":"https:\/\/contextoanalisisperiodistico.com\/index.php\/wp-json\/wp\/v2\/posts\/28547"}],"collection":[{"href":"https:\/\/contextoanalisisperiodistico.com\/index.php\/wp-json\/wp\/v2\/posts"}],"about":[{"href":"https:\/\/contextoanalisisperiodistico.com\/index.php\/wp-json\/wp\/v2\/types\/post"}],"author":[{"embeddable":true,"href":"https:\/\/contextoanalisisperiodistico.com\/index.php\/wp-json\/wp\/v2\/users\/4"}],"replies":[{"embeddable":true,"href":"https:\/\/contextoanalisisperiodistico.com\/index.php\/wp-json\/wp\/v2\/comments?post=28547"}],"version-history":[{"count":0,"href":"https:\/\/contextoanalisisperiodistico.com\/index.php\/wp-json\/wp\/v2\/posts\/28547\/revisions"}],"wp:featuredmedia":[{"embeddable":true,"href":"https:\/\/contextoanalisisperiodistico.com\/index.php\/wp-json\/wp\/v2\/media\/28544"}],"wp:attachment":[{"href":"https:\/\/contextoanalisisperiodistico.com\/index.php\/wp-json\/wp\/v2\/media?parent=28547"}],"wp:term":[{"taxonomy":"category","embeddable":true,"href":"https:\/\/contextoanalisisperiodistico.com\/index.php\/wp-json\/wp\/v2\/categories?post=28547"},{"taxonomy":"post_tag","embeddable":true,"href":"https:\/\/contextoanalisisperiodistico.com\/index.php\/wp-json\/wp\/v2\/tags?post=28547"}],"curies":[{"name":"wp","href":"https:\/\/api.w.org\/{rel}","templated":true}]}}