{"id":28543,"date":"2024-07-06T12:22:45","date_gmt":"2024-07-06T18:22:45","guid":{"rendered":"https:\/\/contextoanalisisperiodistico.com\/index.php\/2024\/07\/06\/contaran-mas-de-8-mil-familias-oaxaquenas-con-viviendas-dignas-2\/"},"modified":"2024-07-06T12:22:45","modified_gmt":"2024-07-06T18:22:45","slug":"contaran-mas-de-8-mil-familias-oaxaquenas-con-viviendas-dignas-2","status":"publish","type":"post","link":"https:\/\/contextoanalisisperiodistico.com\/index.php\/2024\/07\/06\/contaran-mas-de-8-mil-familias-oaxaquenas-con-viviendas-dignas-2\/","title":{"rendered":"Contar\u00e1n m\u00e1s de 8 mil familias oaxaque\u00f1as con viviendas dignas"},"content":{"rendered":"<div id=\"fb-root\"><\/div>\n\n<p>\u2022 Vivienda Bienestar entreg\u00f3 oficios de autorizaci\u00f3n de recursos p\u00fablicos con un monto superior a 61 millones de pesos<\/p>\n\n\n\n<figure class=\"wp-block-image size-large\"><img fetchpriority=\"high\" decoding=\"async\" width=\"1024\" height=\"685\" src=\"https:\/\/contextoanalisisperiodistico.com\/wp-content\/uploads\/2024\/07\/img-20240706-wa00532213252601983878356-1024x685.jpg\" alt=\"\" class=\"wp-image-28539\" srcset=\"https:\/\/contextoanalisisperiodistico.com\/wp-content\/uploads\/2024\/07\/img-20240706-wa00532213252601983878356-1024x685.jpg 1024w, https:\/\/contextoanalisisperiodistico.com\/wp-content\/uploads\/2024\/07\/img-20240706-wa00532213252601983878356-300x201.jpg 300w, https:\/\/contextoanalisisperiodistico.com\/wp-content\/uploads\/2024\/07\/img-20240706-wa00532213252601983878356-768x514.jpg 768w, https:\/\/contextoanalisisperiodistico.com\/wp-content\/uploads\/2024\/07\/img-20240706-wa00532213252601983878356-1536x1027.jpg 1536w, https:\/\/contextoanalisisperiodistico.com\/wp-content\/uploads\/2024\/07\/img-20240706-wa00532213252601983878356.jpg 1600w\" sizes=\"(max-width: 1024px) 100vw, 1024px\" \/><\/figure>\n\n\n\n<figure class=\"wp-block-image\"><img decoding=\"async\" width=\"1024\" height=\"684\" src=\"https:\/\/contextoanalisisperiodistico.com\/wp-content\/uploads\/2024\/07\/img-20240706-wa00517475381885422393616-1024x684.jpg\" alt=\"\" class=\"wp-image-28540\" srcset=\"https:\/\/contextoanalisisperiodistico.com\/wp-content\/uploads\/2024\/07\/img-20240706-wa00517475381885422393616-1024x684.jpg 1024w, https:\/\/contextoanalisisperiodistico.com\/wp-content\/uploads\/2024\/07\/img-20240706-wa00517475381885422393616-300x200.jpg 300w, https:\/\/contextoanalisisperiodistico.com\/wp-content\/uploads\/2024\/07\/img-20240706-wa00517475381885422393616-768x513.jpg 768w, https:\/\/contextoanalisisperiodistico.com\/wp-content\/uploads\/2024\/07\/img-20240706-wa00517475381885422393616.jpg 1458w\" sizes=\"(max-width: 1024px) 100vw, 1024px\" \/><\/figure>\n\n\n\n<figure class=\"wp-block-image\"><img decoding=\"async\" src=\"file:\/\/\/data\/user\/0\/org.wordpress.android\/cache\/img-20240706-wa00541089708395826825558.jpg\" alt=\"\" class=\"wp-image-5851\"\/><\/figure>\n\n\n\n<figure class=\"wp-block-image\"><img decoding=\"async\" width=\"1024\" height=\"685\" src=\"https:\/\/contextoanalisisperiodistico.com\/wp-content\/uploads\/2024\/07\/img-20240706-wa00525108209041956109511-1024x685.jpg\" alt=\"\" class=\"wp-image-28541\" srcset=\"https:\/\/contextoanalisisperiodistico.com\/wp-content\/uploads\/2024\/07\/img-20240706-wa00525108209041956109511-1024x685.jpg 1024w, https:\/\/contextoanalisisperiodistico.com\/wp-content\/uploads\/2024\/07\/img-20240706-wa00525108209041956109511-300x201.jpg 300w, https:\/\/contextoanalisisperiodistico.com\/wp-content\/uploads\/2024\/07\/img-20240706-wa00525108209041956109511-768x514.jpg 768w, https:\/\/contextoanalisisperiodistico.com\/wp-content\/uploads\/2024\/07\/img-20240706-wa00525108209041956109511-1536x1027.jpg 1536w, https:\/\/contextoanalisisperiodistico.com\/wp-content\/uploads\/2024\/07\/img-20240706-wa00525108209041956109511.jpg 1600w\" sizes=\"(max-width: 1024px) 100vw, 1024px\" \/><\/figure>\n\n\n\n<p>San Bartolo Coyotepec, Oax. 6 de julio de 2024.- Con el objetivo de materializar obras y acciones de mejoramiento de casas, la Direcci\u00f3n General de Vivienda Bienestar (Vibien) entreg\u00f3 a autoridades municipales oficios de autorizaci\u00f3n de recursos p\u00fablicos con un monto total de 61 millones 428 mil 500 pesos para beneficiar a 8 mil 948 familias oaxaque\u00f1as de las ocho regiones.<\/p>\n\n\n\n<p>El titular de Vibien, Enrique Misael Feria Rodr\u00edguez inform\u00f3 que en este primer bloque se transformar\u00e1n 2 mil 237 viviendas con la construcci\u00f3n de cuartos dormitorios, cocinas, pisos firmes y techos, adem\u00e1s de la introducci\u00f3n de servicios b\u00e1sicos como sanitarios con biodigestor, cisternas y estufas ecol\u00f3gicas.<\/p>\n\n\n\n<p>Esta acci\u00f3n en la que tambi\u00e9n particip\u00f3 el subsecretario de Planeaci\u00f3n e Inversi\u00f3n P\u00fablica de la Secretar\u00eda de Finanzas (Sefin), Jos\u00e9 Gonz\u00e1lez Luis, se efectu\u00f3 a trav\u00e9s de las estrategias Atenci\u00f3n a Municipios Territorios Bienestar y Trabajo que Transforma tu Municipio, las cuales son impulsadas por el Gobierno de la Primavera Oaxaque\u00f1a para La Reparaci\u00f3n Hist\u00f3rica de los Pueblos.<\/p>\n\n\n\n<p>A partir de este acto, se iniciar\u00e1n los procesos normativos para aplicar los recursos p\u00fablicos autorizados, es decir la licitaci\u00f3n p\u00fablica, contrataci\u00f3n, ejecuci\u00f3n, seguimiento, rendici\u00f3n de cuentas y transparencia de los citados proyectos de obras y acciones que impactar\u00e1n en la reducci\u00f3n del rezago y marginaci\u00f3n del estado.<\/p>\n\n\n\n<p>-0-<\/p>\n","protected":false},"excerpt":{"rendered":"<p>\u2022 Vivienda Bienestar entreg\u00f3 oficios de autorizaci\u00f3n de recursos p\u00fablicos con un monto superior a&#8230;<\/p>\n","protected":false},"author":4,"featured_media":28538,"comment_status":"","ping_status":"open","sticky":false,"template":"","format":"standard","meta":{"footnotes":""},"categories":[9],"tags":[],"jetpack_sharing_enabled":true,"featured_image_urls":{"full":["https:\/\/contextoanalisisperiodistico.com\/wp-content\/uploads\/2024\/07\/IMG-20240706-WA0050.jpg",1600,1070,false],"thumbnail":["https:\/\/contextoanalisisperiodistico.com\/wp-content\/uploads\/2024\/07\/IMG-20240706-WA0050-150x150.jpg",150,150,true],"medium":["https:\/\/contextoanalisisperiodistico.com\/wp-content\/uploads\/2024\/07\/IMG-20240706-WA0050-300x201.jpg",300,201,true],"medium_large":["https:\/\/contextoanalisisperiodistico.com\/wp-content\/uploads\/2024\/07\/IMG-20240706-WA0050-768x514.jpg",640,428,true],"large":["https:\/\/contextoanalisisperiodistico.com\/wp-content\/uploads\/2024\/07\/IMG-20240706-WA0050-1024x685.jpg",640,428,true],"1536x1536":["https:\/\/contextoanalisisperiodistico.com\/wp-content\/uploads\/2024\/07\/IMG-20240706-WA0050-1536x1027.jpg",1536,1027,true],"2048x2048":["https:\/\/contextoanalisisperiodistico.com\/wp-content\/uploads\/2024\/07\/IMG-20240706-WA0050.jpg",1600,1070,false],"covernews-slider-full":["https:\/\/contextoanalisisperiodistico.com\/wp-content\/uploads\/2024\/07\/IMG-20240706-WA0050-1115x715.jpg",1115,715,true],"covernews-slider-center":["https:\/\/contextoanalisisperiodistico.com\/wp-content\/uploads\/2024\/07\/IMG-20240706-WA0050-800x500.jpg",800,500,true],"covernews-featured":["https:\/\/contextoanalisisperiodistico.com\/wp-content\/uploads\/2024\/07\/IMG-20240706-WA0050-1024x685.jpg",1024,685,true],"covernews-medium":["https:\/\/contextoanalisisperiodistico.com\/wp-content\/uploads\/2024\/07\/IMG-20240706-WA0050-540x340.jpg",540,340,true],"covernews-medium-square":["https:\/\/contextoanalisisperiodistico.com\/wp-content\/uploads\/2024\/07\/IMG-20240706-WA0050-400x250.jpg",400,250,true]},"author_info":{"display_name":"Mario Gir\u00f3n","author_link":"https:\/\/contextoanalisisperiodistico.com\/index.php\/author\/director\/"},"category_info":"<a href=\"https:\/\/contextoanalisisperiodistico.com\/index.php\/category\/politica\/\" rel=\"category tag\">Pol\u00edtica<\/a>","tag_info":"Pol\u00edtica","comment_count":"0","jetpack_featured_media_url":"https:\/\/contextoanalisisperiodistico.com\/wp-content\/uploads\/2024\/07\/IMG-20240706-WA0050.jpg","_links":{"self":[{"href":"https:\/\/contextoanalisisperiodistico.com\/index.php\/wp-json\/wp\/v2\/posts\/28543"}],"collection":[{"href":"https:\/\/contextoanalisisperiodistico.com\/index.php\/wp-json\/wp\/v2\/posts"}],"about":[{"href":"https:\/\/contextoanalisisperiodistico.com\/index.php\/wp-json\/wp\/v2\/types\/post"}],"author":[{"embeddable":true,"href":"https:\/\/contextoanalisisperiodistico.com\/index.php\/wp-json\/wp\/v2\/users\/4"}],"replies":[{"embeddable":true,"href":"https:\/\/contextoanalisisperiodistico.com\/index.php\/wp-json\/wp\/v2\/comments?post=28543"}],"version-history":[{"count":0,"href":"https:\/\/contextoanalisisperiodistico.com\/index.php\/wp-json\/wp\/v2\/posts\/28543\/revisions"}],"wp:featuredmedia":[{"embeddable":true,"href":"https:\/\/contextoanalisisperiodistico.com\/index.php\/wp-json\/wp\/v2\/media\/28538"}],"wp:attachment":[{"href":"https:\/\/contextoanalisisperiodistico.com\/index.php\/wp-json\/wp\/v2\/media?parent=28543"}],"wp:term":[{"taxonomy":"category","embeddable":true,"href":"https:\/\/contextoanalisisperiodistico.com\/index.php\/wp-json\/wp\/v2\/categories?post=28543"},{"taxonomy":"post_tag","embeddable":true,"href":"https:\/\/contextoanalisisperiodistico.com\/index.php\/wp-json\/wp\/v2\/tags?post=28543"}],"curies":[{"name":"wp","href":"https:\/\/api.w.org\/{rel}","templated":true}]}}