{"id":28532,"date":"2024-07-06T09:21:08","date_gmt":"2024-07-06T15:21:08","guid":{"rendered":"https:\/\/contextoanalisisperiodistico.com\/index.php\/2024\/07\/06\/implementan-protocolo-cero-tolerancia-al-acoso-sexual-en-el-transporte-publico\/"},"modified":"2024-07-06T09:21:08","modified_gmt":"2024-07-06T15:21:08","slug":"implementan-protocolo-cero-tolerancia-al-acoso-sexual-en-el-transporte-publico","status":"publish","type":"post","link":"https:\/\/contextoanalisisperiodistico.com\/index.php\/2024\/07\/06\/implementan-protocolo-cero-tolerancia-al-acoso-sexual-en-el-transporte-publico\/","title":{"rendered":"Implementan Protocolo Cero Tolerancia al Acoso Sexual en el Transporte P\u00fablico"},"content":{"rendered":"<div id=\"fb-root\"><\/div>\n\n<p>\u2022 Las Secretar\u00edas de las Mujeres y de Movilidad realizaron esta estrategia con el Grupo Sertexa para prevenir y atender la violencia contra mujeres en sus desplazamientos<\/p>\n\n\n\n<figure class=\"wp-block-image size-large\"><img fetchpriority=\"high\" decoding=\"async\" width=\"1024\" height=\"682\" src=\"https:\/\/contextoanalisisperiodistico.com\/wp-content\/uploads\/2024\/07\/img-20240705-wa01238317057820783553584-1024x682.jpg\" alt=\"\" class=\"wp-image-28531\" srcset=\"https:\/\/contextoanalisisperiodistico.com\/wp-content\/uploads\/2024\/07\/img-20240705-wa01238317057820783553584-1024x682.jpg 1024w, https:\/\/contextoanalisisperiodistico.com\/wp-content\/uploads\/2024\/07\/img-20240705-wa01238317057820783553584-300x200.jpg 300w, https:\/\/contextoanalisisperiodistico.com\/wp-content\/uploads\/2024\/07\/img-20240705-wa01238317057820783553584-768x512.jpg 768w, https:\/\/contextoanalisisperiodistico.com\/wp-content\/uploads\/2024\/07\/img-20240705-wa01238317057820783553584.jpg 1280w\" sizes=\"(max-width: 1024px) 100vw, 1024px\" \/><\/figure>\n\n\n\n<figure class=\"wp-block-image\"><img decoding=\"async\" width=\"1024\" height=\"682\" src=\"https:\/\/contextoanalisisperiodistico.com\/wp-content\/uploads\/2024\/07\/img-20240705-wa01213787062348186579523-1024x682.jpg\" alt=\"\" class=\"wp-image-28529\" srcset=\"https:\/\/contextoanalisisperiodistico.com\/wp-content\/uploads\/2024\/07\/img-20240705-wa01213787062348186579523-1024x682.jpg 1024w, https:\/\/contextoanalisisperiodistico.com\/wp-content\/uploads\/2024\/07\/img-20240705-wa01213787062348186579523-300x200.jpg 300w, https:\/\/contextoanalisisperiodistico.com\/wp-content\/uploads\/2024\/07\/img-20240705-wa01213787062348186579523-768x512.jpg 768w, https:\/\/contextoanalisisperiodistico.com\/wp-content\/uploads\/2024\/07\/img-20240705-wa01213787062348186579523.jpg 1280w\" sizes=\"(max-width: 1024px) 100vw, 1024px\" \/><\/figure>\n\n\n\n<figure class=\"wp-block-image\"><img decoding=\"async\" width=\"1024\" height=\"681\" src=\"https:\/\/contextoanalisisperiodistico.com\/wp-content\/uploads\/2024\/07\/img-20240705-wa01207037854468795452499-1024x681.jpg\" alt=\"\" class=\"wp-image-28530\" srcset=\"https:\/\/contextoanalisisperiodistico.com\/wp-content\/uploads\/2024\/07\/img-20240705-wa01207037854468795452499-1024x681.jpg 1024w, https:\/\/contextoanalisisperiodistico.com\/wp-content\/uploads\/2024\/07\/img-20240705-wa01207037854468795452499-300x200.jpg 300w, https:\/\/contextoanalisisperiodistico.com\/wp-content\/uploads\/2024\/07\/img-20240705-wa01207037854468795452499-768x511.jpg 768w, https:\/\/contextoanalisisperiodistico.com\/wp-content\/uploads\/2024\/07\/img-20240705-wa01207037854468795452499-1536x1021.jpg 1536w, https:\/\/contextoanalisisperiodistico.com\/wp-content\/uploads\/2024\/07\/img-20240705-wa01207037854468795452499.jpg 1600w\" sizes=\"(max-width: 1024px) 100vw, 1024px\" \/><\/figure>\n\n\n\n<figure class=\"wp-block-image\"><img loading=\"lazy\" decoding=\"async\" width=\"1024\" height=\"682\" src=\"https:\/\/contextoanalisisperiodistico.com\/wp-content\/uploads\/2024\/07\/img-20240705-wa01223188013062633977446-1024x682.jpg\" alt=\"\" class=\"wp-image-28528\" srcset=\"https:\/\/contextoanalisisperiodistico.com\/wp-content\/uploads\/2024\/07\/img-20240705-wa01223188013062633977446-1024x682.jpg 1024w, https:\/\/contextoanalisisperiodistico.com\/wp-content\/uploads\/2024\/07\/img-20240705-wa01223188013062633977446-300x200.jpg 300w, https:\/\/contextoanalisisperiodistico.com\/wp-content\/uploads\/2024\/07\/img-20240705-wa01223188013062633977446-768x512.jpg 768w, https:\/\/contextoanalisisperiodistico.com\/wp-content\/uploads\/2024\/07\/img-20240705-wa01223188013062633977446.jpg 1280w\" sizes=\"(max-width: 1024px) 100vw, 1024px\" \/><\/figure>\n\n\n\n<p>San Antonio de la Cal, Oax. 5 de julio de 2024. Las titulares de las secretar\u00edas de las Mujeres (SM), Anah\u00ed Monserrat Sarmiento P\u00e9rez y de Movilidad (Semovi) Claudina de Gyves Mendoza, implementaron el Protocolo Cero Acoso Sexual en el Transporte P\u00fablico, con el fin de realizar acciones de atenci\u00f3n para prevenir y atender la violencia contra mujeres en sus desplazamientos.<\/p>\n\n\n\n<p>Esta estrategia se realiz\u00f3 con la empresa del Servicio de Transportaci\u00f3n Express de Antequera, S.A. de C.V. (Grupo Sertexa) como parte del programa \u201cEn Oaxaca nos Movemos Seguras\u201d para desincentivar conductas de acoso sexual en sus distintas manifestaciones. En las unidades se coloc\u00f3 el protocolo alusivo.<\/p>\n\n\n\n<p>En este arranque la titular de la Semovi, Claudina de Gyves Mendoza, detall\u00f3 que este protocolo es una gu\u00eda de actuaci\u00f3n para que a las adolescentes y mujeres se les brinde protecci\u00f3n cuando sean vulneradas por este comportamiento, as\u00ed tambi\u00e9n para que las personas operadoras sigan un proceso de atenci\u00f3n cuando se presenten estas situaciones dentro de la unidad y cuenten con el apoyo de las autoridades correspondientes.<\/p>\n\n\n\n<p>Dijo que estas acciones responden al compromiso del gobierno de la Primavera Oaxaque\u00f1a para integrar mecanismos con Perspectiva de G\u00e9nero y se respeten los derechos humanos de las oaxaque\u00f1as a fin de que puedan tener una vida libre de violencia. \u201cLa movilidad debe garantizarse en espacios libres y seguros\u201d, se\u00f1al\u00f3.<\/p>\n\n\n\n<p>En su oportunidad la titular de la Secretar\u00eda de las Mujeres (SM) Anah\u00ed Monserrat Sarmiento P\u00e9rez reconoci\u00f3 la importancia de estas acciones como parte de la transversalizaci\u00f3n de la perspectiva de g\u00e9nero porque contribuyen a visibilizar que la violencia no es normal en ning\u00fan espacio, privado o p\u00fablico y que se deben generar lugares m\u00e1s seguros para las mujeres de Oaxaca.<\/p>\n\n\n\n<p>Refiri\u00f3 que de acuerdo con la Encuesta Nacional sobre la Din\u00e1mica de las Relaciones en los Hogares 2021, en la entidad las mujeres de 15 a\u00f1os y m\u00e1s que experimentaron violencia en el \u00e1mbito comunitario, 74 por ciento fue en la calle, y el 11 por ciento en el transporte p\u00fablico. A lo que se\u00f1al\u00f3 que m\u00e1s all\u00e1 de los n\u00fameros, lo urgente es la concientizaci\u00f3n sobre qu\u00e9 es el acoso sexual en el transporte p\u00fablico y que los hombres, con esta campa\u00f1a, reflexionen y reconozcan si han incurrido en este delito.<\/p>\n\n\n\n<p>Para la elaboraci\u00f3n del Protocolo se realizaron acciones coordinadas con las Secretar\u00edas de las Mujeres, de Movilidad y de Seguridad y Protecci\u00f3n Ciudadana (SSPC), as\u00ed como con la Fiscal\u00eda General del Estado de Oaxaca (FGEO), la empresa operadora de transporte p\u00fablico colectivo y personas operadoras de la misma empresa.<\/p>\n\n\n\n<p>En su implementaci\u00f3n, se aplicaron encuestas a adolescentes y mujeres usuarias, una campa\u00f1a de difusi\u00f3n para identificar, prevenir y denunciar el acoso sexual y capacitaciones a las personas concesionarias y operadoras para conocer la problem\u00e1tica y la aplicaci\u00f3n del protocolo.<\/p>\n\n\n\n<p>Asistieron la representante del Grupo Sertexa, Marjai Garc\u00eda Villanueva y el vicefiscal de Valles Centrales de la FGEO, Samuel Jim\u00e9nez Acevedo.<\/p>\n\n\n\n<p>-0-<\/p>\n","protected":false},"excerpt":{"rendered":"<p>\u2022 Las Secretar\u00edas de las Mujeres y de Movilidad realizaron esta estrategia con el Grupo&#8230;<\/p>\n","protected":false},"author":4,"featured_media":28527,"comment_status":"","ping_status":"open","sticky":false,"template":"","format":"standard","meta":{"footnotes":""},"categories":[3],"tags":[],"jetpack_sharing_enabled":true,"featured_image_urls":{"full":["https:\/\/contextoanalisisperiodistico.com\/wp-content\/uploads\/2024\/07\/IMG-20240705-WA0124.jpg",1280,853,false],"thumbnail":["https:\/\/contextoanalisisperiodistico.com\/wp-content\/uploads\/2024\/07\/IMG-20240705-WA0124-150x150.jpg",150,150,true],"medium":["https:\/\/contextoanalisisperiodistico.com\/wp-content\/uploads\/2024\/07\/IMG-20240705-WA0124-300x200.jpg",300,200,true],"medium_large":["https:\/\/contextoanalisisperiodistico.com\/wp-content\/uploads\/2024\/07\/IMG-20240705-WA0124-768x512.jpg",640,427,true],"large":["https:\/\/contextoanalisisperiodistico.com\/wp-content\/uploads\/2024\/07\/IMG-20240705-WA0124-1024x682.jpg",640,426,true],"1536x1536":["https:\/\/contextoanalisisperiodistico.com\/wp-content\/uploads\/2024\/07\/IMG-20240705-WA0124.jpg",1280,853,false],"2048x2048":["https:\/\/contextoanalisisperiodistico.com\/wp-content\/uploads\/2024\/07\/IMG-20240705-WA0124.jpg",1280,853,false],"covernews-slider-full":["https:\/\/contextoanalisisperiodistico.com\/wp-content\/uploads\/2024\/07\/IMG-20240705-WA0124-1115x715.jpg",1115,715,true],"covernews-slider-center":["https:\/\/contextoanalisisperiodistico.com\/wp-content\/uploads\/2024\/07\/IMG-20240705-WA0124-800x500.jpg",800,500,true],"covernews-featured":["https:\/\/contextoanalisisperiodistico.com\/wp-content\/uploads\/2024\/07\/IMG-20240705-WA0124-1024x682.jpg",1024,682,true],"covernews-medium":["https:\/\/contextoanalisisperiodistico.com\/wp-content\/uploads\/2024\/07\/IMG-20240705-WA0124-540x340.jpg",540,340,true],"covernews-medium-square":["https:\/\/contextoanalisisperiodistico.com\/wp-content\/uploads\/2024\/07\/IMG-20240705-WA0124-400x250.jpg",400,250,true]},"author_info":{"display_name":"Mario Gir\u00f3n","author_link":"https:\/\/contextoanalisisperiodistico.com\/index.php\/author\/director\/"},"category_info":"<a href=\"https:\/\/contextoanalisisperiodistico.com\/index.php\/category\/ciudad\/\" rel=\"category tag\">Ciudad<\/a>","tag_info":"Ciudad","comment_count":"0","jetpack_featured_media_url":"https:\/\/contextoanalisisperiodistico.com\/wp-content\/uploads\/2024\/07\/IMG-20240705-WA0124.jpg","_links":{"self":[{"href":"https:\/\/contextoanalisisperiodistico.com\/index.php\/wp-json\/wp\/v2\/posts\/28532"}],"collection":[{"href":"https:\/\/contextoanalisisperiodistico.com\/index.php\/wp-json\/wp\/v2\/posts"}],"about":[{"href":"https:\/\/contextoanalisisperiodistico.com\/index.php\/wp-json\/wp\/v2\/types\/post"}],"author":[{"embeddable":true,"href":"https:\/\/contextoanalisisperiodistico.com\/index.php\/wp-json\/wp\/v2\/users\/4"}],"replies":[{"embeddable":true,"href":"https:\/\/contextoanalisisperiodistico.com\/index.php\/wp-json\/wp\/v2\/comments?post=28532"}],"version-history":[{"count":0,"href":"https:\/\/contextoanalisisperiodistico.com\/index.php\/wp-json\/wp\/v2\/posts\/28532\/revisions"}],"wp:featuredmedia":[{"embeddable":true,"href":"https:\/\/contextoanalisisperiodistico.com\/index.php\/wp-json\/wp\/v2\/media\/28527"}],"wp:attachment":[{"href":"https:\/\/contextoanalisisperiodistico.com\/index.php\/wp-json\/wp\/v2\/media?parent=28532"}],"wp:term":[{"taxonomy":"category","embeddable":true,"href":"https:\/\/contextoanalisisperiodistico.com\/index.php\/wp-json\/wp\/v2\/categories?post=28532"},{"taxonomy":"post_tag","embeddable":true,"href":"https:\/\/contextoanalisisperiodistico.com\/index.php\/wp-json\/wp\/v2\/tags?post=28532"}],"curies":[{"name":"wp","href":"https:\/\/api.w.org\/{rel}","templated":true}]}}