{"id":28510,"date":"2024-07-05T20:09:41","date_gmt":"2024-07-06T02:09:41","guid":{"rendered":"https:\/\/contextoanalisisperiodistico.com\/index.php\/2024\/07\/05\/alistan-mega-tequio-oaxaca-unida-contra-el-dengue\/"},"modified":"2024-07-05T20:09:41","modified_gmt":"2024-07-06T02:09:41","slug":"alistan-mega-tequio-oaxaca-unida-contra-el-dengue","status":"publish","type":"post","link":"https:\/\/contextoanalisisperiodistico.com\/index.php\/2024\/07\/05\/alistan-mega-tequio-oaxaca-unida-contra-el-dengue\/","title":{"rendered":"Alistan Mega Tequio Oaxaca Unida Contra el Dengue"},"content":{"rendered":"<div id=\"fb-root\"><\/div>\n\n<p>\u2022 M\u00e1s de 2 mil personas, entre ellos voluntarios, se sumar\u00e1n a las acciones preventivas con el dengue visitando casa por casa<\/p>\n\n\n\n<figure class=\"wp-block-image size-large\"><img fetchpriority=\"high\" decoding=\"async\" width=\"800\" height=\"533\" src=\"https:\/\/contextoanalisisperiodistico.com\/wp-content\/uploads\/2024\/07\/img-20240705-wa01165112428773109024156.jpg\" alt=\"\" class=\"wp-image-28506\" srcset=\"https:\/\/contextoanalisisperiodistico.com\/wp-content\/uploads\/2024\/07\/img-20240705-wa01165112428773109024156.jpg 800w, https:\/\/contextoanalisisperiodistico.com\/wp-content\/uploads\/2024\/07\/img-20240705-wa01165112428773109024156-300x200.jpg 300w, https:\/\/contextoanalisisperiodistico.com\/wp-content\/uploads\/2024\/07\/img-20240705-wa01165112428773109024156-768x512.jpg 768w\" sizes=\"(max-width: 800px) 100vw, 800px\" \/><\/figure>\n\n\n\n<figure class=\"wp-block-image\"><img decoding=\"async\" width=\"300\" height=\"200\" src=\"https:\/\/contextoanalisisperiodistico.com\/wp-content\/uploads\/2024\/07\/img-20240705-wa01187262785787585475494-300x200.jpg\" alt=\"\" class=\"wp-image-28508\" srcset=\"https:\/\/contextoanalisisperiodistico.com\/wp-content\/uploads\/2024\/07\/img-20240705-wa01187262785787585475494-300x200.jpg 300w, https:\/\/contextoanalisisperiodistico.com\/wp-content\/uploads\/2024\/07\/img-20240705-wa01187262785787585475494-768x512.jpg 768w, https:\/\/contextoanalisisperiodistico.com\/wp-content\/uploads\/2024\/07\/img-20240705-wa01187262785787585475494.jpg 800w\" sizes=\"(max-width: 300px) 100vw, 300px\" \/><\/figure>\n\n\n\n<figure class=\"wp-block-image\"><img decoding=\"async\" width=\"300\" height=\"200\" src=\"https:\/\/contextoanalisisperiodistico.com\/wp-content\/uploads\/2024\/07\/img-20240705-wa01142734670479569843394-300x200.jpg\" alt=\"\" class=\"wp-image-28505\" srcset=\"https:\/\/contextoanalisisperiodistico.com\/wp-content\/uploads\/2024\/07\/img-20240705-wa01142734670479569843394-300x200.jpg 300w, https:\/\/contextoanalisisperiodistico.com\/wp-content\/uploads\/2024\/07\/img-20240705-wa01142734670479569843394-768x512.jpg 768w, https:\/\/contextoanalisisperiodistico.com\/wp-content\/uploads\/2024\/07\/img-20240705-wa01142734670479569843394.jpg 800w\" sizes=\"(max-width: 300px) 100vw, 300px\" \/><\/figure>\n\n\n\n<figure class=\"wp-block-image\"><img loading=\"lazy\" decoding=\"async\" width=\"300\" height=\"200\" src=\"https:\/\/contextoanalisisperiodistico.com\/wp-content\/uploads\/2024\/07\/img-20240705-wa01195168671339131711444-300x200.jpg\" alt=\"\" class=\"wp-image-28507\" srcset=\"https:\/\/contextoanalisisperiodistico.com\/wp-content\/uploads\/2024\/07\/img-20240705-wa01195168671339131711444-300x200.jpg 300w, https:\/\/contextoanalisisperiodistico.com\/wp-content\/uploads\/2024\/07\/img-20240705-wa01195168671339131711444-768x512.jpg 768w, https:\/\/contextoanalisisperiodistico.com\/wp-content\/uploads\/2024\/07\/img-20240705-wa01195168671339131711444.jpg 800w\" sizes=\"(max-width: 300px) 100vw, 300px\" \/><\/figure>\n\n\n\n<figure class=\"wp-block-image\"><img loading=\"lazy\" decoding=\"async\" width=\"300\" height=\"200\" src=\"https:\/\/contextoanalisisperiodistico.com\/wp-content\/uploads\/2024\/07\/img-20240705-wa01176844998152657312115-300x200.jpg\" alt=\"\" class=\"wp-image-28509\" srcset=\"https:\/\/contextoanalisisperiodistico.com\/wp-content\/uploads\/2024\/07\/img-20240705-wa01176844998152657312115-300x200.jpg 300w, https:\/\/contextoanalisisperiodistico.com\/wp-content\/uploads\/2024\/07\/img-20240705-wa01176844998152657312115-768x512.jpg 768w, https:\/\/contextoanalisisperiodistico.com\/wp-content\/uploads\/2024\/07\/img-20240705-wa01176844998152657312115.jpg 800w\" sizes=\"(max-width: 300px) 100vw, 300px\" \/><\/figure>\n\n\n\n<p>\u2022 Se convoca a la poblaci\u00f3n a participar en la eliminaci\u00f3n de criaderos<\/p>\n\n\n\n<p>Oaxaca de Ju\u00e1rez, Oax. 5 de julio de 2024.- Servicios de Salud de Oaxaca (SSO) informa que para la adecuada log\u00edstica del Mega Tequio \u201cOaxaca Unida Contra el Dengue\u201d a desarrollarse este 6 y 7 de julio, se capacitaron a m\u00e1s de dos mil personas voluntarias y personal de las instituciones del Gabinete Social del Gobierno del Estado de Oaxaca que recorrer\u00e1n casa por casa los 25 municipios prioritarios en la zona conurbada de Valles Centrales.<\/p>\n\n\n\n<p>La dependencia precisa que para el \u00e9xito de la estrategia, y lograr informar a la poblaci\u00f3n de manera correcta sobre el virus que transmite el zancudo Aedes aegypti, se llevaron a cabo durante dos d\u00edas capacitaciones a las brigadas que se conformaron, sobre el ciclo del vector, herramientas para identificar criaderos del mosquito, y el uso correcto del abate para la eliminaci\u00f3n de larvas.<\/p>\n\n\n\n<p>Con la finalidad de educar a las personas sobre el cuidado del agua, las medidas preventivas y recomendaciones para eliminar los criaderos potenciales del vector.<\/p>\n\n\n\n<p>Y es que la instrucci\u00f3n del Gobernador del Estado, Salom\u00f3n Jara Cruz y de la titular de los SSO, Alma Lilia Velasco Hern\u00e1ndez, es fortalecer acciones encaminadas a la prevenci\u00f3n y control de la enfermedad, un problema de salud p\u00fablica a nivel mundial, del cual se tiene el registro en la entidad de mil 53 casos.<\/p>\n\n\n\n<p>El fin de semana se har\u00e1 un barrido completo casa por casa en las zonas de mayor n\u00famero de casos en Oaxaca de Ju\u00e1rez, Santa Luc\u00eda del Camino, San Antonio de la Cal, Santa Cruz Xoxocotl\u00e1n, San Jacinto Amilpas, San Agust\u00edn de las Juntas, San Sebasti\u00e1n Tutla, Santa Cruz Amilpas, Santa Mar\u00eda Atzompa y Villa de Zaachila.<\/p>\n\n\n\n<p>As\u00ed como Cuil\u00e1pam de Guerrero, San Agust\u00edn Yatareni, San Raymundo Jalpan, \u00c1nimas Trujano, Tlalixtac de Cabrera, San Andr\u00e9s Huay\u00e1pam, Guadalupe Etla, Miahuatl\u00e1n de Porfirio D\u00edaz, Nazareno Etla, San Bartolo Coyotepec, San Lorenzo Cacaotepec, San Pablo Huixtepec, San Pedro Ixtlahuaca, Santa Mar\u00eda del Tule y Teotitl\u00e1n de Flores Mag\u00f3n.<\/p>\n\n\n\n<p>Finalmente, la instituci\u00f3n invita a la poblaci\u00f3n a sumarse a estas acciones para evitar complicaciones en su salud, dejando pasar a las y los voluntarios debidamente acreditados y el personal de vectores uniformados, para que en un trabajo en conjunto entre sociedad y gobierno, se logre disminuir los casos de dengue en la entidad.<br \/>-0-<\/p>\n\n\n\n<p><\/p>\n","protected":false},"excerpt":{"rendered":"<p>\u2022 M\u00e1s de 2 mil personas, entre ellos voluntarios, se sumar\u00e1n a las acciones preventivas&#8230;<\/p>\n","protected":false},"author":4,"featured_media":28504,"comment_status":"","ping_status":"open","sticky":false,"template":"","format":"standard","meta":{"footnotes":""},"categories":[9],"tags":[],"jetpack_sharing_enabled":true,"featured_image_urls":{"full":["https:\/\/contextoanalisisperiodistico.com\/wp-content\/uploads\/2024\/07\/IMG-20240705-WA0113.jpg",800,533,false],"thumbnail":["https:\/\/contextoanalisisperiodistico.com\/wp-content\/uploads\/2024\/07\/IMG-20240705-WA0113-150x150.jpg",150,150,true],"medium":["https:\/\/contextoanalisisperiodistico.com\/wp-content\/uploads\/2024\/07\/IMG-20240705-WA0113-300x200.jpg",300,200,true],"medium_large":["https:\/\/contextoanalisisperiodistico.com\/wp-content\/uploads\/2024\/07\/IMG-20240705-WA0113-768x512.jpg",640,427,true],"large":["https:\/\/contextoanalisisperiodistico.com\/wp-content\/uploads\/2024\/07\/IMG-20240705-WA0113.jpg",640,426,false],"1536x1536":["https:\/\/contextoanalisisperiodistico.com\/wp-content\/uploads\/2024\/07\/IMG-20240705-WA0113.jpg",800,533,false],"2048x2048":["https:\/\/contextoanalisisperiodistico.com\/wp-content\/uploads\/2024\/07\/IMG-20240705-WA0113.jpg",800,533,false],"covernews-slider-full":["https:\/\/contextoanalisisperiodistico.com\/wp-content\/uploads\/2024\/07\/IMG-20240705-WA0113.jpg",800,533,false],"covernews-slider-center":["https:\/\/contextoanalisisperiodistico.com\/wp-content\/uploads\/2024\/07\/IMG-20240705-WA0113-800x500.jpg",800,500,true],"covernews-featured":["https:\/\/contextoanalisisperiodistico.com\/wp-content\/uploads\/2024\/07\/IMG-20240705-WA0113.jpg",800,533,false],"covernews-medium":["https:\/\/contextoanalisisperiodistico.com\/wp-content\/uploads\/2024\/07\/IMG-20240705-WA0113-540x340.jpg",540,340,true],"covernews-medium-square":["https:\/\/contextoanalisisperiodistico.com\/wp-content\/uploads\/2024\/07\/IMG-20240705-WA0113-400x250.jpg",400,250,true]},"author_info":{"display_name":"Mario Gir\u00f3n","author_link":"https:\/\/contextoanalisisperiodistico.com\/index.php\/author\/director\/"},"category_info":"<a href=\"https:\/\/contextoanalisisperiodistico.com\/index.php\/category\/politica\/\" rel=\"category tag\">Pol\u00edtica<\/a>","tag_info":"Pol\u00edtica","comment_count":"0","jetpack_featured_media_url":"https:\/\/contextoanalisisperiodistico.com\/wp-content\/uploads\/2024\/07\/IMG-20240705-WA0113.jpg","_links":{"self":[{"href":"https:\/\/contextoanalisisperiodistico.com\/index.php\/wp-json\/wp\/v2\/posts\/28510"}],"collection":[{"href":"https:\/\/contextoanalisisperiodistico.com\/index.php\/wp-json\/wp\/v2\/posts"}],"about":[{"href":"https:\/\/contextoanalisisperiodistico.com\/index.php\/wp-json\/wp\/v2\/types\/post"}],"author":[{"embeddable":true,"href":"https:\/\/contextoanalisisperiodistico.com\/index.php\/wp-json\/wp\/v2\/users\/4"}],"replies":[{"embeddable":true,"href":"https:\/\/contextoanalisisperiodistico.com\/index.php\/wp-json\/wp\/v2\/comments?post=28510"}],"version-history":[{"count":0,"href":"https:\/\/contextoanalisisperiodistico.com\/index.php\/wp-json\/wp\/v2\/posts\/28510\/revisions"}],"wp:featuredmedia":[{"embeddable":true,"href":"https:\/\/contextoanalisisperiodistico.com\/index.php\/wp-json\/wp\/v2\/media\/28504"}],"wp:attachment":[{"href":"https:\/\/contextoanalisisperiodistico.com\/index.php\/wp-json\/wp\/v2\/media?parent=28510"}],"wp:term":[{"taxonomy":"category","embeddable":true,"href":"https:\/\/contextoanalisisperiodistico.com\/index.php\/wp-json\/wp\/v2\/categories?post=28510"},{"taxonomy":"post_tag","embeddable":true,"href":"https:\/\/contextoanalisisperiodistico.com\/index.php\/wp-json\/wp\/v2\/tags?post=28510"}],"curies":[{"name":"wp","href":"https:\/\/api.w.org\/{rel}","templated":true}]}}