{"id":28494,"date":"2024-07-05T18:49:55","date_gmt":"2024-07-06T00:49:55","guid":{"rendered":"https:\/\/contextoanalisisperiodistico.com\/index.php\/2024\/07\/05\/avanza-farmacias-bienestar-hacia-el-acceso-equitativo-de-la-salud-en-oaxaca-2\/"},"modified":"2024-07-05T18:49:55","modified_gmt":"2024-07-06T00:49:55","slug":"avanza-farmacias-bienestar-hacia-el-acceso-equitativo-de-la-salud-en-oaxaca-2","status":"publish","type":"post","link":"https:\/\/contextoanalisisperiodistico.com\/index.php\/2024\/07\/05\/avanza-farmacias-bienestar-hacia-el-acceso-equitativo-de-la-salud-en-oaxaca-2\/","title":{"rendered":"Avanza Farmacias Bienestar hacia el acceso equitativo de la salud en Oaxaca"},"content":{"rendered":"<div id=\"fb-root\"><\/div>\n\n<p>\u2022 Entrega 277 tarjetas de este programa a personas beneficiarias de Magdalena Apasco y Nazareno Etla<\/p>\n\n\n\n<figure class=\"wp-block-image size-large\"><img fetchpriority=\"high\" decoding=\"async\" width=\"900\" height=\"600\" src=\"https:\/\/contextoanalisisperiodistico.com\/wp-content\/uploads\/2024\/07\/img-20240704-wa00693880257532856266171.jpg\" alt=\"\" class=\"wp-image-28490\" srcset=\"https:\/\/contextoanalisisperiodistico.com\/wp-content\/uploads\/2024\/07\/img-20240704-wa00693880257532856266171.jpg 900w, https:\/\/contextoanalisisperiodistico.com\/wp-content\/uploads\/2024\/07\/img-20240704-wa00693880257532856266171-300x200.jpg 300w, https:\/\/contextoanalisisperiodistico.com\/wp-content\/uploads\/2024\/07\/img-20240704-wa00693880257532856266171-768x512.jpg 768w\" sizes=\"(max-width: 900px) 100vw, 900px\" \/><\/figure>\n\n\n\n<figure class=\"wp-block-image\"><img decoding=\"async\" width=\"300\" height=\"200\" src=\"https:\/\/contextoanalisisperiodistico.com\/wp-content\/uploads\/2024\/07\/img-20240704-wa00736767454088721268824-300x200.jpg\" alt=\"\" class=\"wp-image-28491\" srcset=\"https:\/\/contextoanalisisperiodistico.com\/wp-content\/uploads\/2024\/07\/img-20240704-wa00736767454088721268824-300x200.jpg 300w, https:\/\/contextoanalisisperiodistico.com\/wp-content\/uploads\/2024\/07\/img-20240704-wa00736767454088721268824-768x512.jpg 768w, https:\/\/contextoanalisisperiodistico.com\/wp-content\/uploads\/2024\/07\/img-20240704-wa00736767454088721268824.jpg 900w\" sizes=\"(max-width: 300px) 100vw, 300px\" \/><\/figure>\n\n\n\n<figure class=\"wp-block-image\"><img decoding=\"async\" width=\"300\" height=\"200\" src=\"https:\/\/contextoanalisisperiodistico.com\/wp-content\/uploads\/2024\/07\/img-20240704-wa00712032563882821737419-300x200.jpg\" alt=\"\" class=\"wp-image-28492\" srcset=\"https:\/\/contextoanalisisperiodistico.com\/wp-content\/uploads\/2024\/07\/img-20240704-wa00712032563882821737419-300x200.jpg 300w, https:\/\/contextoanalisisperiodistico.com\/wp-content\/uploads\/2024\/07\/img-20240704-wa00712032563882821737419-768x512.jpg 768w, https:\/\/contextoanalisisperiodistico.com\/wp-content\/uploads\/2024\/07\/img-20240704-wa00712032563882821737419.jpg 900w\" sizes=\"(max-width: 300px) 100vw, 300px\" \/><\/figure>\n\n\n\n<figure class=\"wp-block-image\"><img loading=\"lazy\" decoding=\"async\" width=\"300\" height=\"200\" src=\"https:\/\/contextoanalisisperiodistico.com\/wp-content\/uploads\/2024\/07\/img-20240704-wa00727719995139589680262-300x200.jpg\" alt=\"\" class=\"wp-image-28493\" srcset=\"https:\/\/contextoanalisisperiodistico.com\/wp-content\/uploads\/2024\/07\/img-20240704-wa00727719995139589680262-300x200.jpg 300w, https:\/\/contextoanalisisperiodistico.com\/wp-content\/uploads\/2024\/07\/img-20240704-wa00727719995139589680262-768x512.jpg 768w, https:\/\/contextoanalisisperiodistico.com\/wp-content\/uploads\/2024\/07\/img-20240704-wa00727719995139589680262.jpg 900w\" sizes=\"(max-width: 300px) 100vw, 300px\" \/><\/figure>\n\n\n\n<p>\u2022 El objetivo es garantizar el acceso a este derecho en 110 mil personas de todo el estado<br \/>Oaxaca de Ju\u00e1rez, Oax. 4 de julio de 2024.- Con la entrega de 277 tarjetas del Programa de Atenci\u00f3n a la Poblaci\u00f3n con Carencia por Acceso a los Servicios de Salud, Farmacias Bienestar a personas beneficiarias de los municipios de Magdalena Apasco y Nazareno Etla, el Gobierno del Estado a trav\u00e9s de la Secretar\u00eda de Bienestar, Tequio e Inclusi\u00f3n (Sebienti), avanza hacia el acceso equitativo de la salud en Oaxaca.<\/p>\n\n\n\n<p>La titular de la dependencia, Luz Alejandra Hern\u00e1ndez Rojas, enfatiz\u00f3 la importancia de este programa como un catalizador para mejorar la calidad de vida y fortalecer la resiliencia comunitaria ante los desaf\u00edos que enfrenta la salud p\u00fablica.<\/p>\n\n\n\n<p>De esta manera, destac\u00f3 que el objetivo es beneficiar en todo el estado a 110 mil personas mayores de 18 an\u0303os, sin derechohabiencia a servicios de salud y con un ingreso promedio del hogar inferior a la l\u00ednea de pobreza extrema.<\/p>\n\n\n\n<p>De esta manera, 152 personas de Magdalena Apasco y 125 de Nazareno Etla recibieron su Tarjeta Farmacias Bienestar, con lo que podr\u00e1n acceder a consultas m\u00e9dicas ilimitadas, revisiones dentales, ex\u00e1menes de la vista, tres medicamentos del cuadro b\u00e1sico mensual, seis estudios de laboratorio del cuadro b\u00e1sico anual, entre otros servicios.<\/p>\n\n\n\n<p>Cabe destacar que las personas que se registran en este programa podr\u00e1n afiliar hasta cuatro personas que sean sus hijas, hijos, nin\u0303as, nin\u0303os o adolescentes menores de 18 an\u0303os, asi\u0301 como c\u00f3nyuge o personas adultas mayores con discapacidad permanente que tengan bajo su custodia.<\/p>\n\n\n\n<p>De esta forma, el Gobierno de la Primavera Oaxaque\u00f1a fortalece la Reparaci\u00f3n Hist\u00f3rica de los Pueblos, y asegura que nadie se quede atr\u00e1s y nadie se quede afuera en el goce de sus derechos fundamentales.<\/p>\n\n\n\n<p>-0-<\/p>\n","protected":false},"excerpt":{"rendered":"<p>\u2022 Entrega 277 tarjetas de este programa a personas beneficiarias de Magdalena Apasco y Nazareno&#8230;<\/p>\n","protected":false},"author":4,"featured_media":28489,"comment_status":"","ping_status":"open","sticky":false,"template":"","format":"standard","meta":{"footnotes":""},"categories":[9],"tags":[],"jetpack_sharing_enabled":true,"featured_image_urls":{"full":["https:\/\/contextoanalisisperiodistico.com\/wp-content\/uploads\/2024\/07\/IMG-20240704-WA0070-1.jpg",1280,960,false],"thumbnail":["https:\/\/contextoanalisisperiodistico.com\/wp-content\/uploads\/2024\/07\/IMG-20240704-WA0070-1-150x150.jpg",150,150,true],"medium":["https:\/\/contextoanalisisperiodistico.com\/wp-content\/uploads\/2024\/07\/IMG-20240704-WA0070-1-300x225.jpg",300,225,true],"medium_large":["https:\/\/contextoanalisisperiodistico.com\/wp-content\/uploads\/2024\/07\/IMG-20240704-WA0070-1-768x576.jpg",640,480,true],"large":["https:\/\/contextoanalisisperiodistico.com\/wp-content\/uploads\/2024\/07\/IMG-20240704-WA0070-1-1024x768.jpg",640,480,true],"1536x1536":["https:\/\/contextoanalisisperiodistico.com\/wp-content\/uploads\/2024\/07\/IMG-20240704-WA0070-1.jpg",1280,960,false],"2048x2048":["https:\/\/contextoanalisisperiodistico.com\/wp-content\/uploads\/2024\/07\/IMG-20240704-WA0070-1.jpg",1280,960,false],"covernews-slider-full":["https:\/\/contextoanalisisperiodistico.com\/wp-content\/uploads\/2024\/07\/IMG-20240704-WA0070-1-1115x715.jpg",1115,715,true],"covernews-slider-center":["https:\/\/contextoanalisisperiodistico.com\/wp-content\/uploads\/2024\/07\/IMG-20240704-WA0070-1-800x500.jpg",800,500,true],"covernews-featured":["https:\/\/contextoanalisisperiodistico.com\/wp-content\/uploads\/2024\/07\/IMG-20240704-WA0070-1-1024x768.jpg",1024,768,true],"covernews-medium":["https:\/\/contextoanalisisperiodistico.com\/wp-content\/uploads\/2024\/07\/IMG-20240704-WA0070-1-540x340.jpg",540,340,true],"covernews-medium-square":["https:\/\/contextoanalisisperiodistico.com\/wp-content\/uploads\/2024\/07\/IMG-20240704-WA0070-1-400x250.jpg",400,250,true]},"author_info":{"display_name":"Mario Gir\u00f3n","author_link":"https:\/\/contextoanalisisperiodistico.com\/index.php\/author\/director\/"},"category_info":"<a href=\"https:\/\/contextoanalisisperiodistico.com\/index.php\/category\/politica\/\" rel=\"category tag\">Pol\u00edtica<\/a>","tag_info":"Pol\u00edtica","comment_count":"0","jetpack_featured_media_url":"https:\/\/contextoanalisisperiodistico.com\/wp-content\/uploads\/2024\/07\/IMG-20240704-WA0070-1.jpg","_links":{"self":[{"href":"https:\/\/contextoanalisisperiodistico.com\/index.php\/wp-json\/wp\/v2\/posts\/28494"}],"collection":[{"href":"https:\/\/contextoanalisisperiodistico.com\/index.php\/wp-json\/wp\/v2\/posts"}],"about":[{"href":"https:\/\/contextoanalisisperiodistico.com\/index.php\/wp-json\/wp\/v2\/types\/post"}],"author":[{"embeddable":true,"href":"https:\/\/contextoanalisisperiodistico.com\/index.php\/wp-json\/wp\/v2\/users\/4"}],"replies":[{"embeddable":true,"href":"https:\/\/contextoanalisisperiodistico.com\/index.php\/wp-json\/wp\/v2\/comments?post=28494"}],"version-history":[{"count":0,"href":"https:\/\/contextoanalisisperiodistico.com\/index.php\/wp-json\/wp\/v2\/posts\/28494\/revisions"}],"wp:featuredmedia":[{"embeddable":true,"href":"https:\/\/contextoanalisisperiodistico.com\/index.php\/wp-json\/wp\/v2\/media\/28489"}],"wp:attachment":[{"href":"https:\/\/contextoanalisisperiodistico.com\/index.php\/wp-json\/wp\/v2\/media?parent=28494"}],"wp:term":[{"taxonomy":"category","embeddable":true,"href":"https:\/\/contextoanalisisperiodistico.com\/index.php\/wp-json\/wp\/v2\/categories?post=28494"},{"taxonomy":"post_tag","embeddable":true,"href":"https:\/\/contextoanalisisperiodistico.com\/index.php\/wp-json\/wp\/v2\/tags?post=28494"}],"curies":[{"name":"wp","href":"https:\/\/api.w.org\/{rel}","templated":true}]}}