{"id":28488,"date":"2024-07-05T18:44:01","date_gmt":"2024-07-06T00:44:01","guid":{"rendered":"https:\/\/contextoanalisisperiodistico.com\/index.php\/2024\/07\/05\/con-mas-de-4-mdp-se-reapertura-templo-catolico-de-santa-lucia-del-camino\/"},"modified":"2024-07-05T18:44:01","modified_gmt":"2024-07-06T00:44:01","slug":"con-mas-de-4-mdp-se-reapertura-templo-catolico-de-santa-lucia-del-camino","status":"publish","type":"post","link":"https:\/\/contextoanalisisperiodistico.com\/index.php\/2024\/07\/05\/con-mas-de-4-mdp-se-reapertura-templo-catolico-de-santa-lucia-del-camino\/","title":{"rendered":"Con m\u00e1s de 4 mdp se reapertura Templo cat\u00f3lico de Santa Luc\u00eda del Camino"},"content":{"rendered":"<div id=\"fb-root\"><\/div>\n\n<p>\u2022 El Gobernador Salom\u00f3n Jara Cruz y la secretaria de Cultura del Gobierno de M\u00e9xico, Alejandra Frausto Guerrero constataron los trabajos realizados<\/p>\n\n\n\n<figure class=\"wp-block-image size-large\"><img fetchpriority=\"high\" decoding=\"async\" width=\"800\" height=\"533\" src=\"https:\/\/contextoanalisisperiodistico.com\/wp-content\/uploads\/2024\/07\/img-20240705-wa00623302413995601190235.jpg\" alt=\"\" class=\"wp-image-28485\" srcset=\"https:\/\/contextoanalisisperiodistico.com\/wp-content\/uploads\/2024\/07\/img-20240705-wa00623302413995601190235.jpg 800w, https:\/\/contextoanalisisperiodistico.com\/wp-content\/uploads\/2024\/07\/img-20240705-wa00623302413995601190235-300x200.jpg 300w, https:\/\/contextoanalisisperiodistico.com\/wp-content\/uploads\/2024\/07\/img-20240705-wa00623302413995601190235-768x512.jpg 768w\" sizes=\"(max-width: 800px) 100vw, 800px\" \/><\/figure>\n\n\n\n<figure class=\"wp-block-image\"><img decoding=\"async\" width=\"300\" height=\"200\" src=\"https:\/\/contextoanalisisperiodistico.com\/wp-content\/uploads\/2024\/07\/img-20240705-wa00605397527918750041009-300x200.jpg\" alt=\"\" class=\"wp-image-28484\" srcset=\"https:\/\/contextoanalisisperiodistico.com\/wp-content\/uploads\/2024\/07\/img-20240705-wa00605397527918750041009-300x200.jpg 300w, https:\/\/contextoanalisisperiodistico.com\/wp-content\/uploads\/2024\/07\/img-20240705-wa00605397527918750041009-768x512.jpg 768w, https:\/\/contextoanalisisperiodistico.com\/wp-content\/uploads\/2024\/07\/img-20240705-wa00605397527918750041009.jpg 800w\" sizes=\"(max-width: 300px) 100vw, 300px\" \/><\/figure>\n\n\n\n<figure class=\"wp-block-image\"><img decoding=\"async\" width=\"300\" height=\"200\" src=\"https:\/\/contextoanalisisperiodistico.com\/wp-content\/uploads\/2024\/07\/img-20240705-wa00688953544848635520598-300x200.jpg\" alt=\"\" class=\"wp-image-28486\" srcset=\"https:\/\/contextoanalisisperiodistico.com\/wp-content\/uploads\/2024\/07\/img-20240705-wa00688953544848635520598-300x200.jpg 300w, https:\/\/contextoanalisisperiodistico.com\/wp-content\/uploads\/2024\/07\/img-20240705-wa00688953544848635520598-768x512.jpg 768w, https:\/\/contextoanalisisperiodistico.com\/wp-content\/uploads\/2024\/07\/img-20240705-wa00688953544848635520598.jpg 800w\" sizes=\"(max-width: 300px) 100vw, 300px\" \/><\/figure>\n\n\n\n<figure class=\"wp-block-image\"><img loading=\"lazy\" decoding=\"async\" width=\"300\" height=\"200\" src=\"https:\/\/contextoanalisisperiodistico.com\/wp-content\/uploads\/2024\/07\/img-20240705-wa0066644115210324825344-300x200.jpg\" alt=\"\" class=\"wp-image-28482\" srcset=\"https:\/\/contextoanalisisperiodistico.com\/wp-content\/uploads\/2024\/07\/img-20240705-wa0066644115210324825344-300x200.jpg 300w, https:\/\/contextoanalisisperiodistico.com\/wp-content\/uploads\/2024\/07\/img-20240705-wa0066644115210324825344-768x512.jpg 768w, https:\/\/contextoanalisisperiodistico.com\/wp-content\/uploads\/2024\/07\/img-20240705-wa0066644115210324825344.jpg 800w\" sizes=\"(max-width: 300px) 100vw, 300px\" \/><\/figure>\n\n\n\n<figure class=\"wp-block-image\"><img loading=\"lazy\" decoding=\"async\" width=\"300\" height=\"200\" src=\"https:\/\/contextoanalisisperiodistico.com\/wp-content\/uploads\/2024\/07\/img-20240705-wa00655377526601337017942-300x200.jpg\" alt=\"\" class=\"wp-image-28483\" srcset=\"https:\/\/contextoanalisisperiodistico.com\/wp-content\/uploads\/2024\/07\/img-20240705-wa00655377526601337017942-300x200.jpg 300w, https:\/\/contextoanalisisperiodistico.com\/wp-content\/uploads\/2024\/07\/img-20240705-wa00655377526601337017942-768x512.jpg 768w, https:\/\/contextoanalisisperiodistico.com\/wp-content\/uploads\/2024\/07\/img-20240705-wa00655377526601337017942.jpg 800w\" sizes=\"(max-width: 300px) 100vw, 300px\" \/><\/figure>\n\n\n\n<figure class=\"wp-block-image\"><img loading=\"lazy\" decoding=\"async\" width=\"300\" height=\"200\" src=\"https:\/\/contextoanalisisperiodistico.com\/wp-content\/uploads\/2024\/07\/img-20240705-wa00614921969475157941829-300x200.jpg\" alt=\"\" class=\"wp-image-28487\" srcset=\"https:\/\/contextoanalisisperiodistico.com\/wp-content\/uploads\/2024\/07\/img-20240705-wa00614921969475157941829-300x200.jpg 300w, https:\/\/contextoanalisisperiodistico.com\/wp-content\/uploads\/2024\/07\/img-20240705-wa00614921969475157941829-768x512.jpg 768w, https:\/\/contextoanalisisperiodistico.com\/wp-content\/uploads\/2024\/07\/img-20240705-wa00614921969475157941829.jpg 800w\" sizes=\"(max-width: 300px) 100vw, 300px\" \/><\/figure>\n\n\n\n<p>\u2022 Este monumento forma parte de los 301 inmuebles de Oaxaca que resultaron da\u00f1ados por los sismos del 2017<\/p>\n\n\n\n<p>\u2022 Durante las labores de restauraci\u00f3n se encontr\u00f3 una pintura del siglo XIX que reza la frase \u201cAmor con amor se paga\u201d<\/p>\n\n\n\n<p>Santa Luc\u00eda del Camino, Oax. 5 de julio de 2024.- Como parte del Plan Nacional de Reconstrucci\u00f3n, este viernes el Templo cat\u00f3lico de Santa Luc\u00eda del Camino reabri\u00f3 sus puertas luego de una rehabilitaci\u00f3n que const\u00f3 de una inversi\u00f3n de 4 millones 389 mil 376 pesos.<\/p>\n\n\n\n<p>La reapertura de este patrimonio cultural -que data de los siglos XVI y XVII- estuvo a cargo del Gobernador Salom\u00f3n Jara Cruz y la secretaria de Cultura del Gobierno de M\u00e9xico, Alejandra Frausto Guerrero.<\/p>\n\n\n\n<p>En su intervenci\u00f3n, el Mandatario estatal se\u00f1al\u00f3 que el inmueble representa la espiritualidad de este municipio emblem\u00e1tico de Valles Centrales, el cual ha jugado un papel relevante en la historia de Oaxaca y posee un inestimable valor simb\u00f3lico para la poblaci\u00f3n.<\/p>\n\n\n\n<p>\u201cCon esta entrega la Primavera Oaxaque\u00f1a refrenda su compromiso con la salvaguarda de la herencia cultural de la ciudadan\u00eda, como parte del trabajo encaminado a La Reparaci\u00f3n Hist\u00f3rica de los Pueblos para seguir avanzando en esta ruta de la mano de las comunidades\u201d asever\u00f3.<\/p>\n\n\n\n<p>Los trabajos consistieron en la reparaci\u00f3n de grietas de muros, b\u00f3veda, fachada, c\u00fapula y arco; aplanados; enladrillados; entortado exterior; impermeabilizaci\u00f3n, entre otros, para fortalecer las condiciones de seguridad para feligreses y personal eclesi\u00e1stico.<\/p>\n\n\n\n<p>La restauraci\u00f3n de este monumento forma parte de los 301 inmuebles de Oaxaca que resultaron da\u00f1ados por los sismos del 2017, a los que los gobiernos federal y estatal se comprometieron atender con un monto superior a los mil millones de pesos.<\/p>\n\n\n\n<p>Por su parte, la Secretaria de Cultura indic\u00f3 que de la mano del Presidente de la Rep\u00fablica Andr\u00e9s Manuel L\u00f3pez Obrador, se han atendido a varios sectores como educaci\u00f3n, vivienda, salud y cultura, prueba de ello es este inmueble lleno de historia.<\/p>\n\n\n\n<p>\u201cAgradecemos la confianza por recuperar este templo para que ni\u00f1as y ni\u00f1os puedan conocerlo por primera vez; aqu\u00ed en el coraz\u00f3n cultural de M\u00e9xico, la cultura nunca nos ha fallado y esta vez no es la excepci\u00f3n\u201d, manifest\u00f3.<\/p>\n\n\n\n<p>Cabe destacar que durante las labores de restauraci\u00f3n se encontr\u00f3 una pintura del siglo XIX que reza la frase \u201cAmor con amor se paga\u201d.<\/p>\n\n\n\n<p>A esta actividad asisti\u00f3 el secretario de las Culturas y Artes, V\u00edctor V\u00e1squez Castillejos; el coordinador nacional de Sitios y Monumentos del Patrimonio Cultural la Secretar\u00eda de Cultura, Arturo Balandrano Campos; el director del Instituto Nacional de Antropolog\u00eda e Historia (INAH) en Oaxaca, Joel Omar V\u00e1zquez Herrera; el director general del Instituto del Patrimonio Cultural (Inpac) Fernando Molina Herbert y el presidente municipal de Santa Luc\u00eda del Camino, Juan Carlos Garc\u00eda M\u00e1rquez.<br \/>-0-<\/p>\n","protected":false},"excerpt":{"rendered":"<p>\u2022 El Gobernador Salom\u00f3n Jara Cruz y la secretaria de Cultura del Gobierno de M\u00e9xico,&#8230;<\/p>\n","protected":false},"author":4,"featured_media":28481,"comment_status":"","ping_status":"open","sticky":false,"template":"","format":"standard","meta":{"footnotes":""},"categories":[9],"tags":[],"jetpack_sharing_enabled":true,"featured_image_urls":{"full":["https:\/\/contextoanalisisperiodistico.com\/wp-content\/uploads\/2024\/07\/IMG-20240705-WA0063.jpg",800,533,false],"thumbnail":["https:\/\/contextoanalisisperiodistico.com\/wp-content\/uploads\/2024\/07\/IMG-20240705-WA0063-150x150.jpg",150,150,true],"medium":["https:\/\/contextoanalisisperiodistico.com\/wp-content\/uploads\/2024\/07\/IMG-20240705-WA0063-300x200.jpg",300,200,true],"medium_large":["https:\/\/contextoanalisisperiodistico.com\/wp-content\/uploads\/2024\/07\/IMG-20240705-WA0063-768x512.jpg",640,427,true],"large":["https:\/\/contextoanalisisperiodistico.com\/wp-content\/uploads\/2024\/07\/IMG-20240705-WA0063.jpg",640,426,false],"1536x1536":["https:\/\/contextoanalisisperiodistico.com\/wp-content\/uploads\/2024\/07\/IMG-20240705-WA0063.jpg",800,533,false],"2048x2048":["https:\/\/contextoanalisisperiodistico.com\/wp-content\/uploads\/2024\/07\/IMG-20240705-WA0063.jpg",800,533,false],"covernews-slider-full":["https:\/\/contextoanalisisperiodistico.com\/wp-content\/uploads\/2024\/07\/IMG-20240705-WA0063.jpg",800,533,false],"covernews-slider-center":["https:\/\/contextoanalisisperiodistico.com\/wp-content\/uploads\/2024\/07\/IMG-20240705-WA0063-800x500.jpg",800,500,true],"covernews-featured":["https:\/\/contextoanalisisperiodistico.com\/wp-content\/uploads\/2024\/07\/IMG-20240705-WA0063.jpg",800,533,false],"covernews-medium":["https:\/\/contextoanalisisperiodistico.com\/wp-content\/uploads\/2024\/07\/IMG-20240705-WA0063-540x340.jpg",540,340,true],"covernews-medium-square":["https:\/\/contextoanalisisperiodistico.com\/wp-content\/uploads\/2024\/07\/IMG-20240705-WA0063-400x250.jpg",400,250,true]},"author_info":{"display_name":"Mario Gir\u00f3n","author_link":"https:\/\/contextoanalisisperiodistico.com\/index.php\/author\/director\/"},"category_info":"<a href=\"https:\/\/contextoanalisisperiodistico.com\/index.php\/category\/politica\/\" rel=\"category tag\">Pol\u00edtica<\/a>","tag_info":"Pol\u00edtica","comment_count":"0","jetpack_featured_media_url":"https:\/\/contextoanalisisperiodistico.com\/wp-content\/uploads\/2024\/07\/IMG-20240705-WA0063.jpg","_links":{"self":[{"href":"https:\/\/contextoanalisisperiodistico.com\/index.php\/wp-json\/wp\/v2\/posts\/28488"}],"collection":[{"href":"https:\/\/contextoanalisisperiodistico.com\/index.php\/wp-json\/wp\/v2\/posts"}],"about":[{"href":"https:\/\/contextoanalisisperiodistico.com\/index.php\/wp-json\/wp\/v2\/types\/post"}],"author":[{"embeddable":true,"href":"https:\/\/contextoanalisisperiodistico.com\/index.php\/wp-json\/wp\/v2\/users\/4"}],"replies":[{"embeddable":true,"href":"https:\/\/contextoanalisisperiodistico.com\/index.php\/wp-json\/wp\/v2\/comments?post=28488"}],"version-history":[{"count":0,"href":"https:\/\/contextoanalisisperiodistico.com\/index.php\/wp-json\/wp\/v2\/posts\/28488\/revisions"}],"wp:featuredmedia":[{"embeddable":true,"href":"https:\/\/contextoanalisisperiodistico.com\/index.php\/wp-json\/wp\/v2\/media\/28481"}],"wp:attachment":[{"href":"https:\/\/contextoanalisisperiodistico.com\/index.php\/wp-json\/wp\/v2\/media?parent=28488"}],"wp:term":[{"taxonomy":"category","embeddable":true,"href":"https:\/\/contextoanalisisperiodistico.com\/index.php\/wp-json\/wp\/v2\/categories?post=28488"},{"taxonomy":"post_tag","embeddable":true,"href":"https:\/\/contextoanalisisperiodistico.com\/index.php\/wp-json\/wp\/v2\/tags?post=28488"}],"curies":[{"name":"wp","href":"https:\/\/api.w.org\/{rel}","templated":true}]}}