{"id":28469,"date":"2024-07-05T12:49:23","date_gmt":"2024-07-05T18:49:23","guid":{"rendered":"https:\/\/contextoanalisisperiodistico.com\/index.php\/2024\/07\/05\/la-educacion-de-la-ninez-prioridad-del-gobierno-de-la-primavera-oaxaquena-salomon-jara\/"},"modified":"2024-07-05T12:49:23","modified_gmt":"2024-07-05T18:49:23","slug":"la-educacion-de-la-ninez-prioridad-del-gobierno-de-la-primavera-oaxaquena-salomon-jara","status":"publish","type":"post","link":"https:\/\/contextoanalisisperiodistico.com\/index.php\/2024\/07\/05\/la-educacion-de-la-ninez-prioridad-del-gobierno-de-la-primavera-oaxaquena-salomon-jara\/","title":{"rendered":"La educaci\u00f3n de la ni\u00f1ez, prioridad del Gobierno de la Primavera Oaxaque\u00f1a: Salom\u00f3n Jara"},"content":{"rendered":"<div id=\"fb-root\"><\/div>\n\n<p>\u2022 El Mandatario estatal asisti\u00f3 a la ceremonia de clausura en la primaria Benito Ju\u00e1rez, donde reconoci\u00f3 a las ganadoras de la Olimpiada del Conocimiento Infantil 2024<\/p>\n\n\n\n<figure class=\"wp-block-image size-large\"><img fetchpriority=\"high\" decoding=\"async\" width=\"1024\" height=\"682\" src=\"https:\/\/contextoanalisisperiodistico.com\/wp-content\/uploads\/2024\/07\/img-20240705-wa00422118178795121862688-1024x682.jpg\" alt=\"\" class=\"wp-image-28463\" srcset=\"https:\/\/contextoanalisisperiodistico.com\/wp-content\/uploads\/2024\/07\/img-20240705-wa00422118178795121862688-1024x682.jpg 1024w, https:\/\/contextoanalisisperiodistico.com\/wp-content\/uploads\/2024\/07\/img-20240705-wa00422118178795121862688-300x200.jpg 300w, https:\/\/contextoanalisisperiodistico.com\/wp-content\/uploads\/2024\/07\/img-20240705-wa00422118178795121862688-768x512.jpg 768w, https:\/\/contextoanalisisperiodistico.com\/wp-content\/uploads\/2024\/07\/img-20240705-wa00422118178795121862688-1536x1023.jpg 1536w, https:\/\/contextoanalisisperiodistico.com\/wp-content\/uploads\/2024\/07\/img-20240705-wa00422118178795121862688.jpg 1600w\" sizes=\"(max-width: 1024px) 100vw, 1024px\" \/><\/figure>\n\n\n\n<figure class=\"wp-block-image\"><img decoding=\"async\" width=\"1024\" height=\"682\" src=\"https:\/\/contextoanalisisperiodistico.com\/wp-content\/uploads\/2024\/07\/img-20240705-wa00417994959578027907434-1024x682.jpg\" alt=\"\" class=\"wp-image-28467\" srcset=\"https:\/\/contextoanalisisperiodistico.com\/wp-content\/uploads\/2024\/07\/img-20240705-wa00417994959578027907434-1024x682.jpg 1024w, https:\/\/contextoanalisisperiodistico.com\/wp-content\/uploads\/2024\/07\/img-20240705-wa00417994959578027907434-300x200.jpg 300w, https:\/\/contextoanalisisperiodistico.com\/wp-content\/uploads\/2024\/07\/img-20240705-wa00417994959578027907434-768x512.jpg 768w, https:\/\/contextoanalisisperiodistico.com\/wp-content\/uploads\/2024\/07\/img-20240705-wa00417994959578027907434-1536x1023.jpg 1536w, https:\/\/contextoanalisisperiodistico.com\/wp-content\/uploads\/2024\/07\/img-20240705-wa00417994959578027907434.jpg 1600w\" sizes=\"(max-width: 1024px) 100vw, 1024px\" \/><\/figure>\n\n\n\n<figure class=\"wp-block-image\"><img decoding=\"async\" width=\"1024\" height=\"682\" src=\"https:\/\/contextoanalisisperiodistico.com\/wp-content\/uploads\/2024\/07\/img-20240705-wa00362322498083871685228-1024x682.jpg\" alt=\"\" class=\"wp-image-28466\" srcset=\"https:\/\/contextoanalisisperiodistico.com\/wp-content\/uploads\/2024\/07\/img-20240705-wa00362322498083871685228-1024x682.jpg 1024w, https:\/\/contextoanalisisperiodistico.com\/wp-content\/uploads\/2024\/07\/img-20240705-wa00362322498083871685228-300x200.jpg 300w, https:\/\/contextoanalisisperiodistico.com\/wp-content\/uploads\/2024\/07\/img-20240705-wa00362322498083871685228-768x512.jpg 768w, https:\/\/contextoanalisisperiodistico.com\/wp-content\/uploads\/2024\/07\/img-20240705-wa00362322498083871685228-1536x1023.jpg 1536w, https:\/\/contextoanalisisperiodistico.com\/wp-content\/uploads\/2024\/07\/img-20240705-wa00362322498083871685228.jpg 1600w\" sizes=\"(max-width: 1024px) 100vw, 1024px\" \/><\/figure>\n\n\n\n<figure class=\"wp-block-image\"><img loading=\"lazy\" decoding=\"async\" width=\"1024\" height=\"682\" src=\"https:\/\/contextoanalisisperiodistico.com\/wp-content\/uploads\/2024\/07\/img-20240705-wa00403788562105305571999-1024x682.jpg\" alt=\"\" class=\"wp-image-28464\" srcset=\"https:\/\/contextoanalisisperiodistico.com\/wp-content\/uploads\/2024\/07\/img-20240705-wa00403788562105305571999-1024x682.jpg 1024w, https:\/\/contextoanalisisperiodistico.com\/wp-content\/uploads\/2024\/07\/img-20240705-wa00403788562105305571999-300x200.jpg 300w, https:\/\/contextoanalisisperiodistico.com\/wp-content\/uploads\/2024\/07\/img-20240705-wa00403788562105305571999-768x512.jpg 768w, https:\/\/contextoanalisisperiodistico.com\/wp-content\/uploads\/2024\/07\/img-20240705-wa00403788562105305571999-1536x1023.jpg 1536w, https:\/\/contextoanalisisperiodistico.com\/wp-content\/uploads\/2024\/07\/img-20240705-wa00403788562105305571999.jpg 1600w\" sizes=\"(max-width: 1024px) 100vw, 1024px\" \/><\/figure>\n\n\n\n<figure class=\"wp-block-image\"><img loading=\"lazy\" decoding=\"async\" width=\"1024\" height=\"682\" src=\"https:\/\/contextoanalisisperiodistico.com\/wp-content\/uploads\/2024\/07\/img-20240705-wa0039646815474326829238-1024x682.jpg\" alt=\"\" class=\"wp-image-28465\" srcset=\"https:\/\/contextoanalisisperiodistico.com\/wp-content\/uploads\/2024\/07\/img-20240705-wa0039646815474326829238-1024x682.jpg 1024w, https:\/\/contextoanalisisperiodistico.com\/wp-content\/uploads\/2024\/07\/img-20240705-wa0039646815474326829238-300x200.jpg 300w, https:\/\/contextoanalisisperiodistico.com\/wp-content\/uploads\/2024\/07\/img-20240705-wa0039646815474326829238-768x512.jpg 768w, https:\/\/contextoanalisisperiodistico.com\/wp-content\/uploads\/2024\/07\/img-20240705-wa0039646815474326829238-1536x1023.jpg 1536w, https:\/\/contextoanalisisperiodistico.com\/wp-content\/uploads\/2024\/07\/img-20240705-wa0039646815474326829238.jpg 1600w\" sizes=\"(max-width: 1024px) 100vw, 1024px\" \/><\/figure>\n\n\n\n<figure class=\"wp-block-image\"><img loading=\"lazy\" decoding=\"async\" width=\"1024\" height=\"682\" src=\"https:\/\/contextoanalisisperiodistico.com\/wp-content\/uploads\/2024\/07\/img-20240705-wa00371846492984837809675-1024x682.jpg\" alt=\"\" class=\"wp-image-28468\" srcset=\"https:\/\/contextoanalisisperiodistico.com\/wp-content\/uploads\/2024\/07\/img-20240705-wa00371846492984837809675-1024x682.jpg 1024w, https:\/\/contextoanalisisperiodistico.com\/wp-content\/uploads\/2024\/07\/img-20240705-wa00371846492984837809675-300x200.jpg 300w, https:\/\/contextoanalisisperiodistico.com\/wp-content\/uploads\/2024\/07\/img-20240705-wa00371846492984837809675-768x512.jpg 768w, https:\/\/contextoanalisisperiodistico.com\/wp-content\/uploads\/2024\/07\/img-20240705-wa00371846492984837809675-1536x1023.jpg 1536w, https:\/\/contextoanalisisperiodistico.com\/wp-content\/uploads\/2024\/07\/img-20240705-wa00371846492984837809675.jpg 1600w\" sizes=\"(max-width: 1024px) 100vw, 1024px\" \/><\/figure>\n\n\n\n<p>Oaxaca de Ju\u00e1rez, Oax. 5 de julio de 2024.- El Gobernador de Oaxaca Salom\u00f3n Jara Cruz asisti\u00f3 a la clausura del ciclo escolar 2023-2024 de la primaria Benito Ju\u00e1rez, actividad donde reconoci\u00f3 el desempe\u00f1o de las infancias por haber concluido esta etapa escolar, adem\u00e1s de refrendar el compromiso de la Primavera Oaxaque\u00f1a por redoblar esfuerzos por la educaci\u00f3n de la ni\u00f1ez.<\/p>\n\n\n\n<p>En el centro escolar que lleva el nombre del Benem\u00e9rito de las Am\u00e9ricas, Benito Ju\u00e1rez ubicada en el coraz\u00f3n de la capital oaxaque\u00f1a, el Gobernador Salom\u00f3n Jara rememor\u00f3 las haza\u00f1as vividas, junto a generaciones anteriores en esta emblem\u00e1tica escuela.<\/p>\n\n\n\n<p>\u201cAqu\u00ed tengo muy buenos recuerdos, porque cuando estudiaba en la primaria Basilio Rojas, ven\u00edamos a jugar Babyfut y aqu\u00ed siempre nos recib\u00edan con mucho cari\u00f1o, en esta escuela practicamos este deporte\u201d, expres\u00f3.<\/p>\n\n\n\n<p>En este marco, reconoci\u00f3 a las ganadoras de la Olimpiada del Conocimiento Infantil 2024, Dania Muriel Z\u00fa\u00f1iga Agama y Alejandra Gonz\u00e1lez Guill\u00e9n quienes \u2013dijo- son un ejemplo de desempe\u00f1o escolar.<\/p>\n\n\n\n<p>\u201cVengo con mucho cari\u00f1o y entusiasmo a expresarles que la educaci\u00f3n de las ni\u00f1as y los ni\u00f1os para m\u00ed es una prioridad. Estamos trabajando con responsabilidad para que las escuelas tengan todas las condiciones necesarias para desarrollar dignamente su labor en bien de nuestras infancias, para que las y los estudiantes tengan una educaci\u00f3n plena\u201d.<\/p>\n\n\n\n<p>Felicit\u00f3 tambi\u00e9n al personal docente y administrativo, a las madres y padres de familia y a quienes concluyeron su ciclo escolar, y los invit\u00f3 a seguir en la ruta del conocimiento y la preparaci\u00f3n.<\/p>\n\n\n\n<p>En su oportunidad el director de la primaria Benito Ju\u00e1rez, Enrique Cerero Gudi\u00f1o agradeci\u00f3 el apoyo del Mandatario a nombre de todo el personal docente, ya que dijo, ning\u00fan gobernador hab\u00eda mostrado tanto inter\u00e9s en la ni\u00f1ez oaxaque\u00f1a.<\/p>\n\n\n\n<p>Fueron entregados tambi\u00e9n 10 equipos de c\u00f3mputo para fortalecer el sistema de aprendizaje en esta instituci\u00f3n, adem\u00e1s de material de aseo, deportivo y de oficina.<\/p>\n\n\n\n<p>-0-<\/p>\n","protected":false},"excerpt":{"rendered":"<p>\u2022 El Mandatario estatal asisti\u00f3 a la ceremonia de clausura en la primaria Benito Ju\u00e1rez,&#8230;<\/p>\n","protected":false},"author":4,"featured_media":28462,"comment_status":"","ping_status":"open","sticky":false,"template":"","format":"standard","meta":{"footnotes":""},"categories":[9],"tags":[],"jetpack_sharing_enabled":true,"featured_image_urls":{"full":["https:\/\/contextoanalisisperiodistico.com\/wp-content\/uploads\/2024\/07\/IMG-20240705-WA0043.jpg",1600,1066,false],"thumbnail":["https:\/\/contextoanalisisperiodistico.com\/wp-content\/uploads\/2024\/07\/IMG-20240705-WA0043-150x150.jpg",150,150,true],"medium":["https:\/\/contextoanalisisperiodistico.com\/wp-content\/uploads\/2024\/07\/IMG-20240705-WA0043-300x200.jpg",300,200,true],"medium_large":["https:\/\/contextoanalisisperiodistico.com\/wp-content\/uploads\/2024\/07\/IMG-20240705-WA0043-768x512.jpg",640,427,true],"large":["https:\/\/contextoanalisisperiodistico.com\/wp-content\/uploads\/2024\/07\/IMG-20240705-WA0043-1024x682.jpg",640,426,true],"1536x1536":["https:\/\/contextoanalisisperiodistico.com\/wp-content\/uploads\/2024\/07\/IMG-20240705-WA0043-1536x1023.jpg",1536,1023,true],"2048x2048":["https:\/\/contextoanalisisperiodistico.com\/wp-content\/uploads\/2024\/07\/IMG-20240705-WA0043.jpg",1600,1066,false],"covernews-slider-full":["https:\/\/contextoanalisisperiodistico.com\/wp-content\/uploads\/2024\/07\/IMG-20240705-WA0043-1115x715.jpg",1115,715,true],"covernews-slider-center":["https:\/\/contextoanalisisperiodistico.com\/wp-content\/uploads\/2024\/07\/IMG-20240705-WA0043-800x500.jpg",800,500,true],"covernews-featured":["https:\/\/contextoanalisisperiodistico.com\/wp-content\/uploads\/2024\/07\/IMG-20240705-WA0043-1024x682.jpg",1024,682,true],"covernews-medium":["https:\/\/contextoanalisisperiodistico.com\/wp-content\/uploads\/2024\/07\/IMG-20240705-WA0043-540x340.jpg",540,340,true],"covernews-medium-square":["https:\/\/contextoanalisisperiodistico.com\/wp-content\/uploads\/2024\/07\/IMG-20240705-WA0043-400x250.jpg",400,250,true]},"author_info":{"display_name":"Mario Gir\u00f3n","author_link":"https:\/\/contextoanalisisperiodistico.com\/index.php\/author\/director\/"},"category_info":"<a href=\"https:\/\/contextoanalisisperiodistico.com\/index.php\/category\/politica\/\" rel=\"category tag\">Pol\u00edtica<\/a>","tag_info":"Pol\u00edtica","comment_count":"0","jetpack_featured_media_url":"https:\/\/contextoanalisisperiodistico.com\/wp-content\/uploads\/2024\/07\/IMG-20240705-WA0043.jpg","_links":{"self":[{"href":"https:\/\/contextoanalisisperiodistico.com\/index.php\/wp-json\/wp\/v2\/posts\/28469"}],"collection":[{"href":"https:\/\/contextoanalisisperiodistico.com\/index.php\/wp-json\/wp\/v2\/posts"}],"about":[{"href":"https:\/\/contextoanalisisperiodistico.com\/index.php\/wp-json\/wp\/v2\/types\/post"}],"author":[{"embeddable":true,"href":"https:\/\/contextoanalisisperiodistico.com\/index.php\/wp-json\/wp\/v2\/users\/4"}],"replies":[{"embeddable":true,"href":"https:\/\/contextoanalisisperiodistico.com\/index.php\/wp-json\/wp\/v2\/comments?post=28469"}],"version-history":[{"count":0,"href":"https:\/\/contextoanalisisperiodistico.com\/index.php\/wp-json\/wp\/v2\/posts\/28469\/revisions"}],"wp:featuredmedia":[{"embeddable":true,"href":"https:\/\/contextoanalisisperiodistico.com\/index.php\/wp-json\/wp\/v2\/media\/28462"}],"wp:attachment":[{"href":"https:\/\/contextoanalisisperiodistico.com\/index.php\/wp-json\/wp\/v2\/media?parent=28469"}],"wp:term":[{"taxonomy":"category","embeddable":true,"href":"https:\/\/contextoanalisisperiodistico.com\/index.php\/wp-json\/wp\/v2\/categories?post=28469"},{"taxonomy":"post_tag","embeddable":true,"href":"https:\/\/contextoanalisisperiodistico.com\/index.php\/wp-json\/wp\/v2\/tags?post=28469"}],"curies":[{"name":"wp","href":"https:\/\/api.w.org\/{rel}","templated":true}]}}