{"id":28454,"date":"2024-07-05T11:06:24","date_gmt":"2024-07-05T17:06:24","guid":{"rendered":"https:\/\/contextoanalisisperiodistico.com\/index.php\/2024\/07\/05\/trabaja-cadh-para-garantizar-movilidad-de-todas-las-personas\/"},"modified":"2024-07-05T11:07:29","modified_gmt":"2024-07-05T17:07:29","slug":"trabaja-cadh-para-garantizar-movilidad-de-todas-las-personas","status":"publish","type":"post","link":"https:\/\/contextoanalisisperiodistico.com\/index.php\/2024\/07\/05\/trabaja-cadh-para-garantizar-movilidad-de-todas-las-personas\/","title":{"rendered":"Trabaja CADH en garantizar movilidad de todas las personas"},"content":{"rendered":"<div id=\"fb-root\"><\/div>\n\n<p>Oaxaca de Ju\u00e1rez, Oax. 5 de julio de 2024.- La Coordinaci\u00f3n para la Atenci\u00f3n de los Derechos Humanos (CADH) escuch\u00f3 una iniciativa de colectivos e integrantes del Consejo para los Derechos de Personas con Discapacidad en el estado de Oaxaca sobre acciones que permitan el derecho a la movilidad segura para toda la ciudadan\u00eda.<\/p>\n\n\n\n<p>La titular de la CADH, Flor Estela Morales inform\u00f3 que se inici\u00f3 un di\u00e1logo permanente con las y los representantes, quienes expusieron la necesidad de realizar el retiro de casetas telef\u00f3nicas y artefactos en desuso que se encuentran en los pasos peatonales e impiden el ejercicio pleno de este derecho.<\/p>\n\n\n\n<p>Agreg\u00f3 que esta garant\u00eda es fundamental para asegurar que todas las personas tengan las mismas oportunidades, sin importar sus capacidades f\u00edsicas. Por ello, en seguimiento a La Reparaci\u00f3n Hist\u00f3rica de los Pueblos, se impulsar\u00e1n acciones conjuntas que terminen con la brecha de desigualdad y abandono de este sector.<\/p>\n\n\n\n<p>En ese sentido, reiter\u00f3 el compromiso del Gobierno de la Primavera Oaxaque\u00f1a por sumar esfuerzos con la sociedad civil, para incentivar y acompa\u00f1ar acciones que permitan mejorar el estado de bienestar f\u00edsico y mental de la poblaci\u00f3n.<\/p>\n\n\n\n<p>-0-<\/p>\n","protected":false},"excerpt":{"rendered":"<p>Oaxaca de Ju\u00e1rez, Oax. 5 de julio de 2024.- La Coordinaci\u00f3n para la Atenci\u00f3n de&#8230;<\/p>\n","protected":false},"author":4,"featured_media":28453,"comment_status":"closed","ping_status":"open","sticky":false,"template":"","format":"standard","meta":{"footnotes":""},"categories":[3],"tags":[],"jetpack_sharing_enabled":true,"featured_image_urls":{"full":["https:\/\/contextoanalisisperiodistico.com\/wp-content\/uploads\/2024\/07\/IMG-20240705-WA0031.jpg",1600,959,false],"thumbnail":["https:\/\/contextoanalisisperiodistico.com\/wp-content\/uploads\/2024\/07\/IMG-20240705-WA0031-150x150.jpg",150,150,true],"medium":["https:\/\/contextoanalisisperiodistico.com\/wp-content\/uploads\/2024\/07\/IMG-20240705-WA0031-300x180.jpg",300,180,true],"medium_large":["https:\/\/contextoanalisisperiodistico.com\/wp-content\/uploads\/2024\/07\/IMG-20240705-WA0031-768x460.jpg",640,383,true],"large":["https:\/\/contextoanalisisperiodistico.com\/wp-content\/uploads\/2024\/07\/IMG-20240705-WA0031-1024x614.jpg",640,384,true],"1536x1536":["https:\/\/contextoanalisisperiodistico.com\/wp-content\/uploads\/2024\/07\/IMG-20240705-WA0031-1536x921.jpg",1536,921,true],"2048x2048":["https:\/\/contextoanalisisperiodistico.com\/wp-content\/uploads\/2024\/07\/IMG-20240705-WA0031.jpg",1600,959,false],"covernews-slider-full":["https:\/\/contextoanalisisperiodistico.com\/wp-content\/uploads\/2024\/07\/IMG-20240705-WA0031-1115x715.jpg",1115,715,true],"covernews-slider-center":["https:\/\/contextoanalisisperiodistico.com\/wp-content\/uploads\/2024\/07\/IMG-20240705-WA0031-800x500.jpg",800,500,true],"covernews-featured":["https:\/\/contextoanalisisperiodistico.com\/wp-content\/uploads\/2024\/07\/IMG-20240705-WA0031-1024x614.jpg",1024,614,true],"covernews-medium":["https:\/\/contextoanalisisperiodistico.com\/wp-content\/uploads\/2024\/07\/IMG-20240705-WA0031-540x340.jpg",540,340,true],"covernews-medium-square":["https:\/\/contextoanalisisperiodistico.com\/wp-content\/uploads\/2024\/07\/IMG-20240705-WA0031-400x250.jpg",400,250,true]},"author_info":{"display_name":"Mario Gir\u00f3n","author_link":"https:\/\/contextoanalisisperiodistico.com\/index.php\/author\/director\/"},"category_info":"<a href=\"https:\/\/contextoanalisisperiodistico.com\/index.php\/category\/ciudad\/\" rel=\"category tag\">Ciudad<\/a>","tag_info":"Ciudad","comment_count":"0","jetpack_featured_media_url":"https:\/\/contextoanalisisperiodistico.com\/wp-content\/uploads\/2024\/07\/IMG-20240705-WA0031.jpg","_links":{"self":[{"href":"https:\/\/contextoanalisisperiodistico.com\/index.php\/wp-json\/wp\/v2\/posts\/28454"}],"collection":[{"href":"https:\/\/contextoanalisisperiodistico.com\/index.php\/wp-json\/wp\/v2\/posts"}],"about":[{"href":"https:\/\/contextoanalisisperiodistico.com\/index.php\/wp-json\/wp\/v2\/types\/post"}],"author":[{"embeddable":true,"href":"https:\/\/contextoanalisisperiodistico.com\/index.php\/wp-json\/wp\/v2\/users\/4"}],"replies":[{"embeddable":true,"href":"https:\/\/contextoanalisisperiodistico.com\/index.php\/wp-json\/wp\/v2\/comments?post=28454"}],"version-history":[{"count":1,"href":"https:\/\/contextoanalisisperiodistico.com\/index.php\/wp-json\/wp\/v2\/posts\/28454\/revisions"}],"predecessor-version":[{"id":28455,"href":"https:\/\/contextoanalisisperiodistico.com\/index.php\/wp-json\/wp\/v2\/posts\/28454\/revisions\/28455"}],"wp:featuredmedia":[{"embeddable":true,"href":"https:\/\/contextoanalisisperiodistico.com\/index.php\/wp-json\/wp\/v2\/media\/28453"}],"wp:attachment":[{"href":"https:\/\/contextoanalisisperiodistico.com\/index.php\/wp-json\/wp\/v2\/media?parent=28454"}],"wp:term":[{"taxonomy":"category","embeddable":true,"href":"https:\/\/contextoanalisisperiodistico.com\/index.php\/wp-json\/wp\/v2\/categories?post=28454"},{"taxonomy":"post_tag","embeddable":true,"href":"https:\/\/contextoanalisisperiodistico.com\/index.php\/wp-json\/wp\/v2\/tags?post=28454"}],"curies":[{"name":"wp","href":"https:\/\/api.w.org\/{rel}","templated":true}]}}