{"id":28451,"date":"2024-07-05T10:15:21","date_gmt":"2024-07-05T16:15:21","guid":{"rendered":"https:\/\/contextoanalisisperiodistico.com\/index.php\/2024\/07\/05\/julio-mes-de-guelaguetza-presente-en-jueves-de-gozona\/"},"modified":"2024-07-05T10:15:45","modified_gmt":"2024-07-05T16:15:45","slug":"julio-mes-de-guelaguetza-presente-en-jueves-de-gozona","status":"publish","type":"post","link":"https:\/\/contextoanalisisperiodistico.com\/index.php\/2024\/07\/05\/julio-mes-de-guelaguetza-presente-en-jueves-de-gozona\/","title":{"rendered":"Julio, Mes de Guelaguetza presente en Jueves de Gozona"},"content":{"rendered":"<div id=\"fb-root\"><\/div>\n\n<p>\u2022 Se presentaron en el programa televisivo las actividades de las fiestas de Julio<\/p>\n\n\n\n<p>Oaxaca de Ju\u00e1rez, Oax. 5 de julio de 2024.- Durante la emisi\u00f3n del programa Jueves de Gozona, la titular de la Secretar\u00eda de Interculturalidad, Pueblos y Comunidades Ind\u00edgenas y Afromexicanas, Berta Ruth Arreola Ru\u00edz, dio a conocer que este mi\u00e9rcoles se realiz\u00f3 la inauguraci\u00f3n de la segunda edici\u00f3n de Expresiones Art\u00edsticas y Culturales, e invit\u00f3 a la poblaci\u00f3n a participar en las fechas siguientes.<\/p>\n\n\n\n<p>Adem\u00e1s, el ganador del Primer Concurso de Composici\u00f3n del Canci\u00f3n Oaxaque\u00f1a 2024 \u201cCanto de mi tierra\u201d Ricardo Amadeus Morquecho interpret\u00f3 las canciones \u201cOaxaque\u00f1o soy\u201d y \u201cEl Guitarrero\u201d y dio a conocer que \u201cOaxaque\u00f1o soy\u201d estar\u00e1 disponible este 5 de julio en plataformas digitales.<\/p>\n\n\n\n<p>En tanto, la subsecretaria de Operaci\u00f3n Tur\u00edstica, Mariel L\u00f3pez Villatoro, inform\u00f3 que la entidad est\u00e1 lista para la actividad tur\u00edstica que genera las fiestas de Guelaguetza, e invit\u00f3 a las personas visitantes a los convites y funciones que se realizar\u00e1n en la Rotonda de la Azucena.<\/p>\n\n\n\n<p>Por su parte el titular de la Secretar\u00eda de las Culturas y Artes (Seculta), V\u00edctor Manuel V\u00e1squez Castillejos, dijo que m\u00e1s de 85 actividades organizadas por la dependencia estar\u00e1n disponibles de manera gratuita, as\u00ed como los palcos C y D del Auditorio Guelaguetza para la presentaci\u00f3n de la m\u00e1xima fiesta de las y los oaxaque\u00f1os, aunado al regreso del espect\u00e1culo danc\u00edstico Bani Stui Gulal.<\/p>\n\n\n\n<p>De la misma forma, representantes de la comunidad del Carrizal, Villa de D\u00edaz Ordaz en Tlacolula, invitaron a visitar su sexta Feria del Trigo y sus derivados el 20 y 21 de julio, y mostraron la gastronom\u00eda de la poblaci\u00f3n.<\/p>\n\n\n\n<p>\u00a1Oaxaca se une con Tequios!<\/p>\n\n\n\n<p>La subsecretaria de Bienestar, Tequio e Inclusi\u00f3n, Fernanda Schmidt, record\u00f3 las acciones del Mega Tequio de Reforestaci\u00f3n realizado durante d\u00edas pasados en la naci\u00f3n Chocho-Mixteca, adem\u00e1s de dar a conocer que m\u00e1s de mil 500 personas voluntarias y funcionariado p\u00fablico, participar\u00e1n en el Mega Tequio Contra el Dengue este fin de semana.<\/p>\n\n\n\n<p>La capital oaxaque\u00f1a y 24 municipios de la zona conurbada ser\u00e1n cubiertos por esta actividad, recalc\u00f3 el Director de Prevenci\u00f3n y Promoci\u00f3n de la Salud de Servicios de Salud de Oaxaca (SSO), Ignacio Z\u00e1rate Blas, por lo que exhort\u00f3 a la poblaci\u00f3n oaxaque\u00f1a a abrir sus puertas a las y los brigadistas que realizar\u00e1n el control vectorial casa por casa. Posteriormente se realizar\u00e1n termo nebulizaciones en dichas zonas.<\/p>\n\n\n\n<p>Aunado a ello, funcionariado de la SSO explic\u00f3 c\u00f3mo se utilizar\u00e1n los instrumentos de control vectorial y fumigaci\u00f3n no t\u00f3xicos durante el Mega Tequio.<br \/>-0-<\/p>\n\n\n\n<figure class=\"wp-block-image size-large\"><img fetchpriority=\"high\" decoding=\"async\" width=\"1024\" height=\"964\" src=\"https:\/\/contextoanalisisperiodistico.com\/wp-content\/uploads\/2024\/07\/img-20240705-wa0014308295157459391257-1024x964.jpg\" alt=\"\" class=\"wp-image-28447\" srcset=\"https:\/\/contextoanalisisperiodistico.com\/wp-content\/uploads\/2024\/07\/img-20240705-wa0014308295157459391257-1024x964.jpg 1024w, https:\/\/contextoanalisisperiodistico.com\/wp-content\/uploads\/2024\/07\/img-20240705-wa0014308295157459391257-300x282.jpg 300w, https:\/\/contextoanalisisperiodistico.com\/wp-content\/uploads\/2024\/07\/img-20240705-wa0014308295157459391257-768x723.jpg 768w, https:\/\/contextoanalisisperiodistico.com\/wp-content\/uploads\/2024\/07\/img-20240705-wa0014308295157459391257.jpg 1179w\" sizes=\"(max-width: 1024px) 100vw, 1024px\" \/><\/figure>\n\n\n\n<figure class=\"wp-block-image\"><img decoding=\"async\" width=\"1024\" height=\"683\" src=\"https:\/\/contextoanalisisperiodistico.com\/wp-content\/uploads\/2024\/07\/img-20240705-wa00131482982463119438963-1024x683.jpg\" alt=\"\" class=\"wp-image-28449\" srcset=\"https:\/\/contextoanalisisperiodistico.com\/wp-content\/uploads\/2024\/07\/img-20240705-wa00131482982463119438963-1024x683.jpg 1024w, https:\/\/contextoanalisisperiodistico.com\/wp-content\/uploads\/2024\/07\/img-20240705-wa00131482982463119438963-300x200.jpg 300w, https:\/\/contextoanalisisperiodistico.com\/wp-content\/uploads\/2024\/07\/img-20240705-wa00131482982463119438963-768x512.jpg 768w, https:\/\/contextoanalisisperiodistico.com\/wp-content\/uploads\/2024\/07\/img-20240705-wa00131482982463119438963-1536x1024.jpg 1536w, https:\/\/contextoanalisisperiodistico.com\/wp-content\/uploads\/2024\/07\/img-20240705-wa00131482982463119438963.jpg 1600w\" sizes=\"(max-width: 1024px) 100vw, 1024px\" \/><\/figure>\n\n\n\n<figure class=\"wp-block-image\"><img decoding=\"async\" width=\"1024\" height=\"683\" src=\"https:\/\/contextoanalisisperiodistico.com\/wp-content\/uploads\/2024\/07\/img-20240705-wa00102038577751359039335-1024x683.jpg\" alt=\"\" class=\"wp-image-28448\" srcset=\"https:\/\/contextoanalisisperiodistico.com\/wp-content\/uploads\/2024\/07\/img-20240705-wa00102038577751359039335-1024x683.jpg 1024w, https:\/\/contextoanalisisperiodistico.com\/wp-content\/uploads\/2024\/07\/img-20240705-wa00102038577751359039335-300x200.jpg 300w, https:\/\/contextoanalisisperiodistico.com\/wp-content\/uploads\/2024\/07\/img-20240705-wa00102038577751359039335-768x512.jpg 768w, https:\/\/contextoanalisisperiodistico.com\/wp-content\/uploads\/2024\/07\/img-20240705-wa00102038577751359039335-1536x1024.jpg 1536w, https:\/\/contextoanalisisperiodistico.com\/wp-content\/uploads\/2024\/07\/img-20240705-wa00102038577751359039335.jpg 1600w\" sizes=\"(max-width: 1024px) 100vw, 1024px\" \/><\/figure>\n\n\n\n<figure class=\"wp-block-image\"><img loading=\"lazy\" decoding=\"async\" width=\"1024\" height=\"682\" src=\"https:\/\/contextoanalisisperiodistico.com\/wp-content\/uploads\/2024\/07\/img-20240705-wa00115921640278962730485-1024x682.jpg\" alt=\"\" class=\"wp-image-28450\" srcset=\"https:\/\/contextoanalisisperiodistico.com\/wp-content\/uploads\/2024\/07\/img-20240705-wa00115921640278962730485-1024x682.jpg 1024w, https:\/\/contextoanalisisperiodistico.com\/wp-content\/uploads\/2024\/07\/img-20240705-wa00115921640278962730485-300x200.jpg 300w, https:\/\/contextoanalisisperiodistico.com\/wp-content\/uploads\/2024\/07\/img-20240705-wa00115921640278962730485-768x512.jpg 768w, https:\/\/contextoanalisisperiodistico.com\/wp-content\/uploads\/2024\/07\/img-20240705-wa00115921640278962730485-1536x1023.jpg 1536w, https:\/\/contextoanalisisperiodistico.com\/wp-content\/uploads\/2024\/07\/img-20240705-wa00115921640278962730485.jpg 1600w\" sizes=\"(max-width: 1024px) 100vw, 1024px\" \/><\/figure>\n","protected":false},"excerpt":{"rendered":"<p>\u2022 Se presentaron en el programa televisivo las actividades de las fiestas de Julio Oaxaca&#8230;<\/p>\n","protected":false},"author":4,"featured_media":28446,"comment_status":"closed","ping_status":"open","sticky":false,"template":"","format":"standard","meta":{"footnotes":""},"categories":[9],"tags":[],"jetpack_sharing_enabled":true,"featured_image_urls":{"full":["https:\/\/contextoanalisisperiodistico.com\/wp-content\/uploads\/2024\/07\/IMG-20240705-WA0012.jpg",1600,1066,false],"thumbnail":["https:\/\/contextoanalisisperiodistico.com\/wp-content\/uploads\/2024\/07\/IMG-20240705-WA0012-150x150.jpg",150,150,true],"medium":["https:\/\/contextoanalisisperiodistico.com\/wp-content\/uploads\/2024\/07\/IMG-20240705-WA0012-300x200.jpg",300,200,true],"medium_large":["https:\/\/contextoanalisisperiodistico.com\/wp-content\/uploads\/2024\/07\/IMG-20240705-WA0012-768x512.jpg",640,427,true],"large":["https:\/\/contextoanalisisperiodistico.com\/wp-content\/uploads\/2024\/07\/IMG-20240705-WA0012-1024x682.jpg",640,426,true],"1536x1536":["https:\/\/contextoanalisisperiodistico.com\/wp-content\/uploads\/2024\/07\/IMG-20240705-WA0012-1536x1023.jpg",1536,1023,true],"2048x2048":["https:\/\/contextoanalisisperiodistico.com\/wp-content\/uploads\/2024\/07\/IMG-20240705-WA0012.jpg",1600,1066,false],"covernews-slider-full":["https:\/\/contextoanalisisperiodistico.com\/wp-content\/uploads\/2024\/07\/IMG-20240705-WA0012-1115x715.jpg",1115,715,true],"covernews-slider-center":["https:\/\/contextoanalisisperiodistico.com\/wp-content\/uploads\/2024\/07\/IMG-20240705-WA0012-800x500.jpg",800,500,true],"covernews-featured":["https:\/\/contextoanalisisperiodistico.com\/wp-content\/uploads\/2024\/07\/IMG-20240705-WA0012-1024x682.jpg",1024,682,true],"covernews-medium":["https:\/\/contextoanalisisperiodistico.com\/wp-content\/uploads\/2024\/07\/IMG-20240705-WA0012-540x340.jpg",540,340,true],"covernews-medium-square":["https:\/\/contextoanalisisperiodistico.com\/wp-content\/uploads\/2024\/07\/IMG-20240705-WA0012-400x250.jpg",400,250,true]},"author_info":{"display_name":"Mario Gir\u00f3n","author_link":"https:\/\/contextoanalisisperiodistico.com\/index.php\/author\/director\/"},"category_info":"<a href=\"https:\/\/contextoanalisisperiodistico.com\/index.php\/category\/politica\/\" rel=\"category tag\">Pol\u00edtica<\/a>","tag_info":"Pol\u00edtica","comment_count":"0","jetpack_featured_media_url":"https:\/\/contextoanalisisperiodistico.com\/wp-content\/uploads\/2024\/07\/IMG-20240705-WA0012.jpg","_links":{"self":[{"href":"https:\/\/contextoanalisisperiodistico.com\/index.php\/wp-json\/wp\/v2\/posts\/28451"}],"collection":[{"href":"https:\/\/contextoanalisisperiodistico.com\/index.php\/wp-json\/wp\/v2\/posts"}],"about":[{"href":"https:\/\/contextoanalisisperiodistico.com\/index.php\/wp-json\/wp\/v2\/types\/post"}],"author":[{"embeddable":true,"href":"https:\/\/contextoanalisisperiodistico.com\/index.php\/wp-json\/wp\/v2\/users\/4"}],"replies":[{"embeddable":true,"href":"https:\/\/contextoanalisisperiodistico.com\/index.php\/wp-json\/wp\/v2\/comments?post=28451"}],"version-history":[{"count":1,"href":"https:\/\/contextoanalisisperiodistico.com\/index.php\/wp-json\/wp\/v2\/posts\/28451\/revisions"}],"predecessor-version":[{"id":28452,"href":"https:\/\/contextoanalisisperiodistico.com\/index.php\/wp-json\/wp\/v2\/posts\/28451\/revisions\/28452"}],"wp:featuredmedia":[{"embeddable":true,"href":"https:\/\/contextoanalisisperiodistico.com\/index.php\/wp-json\/wp\/v2\/media\/28446"}],"wp:attachment":[{"href":"https:\/\/contextoanalisisperiodistico.com\/index.php\/wp-json\/wp\/v2\/media?parent=28451"}],"wp:term":[{"taxonomy":"category","embeddable":true,"href":"https:\/\/contextoanalisisperiodistico.com\/index.php\/wp-json\/wp\/v2\/categories?post=28451"},{"taxonomy":"post_tag","embeddable":true,"href":"https:\/\/contextoanalisisperiodistico.com\/index.php\/wp-json\/wp\/v2\/tags?post=28451"}],"curies":[{"name":"wp","href":"https:\/\/api.w.org\/{rel}","templated":true}]}}