{"id":28395,"date":"2024-07-03T22:40:26","date_gmt":"2024-07-04T04:40:26","guid":{"rendered":"https:\/\/contextoanalisisperiodistico.com\/index.php\/2024\/07\/03\/oaxaca-de-juarez-impulsa-el-empoderamiento-de-la-mujer-a-traves-del-immujer\/"},"modified":"2024-07-03T22:40:26","modified_gmt":"2024-07-04T04:40:26","slug":"oaxaca-de-juarez-impulsa-el-empoderamiento-de-la-mujer-a-traves-del-immujer","status":"publish","type":"post","link":"https:\/\/contextoanalisisperiodistico.com\/index.php\/2024\/07\/03\/oaxaca-de-juarez-impulsa-el-empoderamiento-de-la-mujer-a-traves-del-immujer\/","title":{"rendered":"Oaxaca de Ju\u00e1rez impulsa el empoderamiento de la mujer a trav\u00e9s del IMMujer"},"content":{"rendered":"<div id=\"fb-root\"><\/div>\n\n<p>Amplia gama de actividades reflejan compromiso con la promoci\u00f3n de la igualdad de g\u00e9nero y la defensa de los derechos de las mujeres.<\/p>\n\n\n\n<p>Oaxaca de Ju\u00e1rez, Oax.,03 de julio de 2024.- El Instituto Municipal de la Mujer de Oaxaca de Ju\u00e1rez (IMMUJER) sigue adelante con su compromiso de fomentar la igualdad, la equidad y la protecci\u00f3n de los derechos de las mujeres, mediante una serie de actividades dise\u00f1adas para empoderarlas y brindarles apoyo constante.<\/p>\n\n\n\n<p>Durante la presente administraci\u00f3n encabezada por Francisco Mart\u00ednez Neri se ha dado un sobresaliente impulso a la participaci\u00f3n de la mujer en todos los \u00e1mbitos de la sociedad, otorg\u00e1ndole al gobierno municipal un claro sello de aliado de las mujeres.<\/p>\n\n\n\n<p>C\u00edrculo de Lectura \u201cLetras para la Igualdad<\/p>\n\n\n\n<p>Una de las varias acciones que realiza el Instituto como medida de prevenci\u00f3n a la violencia de g\u00e9nero, son los c\u00edrculos de lectura que se realizan peri\u00f3dicamente en diferentes puntos de la capital. Las fechas, lugares y horarios se pueden consultar en las redes sociales oficiales del IMMUJER.<\/p>\n\n\n\n<p>El programa del C\u00edrculo de Lectura \u201cLetras para la Igualdad\u201d busca destacar la importancia de acercarse a obras literarias que hablen sobre la igualdad de g\u00e9nero y con ello fomentar el h\u00e1bito de la lectura como una herramienta poderosa para la reflexi\u00f3n y la promoci\u00f3n de los derechos de las mujeres<\/p>\n\n\n\n<p>En la \u00faltima sesi\u00f3n, el libro seleccionado fue \u00abEl fin del amor\u00bb de Tamara Tenenbaum, una obra que aborda con profundidad y sensibilidad las din\u00e1micas de poder y afecto en las relaciones modernas, invitando a las lectoras a cuestionar normas establecidas.<\/p>\n\n\n\n<p>7mo Encuentro Nacional de Enlaces del Banco Nacional de Datos e Informaci\u00f3n sobre Casos de Violencia Contra las Mujeres<\/p>\n\n\n\n<p>En La Paz, Baja California Sur, se celebr\u00f3 el \u00ab7mo Encuentro Nacional de Enlaces del Banco Nacional de Datos e Informaci\u00f3n sobre Casos de Violencia Contra las Mujeres\u00bb (BANAVIM), con la participaci\u00f3n de la titular del IMMUJER, Brenda Elizabeth Dom\u00ednguez Enciso quien ha tenido un destacado desempe\u00f1o al frente de la instituci\u00f3n.<\/p>\n\n\n\n<p>Durante el evento se reforz\u00f3 la creaci\u00f3n y el an\u00e1lisis de informaci\u00f3n sobre mujeres v\u00edctimas de violencia en M\u00e9xico, as\u00ed tambi\u00e9n se abord\u00f3 el impacto de la violencia y la gesti\u00f3n de datos que influyen en las pol\u00edticas p\u00fablicas.<\/p>\n\n\n\n<p>Con el firme objetivo de que las mujeres puedan alcanzar justicia y vivir sin violencia, el Instituto Municipal de la Mujer reiter\u00f3 su compromiso de visibilizar las violencias en el municipio con la inclusi\u00f3n de datos y estad\u00edsticas del BANAVIM.<\/p>\n\n\n\n<p>Programa \u00abMi Econom\u00eda, Mi Autonom\u00eda\u00bb<\/p>\n\n\n\n<p>Otro de los programas m\u00e1s importantes que el Instituto Municipal de la Mujer lleva a cabo es el de \u201cMi Econom\u00eda, Mi Autonom\u00eda\u201d que busca proporcionar a las mujeres herramientas para generar ingresos propios y con ello prevenir situaciones de violencia.<\/p>\n\n\n\n<p>De esta manera, en la colonia Benito Ju\u00e1rez de la Agencia de Polic\u00eda Santa Rosa Panzacola, se llev\u00f3 a cabo un taller de \u00abElaboraci\u00f3n de jabones\u00bb dirigido por la Mtra. Silvia Gabriela Hern\u00e1ndez Salinas, donde se proporcion\u00f3 a las participantes, habilidades necesarias para crear oportunidades productivas y para el autoconsumo.<br \/>Asimismo, durante el taller se instal\u00f3 un m\u00f3dulo informativo sobre los servicios gratuitos que ofrece el IMMUJER, tales como atenci\u00f3n psicol\u00f3gica, orientaci\u00f3n legal, programas y capacitaciones que tienen el fin de apoyar a las ciudadanas de Oaxaca de Ju\u00e1rez y cuidar sus derechos.<\/p>\n\n\n\n<p>Estas iniciativas reflejan el compromiso fiel del Instituto Municipal de la Mujer de Oaxaca de Ju\u00e1rez con la promoci\u00f3n de la igualdad de g\u00e9nero y la defensa de los derechos de las mujeres. A trav\u00e9s de la educaci\u00f3n, el an\u00e1lisis de datos y la capacitaci\u00f3n, el IMMUJER continuar\u00e1 trabajando arduamente para empoderar a las mujeres y construir una sociedad m\u00e1s justa e igualitaria.<\/p>\n","protected":false},"excerpt":{"rendered":"<p>Amplia gama de actividades reflejan compromiso con la promoci\u00f3n de la igualdad de g\u00e9nero y&#8230;<\/p>\n","protected":false},"author":4,"featured_media":28394,"comment_status":"","ping_status":"open","sticky":false,"template":"","format":"standard","meta":{"footnotes":""},"categories":[9],"tags":[],"jetpack_sharing_enabled":true,"featured_image_urls":{"full":["https:\/\/contextoanalisisperiodistico.com\/wp-content\/uploads\/2024\/07\/IMG-20240703-WA0091.jpg",1600,1200,false],"thumbnail":["https:\/\/contextoanalisisperiodistico.com\/wp-content\/uploads\/2024\/07\/IMG-20240703-WA0091-150x150.jpg",150,150,true],"medium":["https:\/\/contextoanalisisperiodistico.com\/wp-content\/uploads\/2024\/07\/IMG-20240703-WA0091-300x225.jpg",300,225,true],"medium_large":["https:\/\/contextoanalisisperiodistico.com\/wp-content\/uploads\/2024\/07\/IMG-20240703-WA0091-768x576.jpg",640,480,true],"large":["https:\/\/contextoanalisisperiodistico.com\/wp-content\/uploads\/2024\/07\/IMG-20240703-WA0091-1024x768.jpg",640,480,true],"1536x1536":["https:\/\/contextoanalisisperiodistico.com\/wp-content\/uploads\/2024\/07\/IMG-20240703-WA0091-1536x1152.jpg",1536,1152,true],"2048x2048":["https:\/\/contextoanalisisperiodistico.com\/wp-content\/uploads\/2024\/07\/IMG-20240703-WA0091.jpg",1600,1200,false],"covernews-slider-full":["https:\/\/contextoanalisisperiodistico.com\/wp-content\/uploads\/2024\/07\/IMG-20240703-WA0091-1115x715.jpg",1115,715,true],"covernews-slider-center":["https:\/\/contextoanalisisperiodistico.com\/wp-content\/uploads\/2024\/07\/IMG-20240703-WA0091-800x500.jpg",800,500,true],"covernews-featured":["https:\/\/contextoanalisisperiodistico.com\/wp-content\/uploads\/2024\/07\/IMG-20240703-WA0091-1024x768.jpg",1024,768,true],"covernews-medium":["https:\/\/contextoanalisisperiodistico.com\/wp-content\/uploads\/2024\/07\/IMG-20240703-WA0091-540x340.jpg",540,340,true],"covernews-medium-square":["https:\/\/contextoanalisisperiodistico.com\/wp-content\/uploads\/2024\/07\/IMG-20240703-WA0091-400x250.jpg",400,250,true]},"author_info":{"display_name":"Mario Gir\u00f3n","author_link":"https:\/\/contextoanalisisperiodistico.com\/index.php\/author\/director\/"},"category_info":"<a href=\"https:\/\/contextoanalisisperiodistico.com\/index.php\/category\/politica\/\" rel=\"category tag\">Pol\u00edtica<\/a>","tag_info":"Pol\u00edtica","comment_count":"0","jetpack_featured_media_url":"https:\/\/contextoanalisisperiodistico.com\/wp-content\/uploads\/2024\/07\/IMG-20240703-WA0091.jpg","_links":{"self":[{"href":"https:\/\/contextoanalisisperiodistico.com\/index.php\/wp-json\/wp\/v2\/posts\/28395"}],"collection":[{"href":"https:\/\/contextoanalisisperiodistico.com\/index.php\/wp-json\/wp\/v2\/posts"}],"about":[{"href":"https:\/\/contextoanalisisperiodistico.com\/index.php\/wp-json\/wp\/v2\/types\/post"}],"author":[{"embeddable":true,"href":"https:\/\/contextoanalisisperiodistico.com\/index.php\/wp-json\/wp\/v2\/users\/4"}],"replies":[{"embeddable":true,"href":"https:\/\/contextoanalisisperiodistico.com\/index.php\/wp-json\/wp\/v2\/comments?post=28395"}],"version-history":[{"count":0,"href":"https:\/\/contextoanalisisperiodistico.com\/index.php\/wp-json\/wp\/v2\/posts\/28395\/revisions"}],"wp:featuredmedia":[{"embeddable":true,"href":"https:\/\/contextoanalisisperiodistico.com\/index.php\/wp-json\/wp\/v2\/media\/28394"}],"wp:attachment":[{"href":"https:\/\/contextoanalisisperiodistico.com\/index.php\/wp-json\/wp\/v2\/media?parent=28395"}],"wp:term":[{"taxonomy":"category","embeddable":true,"href":"https:\/\/contextoanalisisperiodistico.com\/index.php\/wp-json\/wp\/v2\/categories?post=28395"},{"taxonomy":"post_tag","embeddable":true,"href":"https:\/\/contextoanalisisperiodistico.com\/index.php\/wp-json\/wp\/v2\/tags?post=28395"}],"curies":[{"name":"wp","href":"https:\/\/api.w.org\/{rel}","templated":true}]}}