{"id":28393,"date":"2024-07-03T14:42:11","date_gmt":"2024-07-03T20:42:11","guid":{"rendered":"https:\/\/contextoanalisisperiodistico.com\/index.php\/2024\/07\/03\/suman-esfuerzos-gobierno-de-oaxaca-y-municipios-para-el-control-del-dengue\/"},"modified":"2024-07-03T14:42:11","modified_gmt":"2024-07-03T20:42:11","slug":"suman-esfuerzos-gobierno-de-oaxaca-y-municipios-para-el-control-del-dengue","status":"publish","type":"post","link":"https:\/\/contextoanalisisperiodistico.com\/index.php\/2024\/07\/03\/suman-esfuerzos-gobierno-de-oaxaca-y-municipios-para-el-control-del-dengue\/","title":{"rendered":"Suman esfuerzos Gobierno de Oaxaca y municipios para el control del dengue"},"content":{"rendered":"<div id=\"fb-root\"><\/div>\n\n<p>\u2022 El Gobernador Salom\u00f3n Jara Cruz sostuvo una reuni\u00f3n de trabajo con 25 autoridades de la regi\u00f3n de Valles Centrales<\/p>\n\n\n\n<figure class=\"wp-block-image size-large\"><img fetchpriority=\"high\" decoding=\"async\" width=\"1024\" height=\"682\" src=\"https:\/\/contextoanalisisperiodistico.com\/wp-content\/uploads\/2024\/07\/img-20240703-wa00747275208902427231757-1024x682.jpg\" alt=\"\" class=\"wp-image-28391\" srcset=\"https:\/\/contextoanalisisperiodistico.com\/wp-content\/uploads\/2024\/07\/img-20240703-wa00747275208902427231757-1024x682.jpg 1024w, https:\/\/contextoanalisisperiodistico.com\/wp-content\/uploads\/2024\/07\/img-20240703-wa00747275208902427231757-300x200.jpg 300w, https:\/\/contextoanalisisperiodistico.com\/wp-content\/uploads\/2024\/07\/img-20240703-wa00747275208902427231757-768x512.jpg 768w, https:\/\/contextoanalisisperiodistico.com\/wp-content\/uploads\/2024\/07\/img-20240703-wa00747275208902427231757-1536x1023.jpg 1536w, https:\/\/contextoanalisisperiodistico.com\/wp-content\/uploads\/2024\/07\/img-20240703-wa00747275208902427231757.jpg 1600w\" sizes=\"(max-width: 1024px) 100vw, 1024px\" \/><\/figure>\n\n\n\n<figure class=\"wp-block-image\"><img decoding=\"async\" width=\"1024\" height=\"816\" src=\"https:\/\/contextoanalisisperiodistico.com\/wp-content\/uploads\/2024\/07\/img-20240703-wa00736235452770582983225-1024x816.jpg\" alt=\"\" class=\"wp-image-28392\" srcset=\"https:\/\/contextoanalisisperiodistico.com\/wp-content\/uploads\/2024\/07\/img-20240703-wa00736235452770582983225-1024x816.jpg 1024w, https:\/\/contextoanalisisperiodistico.com\/wp-content\/uploads\/2024\/07\/img-20240703-wa00736235452770582983225-300x239.jpg 300w, https:\/\/contextoanalisisperiodistico.com\/wp-content\/uploads\/2024\/07\/img-20240703-wa00736235452770582983225-768x612.jpg 768w, https:\/\/contextoanalisisperiodistico.com\/wp-content\/uploads\/2024\/07\/img-20240703-wa00736235452770582983225.jpg 1314w\" sizes=\"(max-width: 1024px) 100vw, 1024px\" \/><\/figure>\n\n\n\n<p>\u2022 Se llevar\u00e1 a cabo el Mega Tequio Oaxaca Unida contra el Dengue este 6 y 7 de julio<\/p>\n\n\n\n<p>Oaxaca de Ju\u00e1rez, Oax. 3 de julio de 2024.- Para reforzar acciones, controlar la incidencia del dengue y establecer mecanismos de sinergia que hagan frente a este padecimiento, el Gobernador de Oaxaca Salom\u00f3n Jara Cruz sostuvo una reuni\u00f3n de trabajo con 25 autoridades municipales de la regi\u00f3n de Valles Centrales.<\/p>\n\n\n\n<p>Junto a la titular de los Servicios de Salud de Oaxaca (SSO), Alma Lilia Velasco Hern\u00e1ndez, el Mandatario estatal explic\u00f3 que estas 25 demarcaciones -entre ellas Oaxaca de Ju\u00e1rez, Santa Cruz Xoxocotl\u00e1n, San Antonio de la Cal, Santa Mar\u00eda Atzompa, Villa de Zaachila, Santa Luc\u00eda del Camino y Cuil\u00e1pam de Guerrero- aportan el 75 por ciento de los casos activos de la entidad y son los de mayor riesgo.<\/p>\n\n\n\n<p>En este sentido, resalt\u00f3 que es necesario el compromiso y la suma de trabajo de todas las autoridades para fomentar en la poblaci\u00f3n la educaci\u00f3n sanitaria basada en la eliminaci\u00f3n de riesgos y criaderos potenciales, ya que la primera actividad de prevenci\u00f3n es evitar la proliferaci\u00f3n del zancudo Aedes aegypti.<\/p>\n\n\n\n<p>Por ello, se exhort\u00f3 a las personas asistentes a sumarse al Plan Emergente Oaxaca Unida Contra el Dengue a trav\u00e9s de capacitaciones que brindar\u00e1 personal de salud a toda la municipalidad para que las actividades se hagan de manera correcta y tengan mayor eficiencia.<\/p>\n\n\n\n<p>Tambi\u00e9n, para el suministro de larvicida, conocido como abate, que se instalar\u00e1 en dep\u00f3sitos de agua y con ello se evite la reproducci\u00f3n de larvas del zancudo; cabe destacar que esta sustancia no es t\u00f3xica, por lo que no debe retirarse hasta que se termine.<\/p>\n\n\n\n<p>Se hace un llamado a la ciudadan\u00eda para que participe en el control larvario de viviendas durante 15 d\u00edas (ciclo biol\u00f3gico del insecto) con la estrategia lava, tapa, voltea y tira todos los objetos que acumulen agua, as\u00ed como llevar a cabo la limpieza de los hogares, \u00e1reas y jardines.<\/p>\n\n\n\n<p>Posterior a estas actividades, el equipo de vectores realizar\u00e1 la nebulizaci\u00f3n y termonebulizaci\u00f3n; de esta manera, se pide a la poblaci\u00f3n abrir puertas y ventanas en su domicilio cuando la camioneta de salud transite, para que el producto entre y elimine el zancudo adulto.<\/p>\n\n\n\n<p>Adicionalmente, el Gobierno del Estado llevar\u00e1 a cabo el Mega Tequio Oaxaca Unida contra el Dengue este 6 y 7 de julio, a fin de que m\u00e1s de 2 mil personas voluntarias visiten viviendas para revisar los dep\u00f3sitos de agua, se exploren y eliminen criaderos, as\u00ed como entrega de repelente gratuito.<\/p>\n\n\n\n<p>-0-<\/p>\n","protected":false},"excerpt":{"rendered":"<p>\u2022 El Gobernador Salom\u00f3n Jara Cruz sostuvo una reuni\u00f3n de trabajo con 25 autoridades de&#8230;<\/p>\n","protected":false},"author":4,"featured_media":28390,"comment_status":"","ping_status":"open","sticky":false,"template":"","format":"standard","meta":{"footnotes":""},"categories":[9],"tags":[],"jetpack_sharing_enabled":true,"featured_image_urls":{"full":["https:\/\/contextoanalisisperiodistico.com\/wp-content\/uploads\/2024\/07\/IMG-20240703-WA0075.jpg",1600,1066,false],"thumbnail":["https:\/\/contextoanalisisperiodistico.com\/wp-content\/uploads\/2024\/07\/IMG-20240703-WA0075-150x150.jpg",150,150,true],"medium":["https:\/\/contextoanalisisperiodistico.com\/wp-content\/uploads\/2024\/07\/IMG-20240703-WA0075-300x200.jpg",300,200,true],"medium_large":["https:\/\/contextoanalisisperiodistico.com\/wp-content\/uploads\/2024\/07\/IMG-20240703-WA0075-768x512.jpg",640,427,true],"large":["https:\/\/contextoanalisisperiodistico.com\/wp-content\/uploads\/2024\/07\/IMG-20240703-WA0075-1024x682.jpg",640,426,true],"1536x1536":["https:\/\/contextoanalisisperiodistico.com\/wp-content\/uploads\/2024\/07\/IMG-20240703-WA0075-1536x1023.jpg",1536,1023,true],"2048x2048":["https:\/\/contextoanalisisperiodistico.com\/wp-content\/uploads\/2024\/07\/IMG-20240703-WA0075.jpg",1600,1066,false],"covernews-slider-full":["https:\/\/contextoanalisisperiodistico.com\/wp-content\/uploads\/2024\/07\/IMG-20240703-WA0075-1115x715.jpg",1115,715,true],"covernews-slider-center":["https:\/\/contextoanalisisperiodistico.com\/wp-content\/uploads\/2024\/07\/IMG-20240703-WA0075-800x500.jpg",800,500,true],"covernews-featured":["https:\/\/contextoanalisisperiodistico.com\/wp-content\/uploads\/2024\/07\/IMG-20240703-WA0075-1024x682.jpg",1024,682,true],"covernews-medium":["https:\/\/contextoanalisisperiodistico.com\/wp-content\/uploads\/2024\/07\/IMG-20240703-WA0075-540x340.jpg",540,340,true],"covernews-medium-square":["https:\/\/contextoanalisisperiodistico.com\/wp-content\/uploads\/2024\/07\/IMG-20240703-WA0075-400x250.jpg",400,250,true]},"author_info":{"display_name":"Mario Gir\u00f3n","author_link":"https:\/\/contextoanalisisperiodistico.com\/index.php\/author\/director\/"},"category_info":"<a href=\"https:\/\/contextoanalisisperiodistico.com\/index.php\/category\/politica\/\" rel=\"category tag\">Pol\u00edtica<\/a>","tag_info":"Pol\u00edtica","comment_count":"0","jetpack_featured_media_url":"https:\/\/contextoanalisisperiodistico.com\/wp-content\/uploads\/2024\/07\/IMG-20240703-WA0075.jpg","_links":{"self":[{"href":"https:\/\/contextoanalisisperiodistico.com\/index.php\/wp-json\/wp\/v2\/posts\/28393"}],"collection":[{"href":"https:\/\/contextoanalisisperiodistico.com\/index.php\/wp-json\/wp\/v2\/posts"}],"about":[{"href":"https:\/\/contextoanalisisperiodistico.com\/index.php\/wp-json\/wp\/v2\/types\/post"}],"author":[{"embeddable":true,"href":"https:\/\/contextoanalisisperiodistico.com\/index.php\/wp-json\/wp\/v2\/users\/4"}],"replies":[{"embeddable":true,"href":"https:\/\/contextoanalisisperiodistico.com\/index.php\/wp-json\/wp\/v2\/comments?post=28393"}],"version-history":[{"count":0,"href":"https:\/\/contextoanalisisperiodistico.com\/index.php\/wp-json\/wp\/v2\/posts\/28393\/revisions"}],"wp:featuredmedia":[{"embeddable":true,"href":"https:\/\/contextoanalisisperiodistico.com\/index.php\/wp-json\/wp\/v2\/media\/28390"}],"wp:attachment":[{"href":"https:\/\/contextoanalisisperiodistico.com\/index.php\/wp-json\/wp\/v2\/media?parent=28393"}],"wp:term":[{"taxonomy":"category","embeddable":true,"href":"https:\/\/contextoanalisisperiodistico.com\/index.php\/wp-json\/wp\/v2\/categories?post=28393"},{"taxonomy":"post_tag","embeddable":true,"href":"https:\/\/contextoanalisisperiodistico.com\/index.php\/wp-json\/wp\/v2\/tags?post=28393"}],"curies":[{"name":"wp","href":"https:\/\/api.w.org\/{rel}","templated":true}]}}