{"id":28388,"date":"2024-07-03T12:09:59","date_gmt":"2024-07-03T18:09:59","guid":{"rendered":"https:\/\/contextoanalisisperiodistico.com\/index.php\/2024\/07\/03\/ferrocarril-del-istmo-de-tehuantepec-realiza-primer-viaje-de-carga\/"},"modified":"2024-07-03T12:10:36","modified_gmt":"2024-07-03T18:10:36","slug":"ferrocarril-del-istmo-de-tehuantepec-realiza-primer-viaje-de-carga","status":"publish","type":"post","link":"https:\/\/contextoanalisisperiodistico.com\/index.php\/2024\/07\/03\/ferrocarril-del-istmo-de-tehuantepec-realiza-primer-viaje-de-carga\/","title":{"rendered":"Ferrocarril del Istmo de Tehuantepec realiza primer viaje de carga"},"content":{"rendered":"<div id=\"fb-root\"><\/div>\n\n<p>\u2022 Con ello se cristaliza el proyecto ferroviario que forma parte de la plataforma log\u00edstica del Corredor Interoce\u00e1nico del Istmo de Tehuantepec<\/p>\n\n\n\n<figure class=\"wp-block-image size-large\"><img fetchpriority=\"high\" decoding=\"async\" width=\"1024\" height=\"457\" src=\"https:\/\/contextoanalisisperiodistico.com\/wp-content\/uploads\/2024\/07\/img-20240703-wa00603419128424430425468-1024x457.jpg\" alt=\"\" class=\"wp-image-28386\" srcset=\"https:\/\/contextoanalisisperiodistico.com\/wp-content\/uploads\/2024\/07\/img-20240703-wa00603419128424430425468-1024x457.jpg 1024w, https:\/\/contextoanalisisperiodistico.com\/wp-content\/uploads\/2024\/07\/img-20240703-wa00603419128424430425468-300x134.jpg 300w, https:\/\/contextoanalisisperiodistico.com\/wp-content\/uploads\/2024\/07\/img-20240703-wa00603419128424430425468-768x343.jpg 768w, https:\/\/contextoanalisisperiodistico.com\/wp-content\/uploads\/2024\/07\/img-20240703-wa00603419128424430425468-1536x685.jpg 1536w, https:\/\/contextoanalisisperiodistico.com\/wp-content\/uploads\/2024\/07\/img-20240703-wa00603419128424430425468.jpg 1600w\" sizes=\"(max-width: 1024px) 100vw, 1024px\" \/><\/figure>\n\n\n\n<figure class=\"wp-block-image\"><img decoding=\"async\" width=\"775\" height=\"1024\" src=\"https:\/\/contextoanalisisperiodistico.com\/wp-content\/uploads\/2024\/07\/img-20240703-wa00596176475605692838738-775x1024.jpg\" alt=\"\" class=\"wp-image-28384\" srcset=\"https:\/\/contextoanalisisperiodistico.com\/wp-content\/uploads\/2024\/07\/img-20240703-wa00596176475605692838738-775x1024.jpg 775w, https:\/\/contextoanalisisperiodistico.com\/wp-content\/uploads\/2024\/07\/img-20240703-wa00596176475605692838738-227x300.jpg 227w, https:\/\/contextoanalisisperiodistico.com\/wp-content\/uploads\/2024\/07\/img-20240703-wa00596176475605692838738-768x1014.jpg 768w, https:\/\/contextoanalisisperiodistico.com\/wp-content\/uploads\/2024\/07\/img-20240703-wa00596176475605692838738.jpg 969w\" sizes=\"(max-width: 775px) 100vw, 775px\" \/><\/figure>\n\n\n\n<figure class=\"wp-block-image\"><img decoding=\"async\" width=\"1024\" height=\"769\" src=\"https:\/\/contextoanalisisperiodistico.com\/wp-content\/uploads\/2024\/07\/img-20240703-wa0057684678586676498736-1024x769.jpg\" alt=\"\" class=\"wp-image-28387\" srcset=\"https:\/\/contextoanalisisperiodistico.com\/wp-content\/uploads\/2024\/07\/img-20240703-wa0057684678586676498736-1024x769.jpg 1024w, https:\/\/contextoanalisisperiodistico.com\/wp-content\/uploads\/2024\/07\/img-20240703-wa0057684678586676498736-300x225.jpg 300w, https:\/\/contextoanalisisperiodistico.com\/wp-content\/uploads\/2024\/07\/img-20240703-wa0057684678586676498736-768x576.jpg 768w, https:\/\/contextoanalisisperiodistico.com\/wp-content\/uploads\/2024\/07\/img-20240703-wa0057684678586676498736-1536x1153.jpg 1536w, https:\/\/contextoanalisisperiodistico.com\/wp-content\/uploads\/2024\/07\/img-20240703-wa0057684678586676498736.jpg 1600w\" sizes=\"(max-width: 1024px) 100vw, 1024px\" \/><\/figure>\n\n\n\n<figure class=\"wp-block-image\"><img loading=\"lazy\" decoding=\"async\" width=\"1024\" height=\"670\" src=\"https:\/\/contextoanalisisperiodistico.com\/wp-content\/uploads\/2024\/07\/img-20240703-wa00566364326018010202431-1024x670.jpg\" alt=\"\" class=\"wp-image-28385\" srcset=\"https:\/\/contextoanalisisperiodistico.com\/wp-content\/uploads\/2024\/07\/img-20240703-wa00566364326018010202431-1024x670.jpg 1024w, https:\/\/contextoanalisisperiodistico.com\/wp-content\/uploads\/2024\/07\/img-20240703-wa00566364326018010202431-300x196.jpg 300w, https:\/\/contextoanalisisperiodistico.com\/wp-content\/uploads\/2024\/07\/img-20240703-wa00566364326018010202431-768x502.jpg 768w, https:\/\/contextoanalisisperiodistico.com\/wp-content\/uploads\/2024\/07\/img-20240703-wa00566364326018010202431.jpg 1170w\" sizes=\"(max-width: 1024px) 100vw, 1024px\" \/><\/figure>\n\n\n\n<p>\u2022 El FIT, impulsado por el Gobierno de M\u00e9xico conectar\u00e1 los oc\u00e9anos Pac\u00edfico y el Atl\u00e1ntico<\/p>\n\n\n\n<p>Salina Cruz, Oax. 3 de julio de 2024.- Con el primer viaje de carga del Ferrocarril del Istmo de Tehuantepec (FIT), de Salina Cruz, Oaxaca hacia Chinameca, Veracruz, en la entidad qued\u00f3 cristalizado el proyecto del Presidente de M\u00e9xico Andr\u00e9s Manuel L\u00f3pez Obrador, de reactivar el Sur sureste del pa\u00eds y avanzar en la revoluci\u00f3n log\u00edstica de la cadena de suministro a trav\u00e9s del Corredor Interoce\u00e1nico.<\/p>\n\n\n\n<p>Para el Gobierno de la Primavera Oaxaque\u00f1a, el retorno del transporte de carga y la conexi\u00f3n del tren en el recinto portuario, trabajos que impulsa la Administraci\u00f3n p\u00fablica Federal, significa un momento hist\u00f3rico para el desarrollo industrial y tecnol\u00f3gico de la entidad y el pa\u00eds.<\/p>\n\n\n\n<p>En este sentido, luego de un convenio comercial firmado entre la Secretar\u00eda de Marina (Semar), el Ferrocarril del Istmo de Tehuantepec y GRUMA, S.A. B de C.V., el buque \u00abMar de Cort\u00e9s\u00bb arrib\u00f3 al puerto de Salina Cruz con una carga de 13 mil 500 toneladas de grano de ma\u00edz blanco desde Topolobampo, Sinaloa.<\/p>\n\n\n\n<p>Esta ser\u00e1 trasladada por el FIT mediante tres viajes trans\u00edstmicos, utilizando tres locomotoras con un total de 45 tolvas graneleras nuevas, cada una con una capacidad de almacenar 100 toneladas.<\/p>\n\n\n\n<p>El primer desplazamiento se realiz\u00f3 de la Administraci\u00f3n del Sistema Portuario Nacional (Asipona) Salina Cruz hacia Chinameca, Veracruz. El recorrido ferroviario fue de 269 kil\u00f3metros en un tiempo estimado de 10 horas, esto, gracias a la rehabilitaci\u00f3n de la v\u00eda f\u00e9rrea que ya incluye el acceso completo del sistema de trenes hasta el recinto portuario de Salina Cruz para su maniobra de carga y descarga de productos y al fortalecimiento del equipamiento del ferrocarril.<\/p>\n\n\n\n<p>Entre las caracter\u00edsticas que distinguir\u00e1n al servicio del FIT se encuentran la seguridad y puntualidad de grandes vol\u00famenes de mercanc\u00eda mediante la disponibilidad de un servicio programado. A esto se le suma la presencia de la Secretar\u00eda de Marina, a trav\u00e9s de la Armada de M\u00e9xico para la seguridad y resguardo de sus operaciones.<\/p>\n\n\n\n<p>-0-<\/p>\n","protected":false},"excerpt":{"rendered":"<p>\u2022 Con ello se cristaliza el proyecto ferroviario que forma parte de la plataforma log\u00edstica&#8230;<\/p>\n","protected":false},"author":4,"featured_media":28383,"comment_status":"closed","ping_status":"open","sticky":false,"template":"","format":"standard","meta":{"footnotes":""},"categories":[9],"tags":[],"jetpack_sharing_enabled":true,"featured_image_urls":{"full":["https:\/\/contextoanalisisperiodistico.com\/wp-content\/uploads\/2024\/07\/IMG-20240703-WA0058.jpg",1600,1204,false],"thumbnail":["https:\/\/contextoanalisisperiodistico.com\/wp-content\/uploads\/2024\/07\/IMG-20240703-WA0058-150x150.jpg",150,150,true],"medium":["https:\/\/contextoanalisisperiodistico.com\/wp-content\/uploads\/2024\/07\/IMG-20240703-WA0058-300x226.jpg",300,226,true],"medium_large":["https:\/\/contextoanalisisperiodistico.com\/wp-content\/uploads\/2024\/07\/IMG-20240703-WA0058-768x578.jpg",640,482,true],"large":["https:\/\/contextoanalisisperiodistico.com\/wp-content\/uploads\/2024\/07\/IMG-20240703-WA0058-1024x771.jpg",640,482,true],"1536x1536":["https:\/\/contextoanalisisperiodistico.com\/wp-content\/uploads\/2024\/07\/IMG-20240703-WA0058-1536x1156.jpg",1536,1156,true],"2048x2048":["https:\/\/contextoanalisisperiodistico.com\/wp-content\/uploads\/2024\/07\/IMG-20240703-WA0058.jpg",1600,1204,false],"covernews-slider-full":["https:\/\/contextoanalisisperiodistico.com\/wp-content\/uploads\/2024\/07\/IMG-20240703-WA0058-1115x715.jpg",1115,715,true],"covernews-slider-center":["https:\/\/contextoanalisisperiodistico.com\/wp-content\/uploads\/2024\/07\/IMG-20240703-WA0058-800x500.jpg",800,500,true],"covernews-featured":["https:\/\/contextoanalisisperiodistico.com\/wp-content\/uploads\/2024\/07\/IMG-20240703-WA0058-1024x771.jpg",1024,771,true],"covernews-medium":["https:\/\/contextoanalisisperiodistico.com\/wp-content\/uploads\/2024\/07\/IMG-20240703-WA0058-540x340.jpg",540,340,true],"covernews-medium-square":["https:\/\/contextoanalisisperiodistico.com\/wp-content\/uploads\/2024\/07\/IMG-20240703-WA0058-400x250.jpg",400,250,true]},"author_info":{"display_name":"Mario Gir\u00f3n","author_link":"https:\/\/contextoanalisisperiodistico.com\/index.php\/author\/director\/"},"category_info":"<a href=\"https:\/\/contextoanalisisperiodistico.com\/index.php\/category\/politica\/\" rel=\"category tag\">Pol\u00edtica<\/a>","tag_info":"Pol\u00edtica","comment_count":"0","jetpack_featured_media_url":"https:\/\/contextoanalisisperiodistico.com\/wp-content\/uploads\/2024\/07\/IMG-20240703-WA0058.jpg","_links":{"self":[{"href":"https:\/\/contextoanalisisperiodistico.com\/index.php\/wp-json\/wp\/v2\/posts\/28388"}],"collection":[{"href":"https:\/\/contextoanalisisperiodistico.com\/index.php\/wp-json\/wp\/v2\/posts"}],"about":[{"href":"https:\/\/contextoanalisisperiodistico.com\/index.php\/wp-json\/wp\/v2\/types\/post"}],"author":[{"embeddable":true,"href":"https:\/\/contextoanalisisperiodistico.com\/index.php\/wp-json\/wp\/v2\/users\/4"}],"replies":[{"embeddable":true,"href":"https:\/\/contextoanalisisperiodistico.com\/index.php\/wp-json\/wp\/v2\/comments?post=28388"}],"version-history":[{"count":1,"href":"https:\/\/contextoanalisisperiodistico.com\/index.php\/wp-json\/wp\/v2\/posts\/28388\/revisions"}],"predecessor-version":[{"id":28389,"href":"https:\/\/contextoanalisisperiodistico.com\/index.php\/wp-json\/wp\/v2\/posts\/28388\/revisions\/28389"}],"wp:featuredmedia":[{"embeddable":true,"href":"https:\/\/contextoanalisisperiodistico.com\/index.php\/wp-json\/wp\/v2\/media\/28383"}],"wp:attachment":[{"href":"https:\/\/contextoanalisisperiodistico.com\/index.php\/wp-json\/wp\/v2\/media?parent=28388"}],"wp:term":[{"taxonomy":"category","embeddable":true,"href":"https:\/\/contextoanalisisperiodistico.com\/index.php\/wp-json\/wp\/v2\/categories?post=28388"},{"taxonomy":"post_tag","embeddable":true,"href":"https:\/\/contextoanalisisperiodistico.com\/index.php\/wp-json\/wp\/v2\/tags?post=28388"}],"curies":[{"name":"wp","href":"https:\/\/api.w.org\/{rel}","templated":true}]}}