{"id":28377,"date":"2024-07-03T09:55:13","date_gmt":"2024-07-03T15:55:13","guid":{"rendered":"https:\/\/contextoanalisisperiodistico.com\/index.php\/2024\/07\/03\/reconoce-gobierno-de-la-primavera-oaxaquena-trabajo-esfuerzo-y-dedicacion-de-la-guardia-nacional\/"},"modified":"2024-07-03T09:55:13","modified_gmt":"2024-07-03T15:55:13","slug":"reconoce-gobierno-de-la-primavera-oaxaquena-trabajo-esfuerzo-y-dedicacion-de-la-guardia-nacional","status":"publish","type":"post","link":"https:\/\/contextoanalisisperiodistico.com\/index.php\/2024\/07\/03\/reconoce-gobierno-de-la-primavera-oaxaquena-trabajo-esfuerzo-y-dedicacion-de-la-guardia-nacional\/","title":{"rendered":"Reconoce Gobierno de la Primavera Oaxaque\u00f1a trabajo, esfuerzo y dedicaci\u00f3n de la Guardia Nacional"},"content":{"rendered":"<div id=\"fb-root\"><\/div>\n\n<p>\u2022 El Gobernador Salom\u00f3n Jara Cruz presidi\u00f3 la ceremonia del Quinto Aniversario de esta instituci\u00f3n<\/p>\n\n\n\n<figure class=\"wp-block-image size-large\"><img fetchpriority=\"high\" decoding=\"async\" width=\"1024\" height=\"682\" src=\"https:\/\/contextoanalisisperiodistico.com\/wp-content\/uploads\/2024\/07\/img-20240703-wa00284561598657416665930-1024x682.jpg\" alt=\"\" class=\"wp-image-28374\" srcset=\"https:\/\/contextoanalisisperiodistico.com\/wp-content\/uploads\/2024\/07\/img-20240703-wa00284561598657416665930-1024x682.jpg 1024w, https:\/\/contextoanalisisperiodistico.com\/wp-content\/uploads\/2024\/07\/img-20240703-wa00284561598657416665930-300x200.jpg 300w, https:\/\/contextoanalisisperiodistico.com\/wp-content\/uploads\/2024\/07\/img-20240703-wa00284561598657416665930-768x512.jpg 768w, https:\/\/contextoanalisisperiodistico.com\/wp-content\/uploads\/2024\/07\/img-20240703-wa00284561598657416665930-1536x1023.jpg 1536w, https:\/\/contextoanalisisperiodistico.com\/wp-content\/uploads\/2024\/07\/img-20240703-wa00284561598657416665930.jpg 1600w\" sizes=\"(max-width: 1024px) 100vw, 1024px\" \/><\/figure>\n\n\n\n<figure class=\"wp-block-image\"><img decoding=\"async\" width=\"1024\" height=\"682\" src=\"https:\/\/contextoanalisisperiodistico.com\/wp-content\/uploads\/2024\/07\/img-20240703-wa0031381676244536247956-1024x682.jpg\" alt=\"\" class=\"wp-image-28375\" srcset=\"https:\/\/contextoanalisisperiodistico.com\/wp-content\/uploads\/2024\/07\/img-20240703-wa0031381676244536247956-1024x682.jpg 1024w, https:\/\/contextoanalisisperiodistico.com\/wp-content\/uploads\/2024\/07\/img-20240703-wa0031381676244536247956-300x200.jpg 300w, https:\/\/contextoanalisisperiodistico.com\/wp-content\/uploads\/2024\/07\/img-20240703-wa0031381676244536247956-768x512.jpg 768w, https:\/\/contextoanalisisperiodistico.com\/wp-content\/uploads\/2024\/07\/img-20240703-wa0031381676244536247956-1536x1023.jpg 1536w, https:\/\/contextoanalisisperiodistico.com\/wp-content\/uploads\/2024\/07\/img-20240703-wa0031381676244536247956.jpg 1600w\" sizes=\"(max-width: 1024px) 100vw, 1024px\" \/><\/figure>\n\n\n\n<figure class=\"wp-block-image\"><img decoding=\"async\" width=\"1024\" height=\"682\" src=\"https:\/\/contextoanalisisperiodistico.com\/wp-content\/uploads\/2024\/07\/img-20240703-wa00296203860896440240767-1024x682.jpg\" alt=\"\" class=\"wp-image-28376\" srcset=\"https:\/\/contextoanalisisperiodistico.com\/wp-content\/uploads\/2024\/07\/img-20240703-wa00296203860896440240767-1024x682.jpg 1024w, https:\/\/contextoanalisisperiodistico.com\/wp-content\/uploads\/2024\/07\/img-20240703-wa00296203860896440240767-300x200.jpg 300w, https:\/\/contextoanalisisperiodistico.com\/wp-content\/uploads\/2024\/07\/img-20240703-wa00296203860896440240767-768x512.jpg 768w, https:\/\/contextoanalisisperiodistico.com\/wp-content\/uploads\/2024\/07\/img-20240703-wa00296203860896440240767-1536x1023.jpg 1536w, https:\/\/contextoanalisisperiodistico.com\/wp-content\/uploads\/2024\/07\/img-20240703-wa00296203860896440240767.jpg 1600w\" sizes=\"(max-width: 1024px) 100vw, 1024px\" \/><\/figure>\n\n\n\n<p>Santa Cruz Xoxocotl\u00e1n, Oax. 3 de julio de 2024.- El Gobernador de Oaxaca Salom\u00f3n Jara Cruz presidi\u00f3 la ceremonia con motivo del Quinto Aniversario de la Guardia Nacional (GN), fundada para garantizar la seguridad p\u00fablica de la poblaci\u00f3n mexicana.<\/p>\n\n\n\n<p>En este sentido, el Gobierno de la Primavera Oaxaque\u00f1a celebra la creaci\u00f3n de esta instituci\u00f3n, impulsada por el Presidente de M\u00e9xico Andr\u00e9s Manuel L\u00f3pez Obrador para construir un nuevo paradigma en materia de seguridad y lucha contra la delincuencia.<\/p>\n\n\n\n<p>Tambi\u00e9n, reconoce el trabajo, esfuerzo y dedicaci\u00f3n de la Guardia Nacional, cuya presencia en Oaxaca contribuye a que la entidad ocupe el quinto lugar en los estados m\u00e1s seguros del pa\u00eds, garantizando as\u00ed la vida, seguridad y bienestar de la ciudadan\u00eda.<\/p>\n\n\n\n<p>Cabe destacar que el territorio oaxaque\u00f1o alberga a m\u00e1s de 7 mil elementos en las distintas jurisdicciones y regiones, lo que convierte a esta instituci\u00f3n en un pilar fundamental de la estrategia nacional a favor de la paz social, atenci\u00f3n a emergencias y desastres.<\/p>\n\n\n\n<p>En su oportunidad, el Coordinador Estatal de la GN en Oaxaca, Comisario Carlos Rodr\u00edguez Quirarte manifest\u00f3 que, en este primer lustro, la instituci\u00f3n es una de las que goza mayor confianza entre la poblaci\u00f3n, lo cual demuestra el compromiso diario de cada elemento que est\u00e1 al servicio de la naci\u00f3n. \u201cGracias a su valent\u00eda y determinaci\u00f3n hemos logrado nuestra misi\u00f3n; salvaguardar a las y los mexicanos\u201d, dijo.<\/p>\n\n\n\n<p>A este acto conmemorativo, realizado en las nuevas instalaciones en Santa Cruz Xoxocotl\u00e1n, asisti\u00f3 el General de Divisi\u00f3n Diplomado de Estado Mayor, Inocente Prado L\u00f3pez, Comandante de la Octava Regi\u00f3n Militar y funcionariado de diversas dependencias estatales.<\/p>\n\n\n\n<p>En este marco, se entregaron reconocimientos a personal de diferentes batallones de la instituci\u00f3n que componen a esta Coordinaci\u00f3n Estatal, por destacar en actividades operativas y de adiestramiento.<\/p>\n\n\n\n<p>A los subagentes Alberto Evelio Mart\u00ednez Ru\u00edz, Luis Armando L\u00f3pez Gallegos, Brandon Iv\u00e1n Reyes Arriaga, Luis Iv\u00e1n Cedillo D\u00edaz, Freddy Jaday Flores Fuentes y Tom\u00e1s Isaac Valdivia Hern\u00e1ndez.<\/p>\n\n\n\n<p>Tambi\u00e9n a las y los agentes Selene Santiago Cort\u00e9s, Jos\u00e9 Clemente V\u00e1zquez Olvera y Luis \u00c1ngel Jim\u00e9nez Santiago; as\u00ed como a las y los guardias Omar Rosas Sosa, Daniela Guadalupe V\u00e1zquez V\u00e1zquez, Jos\u00e9 Parra Gonz\u00e1lez, Esmeralda Cecilia Hern\u00e1ndez P\u00e9rez, Daniel Ib\u00e1\u00f1ez Aguirre y Paola Andrea Garc\u00eda Vargas.<\/p>\n\n\n\n<p>-0-<\/p>\n","protected":false},"excerpt":{"rendered":"<p>\u2022 El Gobernador Salom\u00f3n Jara Cruz presidi\u00f3 la ceremonia del Quinto Aniversario de esta instituci\u00f3n&#8230;<\/p>\n","protected":false},"author":4,"featured_media":28373,"comment_status":"","ping_status":"open","sticky":false,"template":"","format":"standard","meta":{"footnotes":""},"categories":[9],"tags":[],"jetpack_sharing_enabled":true,"featured_image_urls":{"full":["https:\/\/contextoanalisisperiodistico.com\/wp-content\/uploads\/2024\/07\/IMG-20240703-WA0030.jpg",1600,1066,false],"thumbnail":["https:\/\/contextoanalisisperiodistico.com\/wp-content\/uploads\/2024\/07\/IMG-20240703-WA0030-150x150.jpg",150,150,true],"medium":["https:\/\/contextoanalisisperiodistico.com\/wp-content\/uploads\/2024\/07\/IMG-20240703-WA0030-300x200.jpg",300,200,true],"medium_large":["https:\/\/contextoanalisisperiodistico.com\/wp-content\/uploads\/2024\/07\/IMG-20240703-WA0030-768x512.jpg",640,427,true],"large":["https:\/\/contextoanalisisperiodistico.com\/wp-content\/uploads\/2024\/07\/IMG-20240703-WA0030-1024x682.jpg",640,426,true],"1536x1536":["https:\/\/contextoanalisisperiodistico.com\/wp-content\/uploads\/2024\/07\/IMG-20240703-WA0030-1536x1023.jpg",1536,1023,true],"2048x2048":["https:\/\/contextoanalisisperiodistico.com\/wp-content\/uploads\/2024\/07\/IMG-20240703-WA0030.jpg",1600,1066,false],"covernews-slider-full":["https:\/\/contextoanalisisperiodistico.com\/wp-content\/uploads\/2024\/07\/IMG-20240703-WA0030-1115x715.jpg",1115,715,true],"covernews-slider-center":["https:\/\/contextoanalisisperiodistico.com\/wp-content\/uploads\/2024\/07\/IMG-20240703-WA0030-800x500.jpg",800,500,true],"covernews-featured":["https:\/\/contextoanalisisperiodistico.com\/wp-content\/uploads\/2024\/07\/IMG-20240703-WA0030-1024x682.jpg",1024,682,true],"covernews-medium":["https:\/\/contextoanalisisperiodistico.com\/wp-content\/uploads\/2024\/07\/IMG-20240703-WA0030-540x340.jpg",540,340,true],"covernews-medium-square":["https:\/\/contextoanalisisperiodistico.com\/wp-content\/uploads\/2024\/07\/IMG-20240703-WA0030-400x250.jpg",400,250,true]},"author_info":{"display_name":"Mario Gir\u00f3n","author_link":"https:\/\/contextoanalisisperiodistico.com\/index.php\/author\/director\/"},"category_info":"<a href=\"https:\/\/contextoanalisisperiodistico.com\/index.php\/category\/politica\/\" rel=\"category tag\">Pol\u00edtica<\/a>","tag_info":"Pol\u00edtica","comment_count":"0","jetpack_featured_media_url":"https:\/\/contextoanalisisperiodistico.com\/wp-content\/uploads\/2024\/07\/IMG-20240703-WA0030.jpg","_links":{"self":[{"href":"https:\/\/contextoanalisisperiodistico.com\/index.php\/wp-json\/wp\/v2\/posts\/28377"}],"collection":[{"href":"https:\/\/contextoanalisisperiodistico.com\/index.php\/wp-json\/wp\/v2\/posts"}],"about":[{"href":"https:\/\/contextoanalisisperiodistico.com\/index.php\/wp-json\/wp\/v2\/types\/post"}],"author":[{"embeddable":true,"href":"https:\/\/contextoanalisisperiodistico.com\/index.php\/wp-json\/wp\/v2\/users\/4"}],"replies":[{"embeddable":true,"href":"https:\/\/contextoanalisisperiodistico.com\/index.php\/wp-json\/wp\/v2\/comments?post=28377"}],"version-history":[{"count":0,"href":"https:\/\/contextoanalisisperiodistico.com\/index.php\/wp-json\/wp\/v2\/posts\/28377\/revisions"}],"wp:featuredmedia":[{"embeddable":true,"href":"https:\/\/contextoanalisisperiodistico.com\/index.php\/wp-json\/wp\/v2\/media\/28373"}],"wp:attachment":[{"href":"https:\/\/contextoanalisisperiodistico.com\/index.php\/wp-json\/wp\/v2\/media?parent=28377"}],"wp:term":[{"taxonomy":"category","embeddable":true,"href":"https:\/\/contextoanalisisperiodistico.com\/index.php\/wp-json\/wp\/v2\/categories?post=28377"},{"taxonomy":"post_tag","embeddable":true,"href":"https:\/\/contextoanalisisperiodistico.com\/index.php\/wp-json\/wp\/v2\/tags?post=28377"}],"curies":[{"name":"wp","href":"https:\/\/api.w.org\/{rel}","templated":true}]}}