{"id":28365,"date":"2024-07-03T09:21:12","date_gmt":"2024-07-03T15:21:12","guid":{"rendered":"https:\/\/contextoanalisisperiodistico.com\/index.php\/2024\/07\/03\/redobla-sso-los-esfuerzos-para-prevenir-el-paludismo\/"},"modified":"2024-07-03T09:21:12","modified_gmt":"2024-07-03T15:21:12","slug":"redobla-sso-los-esfuerzos-para-prevenir-el-paludismo","status":"publish","type":"post","link":"https:\/\/contextoanalisisperiodistico.com\/index.php\/2024\/07\/03\/redobla-sso-los-esfuerzos-para-prevenir-el-paludismo\/","title":{"rendered":"Redobla SSO los esfuerzos para prevenir el paludismo"},"content":{"rendered":"<div id=\"fb-root\"><\/div>\n\n<p>\u2022 El paludismo se puede evitar con acciones colectivas<br \/>\u2022 Se activaron 66 brigadas para fomentar las medidas preventivas y b\u00fasqueda intencionada de pacientes<\/p>\n\n\n\n<figure class=\"wp-block-image size-large\"><img fetchpriority=\"high\" decoding=\"async\" width=\"1024\" height=\"576\" src=\"https:\/\/contextoanalisisperiodistico.com\/wp-content\/uploads\/2024\/07\/img-20240703-wa00063823797260685492510-1024x576.jpg\" alt=\"\" class=\"wp-image-28364\" srcset=\"https:\/\/contextoanalisisperiodistico.com\/wp-content\/uploads\/2024\/07\/img-20240703-wa00063823797260685492510-1024x576.jpg 1024w, https:\/\/contextoanalisisperiodistico.com\/wp-content\/uploads\/2024\/07\/img-20240703-wa00063823797260685492510-300x169.jpg 300w, https:\/\/contextoanalisisperiodistico.com\/wp-content\/uploads\/2024\/07\/img-20240703-wa00063823797260685492510-768x432.jpg 768w, https:\/\/contextoanalisisperiodistico.com\/wp-content\/uploads\/2024\/07\/img-20240703-wa00063823797260685492510-1536x864.jpg 1536w, https:\/\/contextoanalisisperiodistico.com\/wp-content\/uploads\/2024\/07\/img-20240703-wa00063823797260685492510.jpg 1600w\" sizes=\"(max-width: 1024px) 100vw, 1024px\" \/><\/figure>\n\n\n\n<figure class=\"wp-block-image\"><img decoding=\"async\" width=\"1024\" height=\"651\" src=\"https:\/\/contextoanalisisperiodistico.com\/wp-content\/uploads\/2024\/07\/img-20240703-wa00077321184701581774843-1024x651.jpg\" alt=\"\" class=\"wp-image-28362\" srcset=\"https:\/\/contextoanalisisperiodistico.com\/wp-content\/uploads\/2024\/07\/img-20240703-wa00077321184701581774843-1024x651.jpg 1024w, https:\/\/contextoanalisisperiodistico.com\/wp-content\/uploads\/2024\/07\/img-20240703-wa00077321184701581774843-300x191.jpg 300w, https:\/\/contextoanalisisperiodistico.com\/wp-content\/uploads\/2024\/07\/img-20240703-wa00077321184701581774843-768x488.jpg 768w, https:\/\/contextoanalisisperiodistico.com\/wp-content\/uploads\/2024\/07\/img-20240703-wa00077321184701581774843-1536x976.jpg 1536w, https:\/\/contextoanalisisperiodistico.com\/wp-content\/uploads\/2024\/07\/img-20240703-wa00077321184701581774843.jpg 1600w\" sizes=\"(max-width: 1024px) 100vw, 1024px\" \/><\/figure>\n\n\n\n<figure class=\"wp-block-image\"><img decoding=\"async\" width=\"1024\" height=\"576\" src=\"https:\/\/contextoanalisisperiodistico.com\/wp-content\/uploads\/2024\/07\/img-20240703-wa0005386307862654624982-1024x576.jpg\" alt=\"\" class=\"wp-image-28363\" srcset=\"https:\/\/contextoanalisisperiodistico.com\/wp-content\/uploads\/2024\/07\/img-20240703-wa0005386307862654624982-1024x576.jpg 1024w, https:\/\/contextoanalisisperiodistico.com\/wp-content\/uploads\/2024\/07\/img-20240703-wa0005386307862654624982-300x169.jpg 300w, https:\/\/contextoanalisisperiodistico.com\/wp-content\/uploads\/2024\/07\/img-20240703-wa0005386307862654624982-768x432.jpg 768w, https:\/\/contextoanalisisperiodistico.com\/wp-content\/uploads\/2024\/07\/img-20240703-wa0005386307862654624982-1536x864.jpg 1536w, https:\/\/contextoanalisisperiodistico.com\/wp-content\/uploads\/2024\/07\/img-20240703-wa0005386307862654624982.jpg 1600w\" sizes=\"(max-width: 1024px) 100vw, 1024px\" \/><\/figure>\n\n\n\n<p>Juchit\u00e1n de Zaragoza, Oax. 3 de julio de 2024.- Para prevenir casos de paludismo en el territorio oaxaque\u00f1o, los Servicios de Salud de Oaxaca (SSO) a trav\u00e9s de la Jurisdicci\u00f3n Sanitaria 2 Istmo, refuerza las acciones integrales de vigilancia epidemiol\u00f3gica, atenci\u00f3n m\u00e9dica, promoci\u00f3n de la salud, detecci\u00f3n y contenci\u00f3n temprana de casos.<\/p>\n\n\n\n<p>Por lo que en Juchit\u00e1n de Zaragoza en lo que va del a\u00f1o se activaron 66 brigadas conformadas por un personal de vectores, un m\u00e9dico e igual n\u00famero de profesionales de enfermer\u00eda, quienes realizaron actividades de fomento de medidas preventivas y b\u00fasqueda intencionada de pacientes.<\/p>\n\n\n\n<p>El paludismo se puede evitar con acciones colectivas, por lo que ante esta premisa el personal visit\u00f3 2 mil 29 casas para sumar a la poblaci\u00f3n en la lucha contra el vector Anopheles e imparti\u00f3 mil 281 pl\u00e1ticas, en beneficio de 4 mil 97 habitantes.<\/p>\n\n\n\n<p>Asimismo, para robustecer las estrategias, el personal de vectores llev\u00f3 a cabo jornadas de rociado intradomiciliario, con un total de 738 casas visitadas y 519 tratadas; aunado a ello se efectu\u00f3 la b\u00fasqueda reactiva de febriles en 6 mil 92 casas, investigando un total de nueve mil 365 personas, y 6 mil 523 de manera indirecta, tomando 13 muestras a quienes presentaron s\u00edntomas relacionadas a la enfermedad.<\/p>\n\n\n\n<p>Se llevaron a cabo jornadas de termonebulizaci\u00f3n en horario matutino y vespertino, trabajando 80 hect\u00e1reas para cubrir las zonas de riesgo, diez edificios p\u00fablicos y 530 casas. Y con la actividad de nebulizaci\u00f3n se cubrieron 320 hect\u00e1reas, utilizando un total de 80 litros de insecticida.<\/p>\n\n\n\n<p>Hasta la semana epidemiol\u00f3gica n\u00famero 25 del 2024, se tiene notificado un total de 98 casos confirmados, de los cuales el 92 corresponden a casos clasificados como importados, cuatro casos considerados como for\u00e1neos y dos casos aut\u00f3ctonos; a los cuales se les proporcion\u00f3 el tratamiento oportuno y gratuito.<\/p>\n\n\n\n<p>Cabe destacar que el paludismo se transmite por la picadura del mosquito hembra del g\u00e9nero Anopheles que est\u00e1 infectada con el par\u00e1sito Plasmodium; las personas contagiadas presentan fiebre mayor a 39 grados una o dos semanas despu\u00e9s de haber sido picadas por un mosquito. En algunas ocasiones, el aumento de la temperatura se presenta diariamente y en otras, cada tercer d\u00eda.<\/p>\n\n\n\n<p>Por lo que, SSO exhort\u00f3 a la poblaci\u00f3n ante s\u00edntomas acudir a la unidad m\u00e9dica m\u00e1s cercana, as\u00ed tambi\u00e9n fortalecer las medidas preventivas para evitar enfermarse como colocar mosquiteros y pabell\u00f3n para dormir, pintar con cal las paredes exteriores de las casas, mantener limpio el patio y zonas cercanas al hogar, aseo diario, utilizar repelentes y participar con personal de salud en la limpieza de criaderos naturales de lagunas, arroyos y r\u00edos.<\/p>\n\n\n\n<p>-0-<\/p>\n","protected":false},"excerpt":{"rendered":"<p>\u2022 El paludismo se puede evitar con acciones colectivas\u2022 Se activaron 66 brigadas para fomentar&#8230;<\/p>\n","protected":false},"author":4,"featured_media":28361,"comment_status":"","ping_status":"open","sticky":false,"template":"","format":"standard","meta":{"footnotes":""},"categories":[92],"tags":[],"jetpack_sharing_enabled":true,"featured_image_urls":{"full":["https:\/\/contextoanalisisperiodistico.com\/wp-content\/uploads\/2024\/07\/IMG-20240703-WA0004.jpg",1600,900,false],"thumbnail":["https:\/\/contextoanalisisperiodistico.com\/wp-content\/uploads\/2024\/07\/IMG-20240703-WA0004-150x150.jpg",150,150,true],"medium":["https:\/\/contextoanalisisperiodistico.com\/wp-content\/uploads\/2024\/07\/IMG-20240703-WA0004-300x169.jpg",300,169,true],"medium_large":["https:\/\/contextoanalisisperiodistico.com\/wp-content\/uploads\/2024\/07\/IMG-20240703-WA0004-768x432.jpg",640,360,true],"large":["https:\/\/contextoanalisisperiodistico.com\/wp-content\/uploads\/2024\/07\/IMG-20240703-WA0004-1024x576.jpg",640,360,true],"1536x1536":["https:\/\/contextoanalisisperiodistico.com\/wp-content\/uploads\/2024\/07\/IMG-20240703-WA0004-1536x864.jpg",1536,864,true],"2048x2048":["https:\/\/contextoanalisisperiodistico.com\/wp-content\/uploads\/2024\/07\/IMG-20240703-WA0004.jpg",1600,900,false],"covernews-slider-full":["https:\/\/contextoanalisisperiodistico.com\/wp-content\/uploads\/2024\/07\/IMG-20240703-WA0004-1115x715.jpg",1115,715,true],"covernews-slider-center":["https:\/\/contextoanalisisperiodistico.com\/wp-content\/uploads\/2024\/07\/IMG-20240703-WA0004-800x500.jpg",800,500,true],"covernews-featured":["https:\/\/contextoanalisisperiodistico.com\/wp-content\/uploads\/2024\/07\/IMG-20240703-WA0004-1024x576.jpg",1024,576,true],"covernews-medium":["https:\/\/contextoanalisisperiodistico.com\/wp-content\/uploads\/2024\/07\/IMG-20240703-WA0004-540x340.jpg",540,340,true],"covernews-medium-square":["https:\/\/contextoanalisisperiodistico.com\/wp-content\/uploads\/2024\/07\/IMG-20240703-WA0004-400x250.jpg",400,250,true]},"author_info":{"display_name":"Mario Gir\u00f3n","author_link":"https:\/\/contextoanalisisperiodistico.com\/index.php\/author\/director\/"},"category_info":"<a href=\"https:\/\/contextoanalisisperiodistico.com\/index.php\/category\/salud\/\" rel=\"category tag\">Salud<\/a>","tag_info":"Salud","comment_count":"0","jetpack_featured_media_url":"https:\/\/contextoanalisisperiodistico.com\/wp-content\/uploads\/2024\/07\/IMG-20240703-WA0004.jpg","_links":{"self":[{"href":"https:\/\/contextoanalisisperiodistico.com\/index.php\/wp-json\/wp\/v2\/posts\/28365"}],"collection":[{"href":"https:\/\/contextoanalisisperiodistico.com\/index.php\/wp-json\/wp\/v2\/posts"}],"about":[{"href":"https:\/\/contextoanalisisperiodistico.com\/index.php\/wp-json\/wp\/v2\/types\/post"}],"author":[{"embeddable":true,"href":"https:\/\/contextoanalisisperiodistico.com\/index.php\/wp-json\/wp\/v2\/users\/4"}],"replies":[{"embeddable":true,"href":"https:\/\/contextoanalisisperiodistico.com\/index.php\/wp-json\/wp\/v2\/comments?post=28365"}],"version-history":[{"count":0,"href":"https:\/\/contextoanalisisperiodistico.com\/index.php\/wp-json\/wp\/v2\/posts\/28365\/revisions"}],"wp:featuredmedia":[{"embeddable":true,"href":"https:\/\/contextoanalisisperiodistico.com\/index.php\/wp-json\/wp\/v2\/media\/28361"}],"wp:attachment":[{"href":"https:\/\/contextoanalisisperiodistico.com\/index.php\/wp-json\/wp\/v2\/media?parent=28365"}],"wp:term":[{"taxonomy":"category","embeddable":true,"href":"https:\/\/contextoanalisisperiodistico.com\/index.php\/wp-json\/wp\/v2\/categories?post=28365"},{"taxonomy":"post_tag","embeddable":true,"href":"https:\/\/contextoanalisisperiodistico.com\/index.php\/wp-json\/wp\/v2\/tags?post=28365"}],"curies":[{"name":"wp","href":"https:\/\/api.w.org\/{rel}","templated":true}]}}