{"id":28360,"date":"2024-07-03T09:12:01","date_gmt":"2024-07-03T15:12:01","guid":{"rendered":"https:\/\/contextoanalisisperiodistico.com\/index.php\/2024\/07\/03\/inicia-sego-jornada-de-acreditacion-a-nuevas-autoridades-municipales-de-sistemas-normativos-indigenas\/"},"modified":"2024-07-03T09:12:01","modified_gmt":"2024-07-03T15:12:01","slug":"inicia-sego-jornada-de-acreditacion-a-nuevas-autoridades-municipales-de-sistemas-normativos-indigenas","status":"publish","type":"post","link":"https:\/\/contextoanalisisperiodistico.com\/index.php\/2024\/07\/03\/inicia-sego-jornada-de-acreditacion-a-nuevas-autoridades-municipales-de-sistemas-normativos-indigenas\/","title":{"rendered":"Inicia Sego Jornada de Acreditaci\u00f3n a nuevas autoridades municipales de Sistemas Normativos Ind\u00edgenas"},"content":{"rendered":"<div id=\"fb-root\"><\/div>\n\n<p>\u2022 Las autoridades de 30 municipios tambi\u00e9n reciben capacitaci\u00f3n en temas prioritarios que permitan el buen desempe\u00f1o de sus funciones<br \/>Oaxaca de Ju\u00e1rez, Oax. 3 de julio de 2024.- La Secretar\u00eda de Gobierno (Sego) inici\u00f3 la Jornada de acreditaci\u00f3n y capacitaci\u00f3n dirigida a las nuevas autoridades elegidas por Sistemas Normativos Ind\u00edgenas, quienes fungir\u00e1n en el cargo por un periodo de un a\u00f1o y medio.<\/p>\n\n\n\n<figure class=\"wp-block-image size-large\"><img fetchpriority=\"high\" decoding=\"async\" width=\"800\" height=\"602\" src=\"https:\/\/contextoanalisisperiodistico.com\/wp-content\/uploads\/2024\/07\/img-20240703-wa00142125321155649388371.jpg\" alt=\"\" class=\"wp-image-28357\" srcset=\"https:\/\/contextoanalisisperiodistico.com\/wp-content\/uploads\/2024\/07\/img-20240703-wa00142125321155649388371.jpg 800w, https:\/\/contextoanalisisperiodistico.com\/wp-content\/uploads\/2024\/07\/img-20240703-wa00142125321155649388371-300x226.jpg 300w, https:\/\/contextoanalisisperiodistico.com\/wp-content\/uploads\/2024\/07\/img-20240703-wa00142125321155649388371-768x578.jpg 768w\" sizes=\"(max-width: 800px) 100vw, 800px\" \/><\/figure>\n\n\n\n<figure class=\"wp-block-image\"><img decoding=\"async\" width=\"300\" height=\"169\" src=\"https:\/\/contextoanalisisperiodistico.com\/wp-content\/uploads\/2024\/07\/img-20240703-wa00138102526260892826387-300x169.jpg\" alt=\"\" class=\"wp-image-28358\" srcset=\"https:\/\/contextoanalisisperiodistico.com\/wp-content\/uploads\/2024\/07\/img-20240703-wa00138102526260892826387-300x169.jpg 300w, https:\/\/contextoanalisisperiodistico.com\/wp-content\/uploads\/2024\/07\/img-20240703-wa00138102526260892826387-768x432.jpg 768w, https:\/\/contextoanalisisperiodistico.com\/wp-content\/uploads\/2024\/07\/img-20240703-wa00138102526260892826387.jpg 800w\" sizes=\"(max-width: 300px) 100vw, 300px\" \/><\/figure>\n\n\n\n<figure class=\"wp-block-image\"><img decoding=\"async\" width=\"300\" height=\"169\" src=\"https:\/\/contextoanalisisperiodistico.com\/wp-content\/uploads\/2024\/07\/img-20240703-wa00151315012033464455041-300x169.jpg\" alt=\"\" class=\"wp-image-28359\" srcset=\"https:\/\/contextoanalisisperiodistico.com\/wp-content\/uploads\/2024\/07\/img-20240703-wa00151315012033464455041-300x169.jpg 300w, https:\/\/contextoanalisisperiodistico.com\/wp-content\/uploads\/2024\/07\/img-20240703-wa00151315012033464455041-768x432.jpg 768w, https:\/\/contextoanalisisperiodistico.com\/wp-content\/uploads\/2024\/07\/img-20240703-wa00151315012033464455041.jpg 800w\" sizes=\"(max-width: 300px) 100vw, 300px\" \/><\/figure>\n\n\n\n<p>A trav\u00e9s de la Subsecretar\u00eda de Fortalecimiento Municipal esta preparaci\u00f3n se realiza en coordinaci\u00f3n con diversas dependencias estatales para brindar conocimientos en materia de violencia pol\u00edtica en raz\u00f3n de g\u00e9nero, finanzas, honestidad y seguridad p\u00fablica municipal, a fin de lograr una gesti\u00f3n m\u00e1s efectiva en beneficio de sus comunidades.<\/p>\n\n\n\n<p>El encargado de la pol\u00edtica interna Jes\u00fas Romero L\u00f3pez destac\u00f3 que las autoridades de los 30 municipios que se rigen por este Sistema deben de tener conocimiento de temas prioritarios que permitan el buen desempe\u00f1o de sus funciones, con lo que se podr\u00e1n conducir con transparencia, honestidad y eficiencia en beneficio de sus representados.<\/p>\n\n\n\n<p>Con estos trabajos que se realizan del 2 al 4 de julio, la dependencia suma esfuerzos para que las autoridades entrantes realicen un papel a la altura de la ciudadan\u00eda, con perspectiva de g\u00e9nero, conocimientos en materia de protecci\u00f3n civil y que sean garantes de la gobernabilidad y seguridad en sus comunidades.<\/p>\n\n\n\n<p>En este marco, la titular del Secretariado Ejecutivo del Sistema Estatal de Seguridad P\u00fablica (SESESP), Karina Bar\u00f3n Ortiz imparti\u00f3 junto a la directora de Planeaci\u00f3n y Coordinaci\u00f3n Interinstitucional, Sandra M\u00e9ndez Navarro, los temas Topiles por la Paz, Certificaci\u00f3n de Polic\u00edas, redes MUCPAZ y Criterios FASP 2024.<\/p>\n\n\n\n<p>Participaron tambi\u00e9n representantes de la Secretar\u00eda de las Mujeres, el Instituto Estatal Electoral y de Participaci\u00f3n Ciudadana de Oaxaca (IEEPCO) y de la Secretar\u00eda de Finanzas (Sefin).<\/p>\n\n\n\n<p>Adem\u00e1s, estuvieron presentes funcionariado de la Secretar\u00eda de Honestidad, Transparencia y Funci\u00f3n P\u00fablica, as\u00ed como de la Coordinaci\u00f3n Estatal de Protecci\u00f3n Civil de Gesti\u00f3n de Riesgos (CEPCyGR).<br \/>-0-<\/p>\n\n\n\n<p><\/p>\n","protected":false},"excerpt":{"rendered":"<p>\u2022 Las autoridades de 30 municipios tambi\u00e9n reciben capacitaci\u00f3n en temas prioritarios que permitan el&#8230;<\/p>\n","protected":false},"author":4,"featured_media":28356,"comment_status":"","ping_status":"open","sticky":false,"template":"","format":"standard","meta":{"footnotes":""},"categories":[9],"tags":[],"jetpack_sharing_enabled":true,"featured_image_urls":{"full":["https:\/\/contextoanalisisperiodistico.com\/wp-content\/uploads\/2024\/07\/IMG-20240703-WA0012.jpg",800,450,false],"thumbnail":["https:\/\/contextoanalisisperiodistico.com\/wp-content\/uploads\/2024\/07\/IMG-20240703-WA0012-150x150.jpg",150,150,true],"medium":["https:\/\/contextoanalisisperiodistico.com\/wp-content\/uploads\/2024\/07\/IMG-20240703-WA0012-300x169.jpg",300,169,true],"medium_large":["https:\/\/contextoanalisisperiodistico.com\/wp-content\/uploads\/2024\/07\/IMG-20240703-WA0012-768x432.jpg",640,360,true],"large":["https:\/\/contextoanalisisperiodistico.com\/wp-content\/uploads\/2024\/07\/IMG-20240703-WA0012.jpg",640,360,false],"1536x1536":["https:\/\/contextoanalisisperiodistico.com\/wp-content\/uploads\/2024\/07\/IMG-20240703-WA0012.jpg",800,450,false],"2048x2048":["https:\/\/contextoanalisisperiodistico.com\/wp-content\/uploads\/2024\/07\/IMG-20240703-WA0012.jpg",800,450,false],"covernews-slider-full":["https:\/\/contextoanalisisperiodistico.com\/wp-content\/uploads\/2024\/07\/IMG-20240703-WA0012.jpg",800,450,false],"covernews-slider-center":["https:\/\/contextoanalisisperiodistico.com\/wp-content\/uploads\/2024\/07\/IMG-20240703-WA0012.jpg",800,450,false],"covernews-featured":["https:\/\/contextoanalisisperiodistico.com\/wp-content\/uploads\/2024\/07\/IMG-20240703-WA0012.jpg",800,450,false],"covernews-medium":["https:\/\/contextoanalisisperiodistico.com\/wp-content\/uploads\/2024\/07\/IMG-20240703-WA0012-540x340.jpg",540,340,true],"covernews-medium-square":["https:\/\/contextoanalisisperiodistico.com\/wp-content\/uploads\/2024\/07\/IMG-20240703-WA0012-400x250.jpg",400,250,true]},"author_info":{"display_name":"Mario Gir\u00f3n","author_link":"https:\/\/contextoanalisisperiodistico.com\/index.php\/author\/director\/"},"category_info":"<a href=\"https:\/\/contextoanalisisperiodistico.com\/index.php\/category\/politica\/\" rel=\"category tag\">Pol\u00edtica<\/a>","tag_info":"Pol\u00edtica","comment_count":"0","jetpack_featured_media_url":"https:\/\/contextoanalisisperiodistico.com\/wp-content\/uploads\/2024\/07\/IMG-20240703-WA0012.jpg","_links":{"self":[{"href":"https:\/\/contextoanalisisperiodistico.com\/index.php\/wp-json\/wp\/v2\/posts\/28360"}],"collection":[{"href":"https:\/\/contextoanalisisperiodistico.com\/index.php\/wp-json\/wp\/v2\/posts"}],"about":[{"href":"https:\/\/contextoanalisisperiodistico.com\/index.php\/wp-json\/wp\/v2\/types\/post"}],"author":[{"embeddable":true,"href":"https:\/\/contextoanalisisperiodistico.com\/index.php\/wp-json\/wp\/v2\/users\/4"}],"replies":[{"embeddable":true,"href":"https:\/\/contextoanalisisperiodistico.com\/index.php\/wp-json\/wp\/v2\/comments?post=28360"}],"version-history":[{"count":0,"href":"https:\/\/contextoanalisisperiodistico.com\/index.php\/wp-json\/wp\/v2\/posts\/28360\/revisions"}],"wp:featuredmedia":[{"embeddable":true,"href":"https:\/\/contextoanalisisperiodistico.com\/index.php\/wp-json\/wp\/v2\/media\/28356"}],"wp:attachment":[{"href":"https:\/\/contextoanalisisperiodistico.com\/index.php\/wp-json\/wp\/v2\/media?parent=28360"}],"wp:term":[{"taxonomy":"category","embeddable":true,"href":"https:\/\/contextoanalisisperiodistico.com\/index.php\/wp-json\/wp\/v2\/categories?post=28360"},{"taxonomy":"post_tag","embeddable":true,"href":"https:\/\/contextoanalisisperiodistico.com\/index.php\/wp-json\/wp\/v2\/tags?post=28360"}],"curies":[{"name":"wp","href":"https:\/\/api.w.org\/{rel}","templated":true}]}}