{"id":28355,"date":"2024-07-03T05:09:59","date_gmt":"2024-07-03T11:09:59","guid":{"rendered":"https:\/\/contextoanalisisperiodistico.com\/index.php\/2024\/07\/03\/operativos-para-retirar-ambulantes-del-centro-historico-seran-permanentes\/"},"modified":"2024-07-03T05:09:59","modified_gmt":"2024-07-03T11:09:59","slug":"operativos-para-retirar-ambulantes-del-centro-historico-seran-permanentes","status":"publish","type":"post","link":"https:\/\/contextoanalisisperiodistico.com\/index.php\/2024\/07\/03\/operativos-para-retirar-ambulantes-del-centro-historico-seran-permanentes\/","title":{"rendered":"Operativos para retirar ambulantes del Centro Hist\u00f3rico ser\u00e1n permanentes"},"content":{"rendered":"<div id=\"fb-root\"><\/div>\n\n<p>Se implementaron filtros en las entradas de las principales calles del primer cuadro de la capital<\/p>\n\n\n\n<figure class=\"wp-block-image size-large\"><img fetchpriority=\"high\" decoding=\"async\" width=\"1024\" height=\"576\" src=\"https:\/\/contextoanalisisperiodistico.com\/wp-content\/uploads\/2024\/07\/img-20240702-wa01503512247194686206390-1024x576.jpg\" alt=\"\" class=\"wp-image-28354\" srcset=\"https:\/\/contextoanalisisperiodistico.com\/wp-content\/uploads\/2024\/07\/img-20240702-wa01503512247194686206390-1024x576.jpg 1024w, https:\/\/contextoanalisisperiodistico.com\/wp-content\/uploads\/2024\/07\/img-20240702-wa01503512247194686206390-300x169.jpg 300w, https:\/\/contextoanalisisperiodistico.com\/wp-content\/uploads\/2024\/07\/img-20240702-wa01503512247194686206390-768x432.jpg 768w, https:\/\/contextoanalisisperiodistico.com\/wp-content\/uploads\/2024\/07\/img-20240702-wa01503512247194686206390-1536x864.jpg 1536w, https:\/\/contextoanalisisperiodistico.com\/wp-content\/uploads\/2024\/07\/img-20240702-wa01503512247194686206390.jpg 1599w\" sizes=\"(max-width: 1024px) 100vw, 1024px\" \/><\/figure>\n\n\n\n<figure class=\"wp-block-image\"><img decoding=\"async\" width=\"1024\" height=\"768\" src=\"https:\/\/contextoanalisisperiodistico.com\/wp-content\/uploads\/2024\/07\/img-20240702-wa01493182733043794467791-1024x768.jpg\" alt=\"\" class=\"wp-image-28353\" srcset=\"https:\/\/contextoanalisisperiodistico.com\/wp-content\/uploads\/2024\/07\/img-20240702-wa01493182733043794467791-1024x768.jpg 1024w, https:\/\/contextoanalisisperiodistico.com\/wp-content\/uploads\/2024\/07\/img-20240702-wa01493182733043794467791-300x225.jpg 300w, https:\/\/contextoanalisisperiodistico.com\/wp-content\/uploads\/2024\/07\/img-20240702-wa01493182733043794467791-768x576.jpg 768w, https:\/\/contextoanalisisperiodistico.com\/wp-content\/uploads\/2024\/07\/img-20240702-wa01493182733043794467791.jpg 1152w\" sizes=\"(max-width: 1024px) 100vw, 1024px\" \/><\/figure>\n\n\n\n<p>Oaxaca de Ju\u00e1rez, Oax., 02 de julio de 2024*.- En un esfuerzo por mantener los espacios p\u00fablicos libres y ordenados para el disfrute de la sociedad, el Ayuntamiento de Oaxaca de Ju\u00e1rez contin\u00faa con operativos para retirar el comercio ambulante del Centro Hist\u00f3rico.<\/p>\n\n\n\n<p>Por instrucciones del Presidente Municipal, Francisco Mart\u00ednez Neri, se han reforzado los operativos con el fin de preservar la zona prohibida para comercio ambulante; dicha zona prohibida fue determinada por el pleno del Cabildo y abarca los alrededores del Z\u00f3calo, la Alameda, el andador tur\u00edstico y la calle de Bustamante.<\/p>\n\n\n\n<p>\u201cEstamos comprometidos con mantener nuestras calles libres y ordenadas para hacer respetar la normatividad y los reglamentos municipales. Queremos contribuir a que la ciudad sea para todas y todos por igual. Por eso no bajaremos la guardia en esta actividad de preservar las calles despejadas y evitar que grupos de inter\u00e9s se apropien del espacio p\u00fablico\u201d, afirm\u00f3 el edil capitalino.<\/p>\n\n\n\n<p>As\u00ed mismo inform\u00f3 Mart\u00ednez Neri que la Unidad del Cuerpo de Inspectores junto con fuerzas de seguridad municipales, trabajan diariamente en estos operativos con una visi\u00f3n de sensibilidad y de respeto a los derechos humanos y que ya se han obtenido resultados visibles que demuestran la eficacia de las acciones emprendidas.<\/p>\n\n\n\n<p>Estos operativos se mantendr\u00e1n por los pr\u00f3ximos seis meses y ser\u00e1 a trav\u00e9s de las redes sociales de la Direcci\u00f3n de Comercio en V\u00eda P\u00fablica que se estar\u00e1 informando a la ciudadan\u00eda sobre la ejecuci\u00f3n y avances de este programa.<\/p>\n\n\n\n<p>A los operativos tambi\u00e9n se ha sumado ahora la polic\u00eda estatal que brinda refuerzos y muestra la coincidencia del gobierno del estado en preservar el orden en el centro, para ello se implementaron filtros en las entradas de las principales calles del primer cuadro de la capital, asegurando as\u00ed que los sitios no permitidos para la actividad comercial permanezcan despejados de comercio ambulante.<\/p>\n\n\n\n<p>Con ello se reafirma el compromiso del Ayuntamiento de Oaxaca de Ju\u00e1rez con el bienestar de la ciudadan\u00eda y destaca el liderazgo del Presidente Municipal, Francisco Mart\u00ednez Neri, en la implementaci\u00f3n de medidas efectivas para mantener una ciudad ordenada y segura.<\/p>\n","protected":false},"excerpt":{"rendered":"<p>Se implementaron filtros en las entradas de las principales calles del primer cuadro de la&#8230;<\/p>\n","protected":false},"author":4,"featured_media":28352,"comment_status":"","ping_status":"open","sticky":false,"template":"","format":"standard","meta":{"footnotes":""},"categories":[9],"tags":[],"jetpack_sharing_enabled":true,"featured_image_urls":{"full":["https:\/\/contextoanalisisperiodistico.com\/wp-content\/uploads\/2024\/07\/IMG-20240702-WA0151.jpg",1200,1395,false],"thumbnail":["https:\/\/contextoanalisisperiodistico.com\/wp-content\/uploads\/2024\/07\/IMG-20240702-WA0151-150x150.jpg",150,150,true],"medium":["https:\/\/contextoanalisisperiodistico.com\/wp-content\/uploads\/2024\/07\/IMG-20240702-WA0151-258x300.jpg",258,300,true],"medium_large":["https:\/\/contextoanalisisperiodistico.com\/wp-content\/uploads\/2024\/07\/IMG-20240702-WA0151-768x893.jpg",640,744,true],"large":["https:\/\/contextoanalisisperiodistico.com\/wp-content\/uploads\/2024\/07\/IMG-20240702-WA0151-881x1024.jpg",640,744,true],"1536x1536":["https:\/\/contextoanalisisperiodistico.com\/wp-content\/uploads\/2024\/07\/IMG-20240702-WA0151.jpg",1200,1395,false],"2048x2048":["https:\/\/contextoanalisisperiodistico.com\/wp-content\/uploads\/2024\/07\/IMG-20240702-WA0151.jpg",1200,1395,false],"covernews-slider-full":["https:\/\/contextoanalisisperiodistico.com\/wp-content\/uploads\/2024\/07\/IMG-20240702-WA0151-1115x715.jpg",1115,715,true],"covernews-slider-center":["https:\/\/contextoanalisisperiodistico.com\/wp-content\/uploads\/2024\/07\/IMG-20240702-WA0151-800x500.jpg",800,500,true],"covernews-featured":["https:\/\/contextoanalisisperiodistico.com\/wp-content\/uploads\/2024\/07\/IMG-20240702-WA0151-1024x1190.jpg",1024,1190,true],"covernews-medium":["https:\/\/contextoanalisisperiodistico.com\/wp-content\/uploads\/2024\/07\/IMG-20240702-WA0151-540x340.jpg",540,340,true],"covernews-medium-square":["https:\/\/contextoanalisisperiodistico.com\/wp-content\/uploads\/2024\/07\/IMG-20240702-WA0151-400x250.jpg",400,250,true]},"author_info":{"display_name":"Mario Gir\u00f3n","author_link":"https:\/\/contextoanalisisperiodistico.com\/index.php\/author\/director\/"},"category_info":"<a href=\"https:\/\/contextoanalisisperiodistico.com\/index.php\/category\/politica\/\" rel=\"category tag\">Pol\u00edtica<\/a>","tag_info":"Pol\u00edtica","comment_count":"0","jetpack_featured_media_url":"https:\/\/contextoanalisisperiodistico.com\/wp-content\/uploads\/2024\/07\/IMG-20240702-WA0151.jpg","_links":{"self":[{"href":"https:\/\/contextoanalisisperiodistico.com\/index.php\/wp-json\/wp\/v2\/posts\/28355"}],"collection":[{"href":"https:\/\/contextoanalisisperiodistico.com\/index.php\/wp-json\/wp\/v2\/posts"}],"about":[{"href":"https:\/\/contextoanalisisperiodistico.com\/index.php\/wp-json\/wp\/v2\/types\/post"}],"author":[{"embeddable":true,"href":"https:\/\/contextoanalisisperiodistico.com\/index.php\/wp-json\/wp\/v2\/users\/4"}],"replies":[{"embeddable":true,"href":"https:\/\/contextoanalisisperiodistico.com\/index.php\/wp-json\/wp\/v2\/comments?post=28355"}],"version-history":[{"count":0,"href":"https:\/\/contextoanalisisperiodistico.com\/index.php\/wp-json\/wp\/v2\/posts\/28355\/revisions"}],"wp:featuredmedia":[{"embeddable":true,"href":"https:\/\/contextoanalisisperiodistico.com\/index.php\/wp-json\/wp\/v2\/media\/28352"}],"wp:attachment":[{"href":"https:\/\/contextoanalisisperiodistico.com\/index.php\/wp-json\/wp\/v2\/media?parent=28355"}],"wp:term":[{"taxonomy":"category","embeddable":true,"href":"https:\/\/contextoanalisisperiodistico.com\/index.php\/wp-json\/wp\/v2\/categories?post=28355"},{"taxonomy":"post_tag","embeddable":true,"href":"https:\/\/contextoanalisisperiodistico.com\/index.php\/wp-json\/wp\/v2\/tags?post=28355"}],"curies":[{"name":"wp","href":"https:\/\/api.w.org\/{rel}","templated":true}]}}