{"id":28337,"date":"2024-07-02T14:11:38","date_gmt":"2024-07-02T20:11:38","guid":{"rendered":"https:\/\/contextoanalisisperiodistico.com\/index.php\/2024\/07\/02\/gobierno-de-oaxaca-finaliza-rezago-en-45-escuelas-entregando-claves-como-centro-de-trabajo-oficial\/"},"modified":"2024-07-02T14:12:54","modified_gmt":"2024-07-02T20:12:54","slug":"gobierno-de-oaxaca-finaliza-rezago-en-45-escuelas-entregando-claves-como-centro-de-trabajo-oficial","status":"publish","type":"post","link":"https:\/\/contextoanalisisperiodistico.com\/index.php\/2024\/07\/02\/gobierno-de-oaxaca-finaliza-rezago-en-45-escuelas-entregando-claves-como-centro-de-trabajo-oficial\/","title":{"rendered":"Gobierno de Oaxaca finaliza rezago en 45 escuelas entregando Claves como centro oficial de trabajo"},"content":{"rendered":"<div id=\"fb-root\"><\/div>\n\n<p>\u2022 En este marco, el Gobernador Salom\u00f3n Jara Cruz entreg\u00f3 mobiliario, equipo de c\u00f3mputo y audio a 32 escuelas de nivel b\u00e1sico de la regi\u00f3n Valles Centrales<\/p>\n\n\n\n<p>Oaxaca de Ju\u00e1rez, Oax. 2 de julio de 2024.- Como un acto de justicia educativa y social, el Gobernador de Oaxaca Salom\u00f3n Jara Cruz entreg\u00f3 45 claves a escuelas de nueva creaci\u00f3n de educaci\u00f3n b\u00e1sica, especial y complementaria en beneficio de 2 mil 65 ni\u00f1as y ni\u00f1os de siete regiones de la entidad.<\/p>\n\n\n\n<p>En el evento realizado en la agencia municipal San Mart\u00edn Mexicapam de C\u00e1rdenas, acompa\u00f1ado de la Presidenta Honoraria del Sistema para el Desarrollo Integral de la Familia (DIF) Oaxaca, Irma Bola\u00f1os Quijano, el Mandatario estatal se\u00f1al\u00f3 que esta acci\u00f3n brinda certeza jur\u00eddica, seguridad y una mayor cobertura de servicios a favor de estudiantes, docentes y personal administrativo.<\/p>\n\n\n\n<p>\u201cEn lo que va de nuestra administraci\u00f3n hemos otorgado 170 claves, lo que simboliza un paso adelante en la mejora de procesos educativos. Este gobierno asume su responsabilidad para que, en los 570 municipios, la educaci\u00f3n sea la base del bienestar y prosperidad del estado\u201d, asever\u00f3.<\/p>\n\n\n\n<p>Jara Cruz puntualiz\u00f3 que la Primavera Oaxaque\u00f1a tiene toda la voluntad y compromiso de trabajar con el magisterio, en una relaci\u00f3n de respeto para la construcci\u00f3n de acuerdos, anteponiendo el Inter\u00e9s Superior de las Ni\u00f1as, Ni\u00f1as y Adolescentes y para lograr la dignificaci\u00f3n de su labor.<\/p>\n\n\n\n<p>De las escuelas que recibieron Clave de Centro de Trabajo (CCT), ocho corresponden a educaci\u00f3n inicial; 19 a preescolar; 11 a primaria; dos a secundaria y cinco a especial. Cabe destacar que algunas de ellas ten\u00edan 17 a\u00f1os de estar funcionando sin reconocimiento oficial.<\/p>\n\n\n\n<p>Al respecto, el director general del Instituto Estatal de Educaci\u00f3n P\u00fablica de Oaxaca (IEEPO), Emilio Montero P\u00e9rez puntualiz\u00f3 que la asignaci\u00f3n de la CCT permitir\u00e1 que las escuelas puedan acceder a equipamiento, becas, uniformes, mobiliario, infraestructura, docentes y otros apoyos que se otorgan a nivel estatal y federal.<\/p>\n\n\n\n<p>Escuelas de Valles Centrales beneficiadas con equipamiento<\/p>\n\n\n\n<p>Con el objetivo de mejorar las condiciones de los espacios educativos y a favor de 5 mil 307 educandos, el titular del Poder Ejecutivo entreg\u00f3 mobiliario, equipo de c\u00f3mputo y audio a 32 escuelas de nivel b\u00e1sico de la regi\u00f3n Valles Centrales, con recursos por el orden de 2 millones 250 mil 382 pesos.<\/p>\n\n\n\n<p>En representaci\u00f3n del profesorado, Pedro de Dios Gallegos agradeci\u00f3 este acto de justicia para la ni\u00f1ez que durante 17 a\u00f1os permaneci\u00f3 en el olvido. \u201cEs momento de transformar los espacios educativos, en los que las conciencias tengan un sentido social, se eduque para el bienestar y desarrollo que tanto hemos anhelado\u201d, manifest\u00f3.<\/p>\n\n\n\n<p>-0-<\/p>\n\n\n\n<figure class=\"wp-block-image size-large\"><img fetchpriority=\"high\" decoding=\"async\" width=\"811\" height=\"633\" src=\"https:\/\/contextoanalisisperiodistico.com\/wp-content\/uploads\/2024\/07\/img-20240702-wa00489028313304608232711.jpg\" alt=\"\" class=\"wp-image-28327\" srcset=\"https:\/\/contextoanalisisperiodistico.com\/wp-content\/uploads\/2024\/07\/img-20240702-wa00489028313304608232711.jpg 811w, https:\/\/contextoanalisisperiodistico.com\/wp-content\/uploads\/2024\/07\/img-20240702-wa00489028313304608232711-300x234.jpg 300w, https:\/\/contextoanalisisperiodistico.com\/wp-content\/uploads\/2024\/07\/img-20240702-wa00489028313304608232711-768x599.jpg 768w\" sizes=\"(max-width: 811px) 100vw, 811px\" \/><\/figure>\n\n\n\n<figure class=\"wp-block-image\"><img decoding=\"async\" width=\"1024\" height=\"682\" src=\"https:\/\/contextoanalisisperiodistico.com\/wp-content\/uploads\/2024\/07\/img-20240702-wa004996780540457267322-1024x682.jpg\" alt=\"\" class=\"wp-image-28328\" srcset=\"https:\/\/contextoanalisisperiodistico.com\/wp-content\/uploads\/2024\/07\/img-20240702-wa004996780540457267322-1024x682.jpg 1024w, https:\/\/contextoanalisisperiodistico.com\/wp-content\/uploads\/2024\/07\/img-20240702-wa004996780540457267322-300x200.jpg 300w, https:\/\/contextoanalisisperiodistico.com\/wp-content\/uploads\/2024\/07\/img-20240702-wa004996780540457267322-768x512.jpg 768w, https:\/\/contextoanalisisperiodistico.com\/wp-content\/uploads\/2024\/07\/img-20240702-wa004996780540457267322-1536x1023.jpg 1536w, https:\/\/contextoanalisisperiodistico.com\/wp-content\/uploads\/2024\/07\/img-20240702-wa004996780540457267322.jpg 1600w\" sizes=\"(max-width: 1024px) 100vw, 1024px\" \/><\/figure>\n\n\n\n<figure class=\"wp-block-image\"><img decoding=\"async\" width=\"1024\" height=\"682\" src=\"https:\/\/contextoanalisisperiodistico.com\/wp-content\/uploads\/2024\/07\/img-20240702-wa00515503315323355092393-1024x682.jpg\" alt=\"\" class=\"wp-image-28330\" srcset=\"https:\/\/contextoanalisisperiodistico.com\/wp-content\/uploads\/2024\/07\/img-20240702-wa00515503315323355092393-1024x682.jpg 1024w, https:\/\/contextoanalisisperiodistico.com\/wp-content\/uploads\/2024\/07\/img-20240702-wa00515503315323355092393-300x200.jpg 300w, https:\/\/contextoanalisisperiodistico.com\/wp-content\/uploads\/2024\/07\/img-20240702-wa00515503315323355092393-768x512.jpg 768w, https:\/\/contextoanalisisperiodistico.com\/wp-content\/uploads\/2024\/07\/img-20240702-wa00515503315323355092393-1536x1023.jpg 1536w, https:\/\/contextoanalisisperiodistico.com\/wp-content\/uploads\/2024\/07\/img-20240702-wa00515503315323355092393.jpg 1600w\" sizes=\"(max-width: 1024px) 100vw, 1024px\" \/><\/figure>\n\n\n\n<figure class=\"wp-block-image\"><img loading=\"lazy\" decoding=\"async\" width=\"1024\" height=\"682\" src=\"https:\/\/contextoanalisisperiodistico.com\/wp-content\/uploads\/2024\/07\/img-20240702-wa00537923876649849207775-1024x682.jpg\" alt=\"\" class=\"wp-image-28331\" srcset=\"https:\/\/contextoanalisisperiodistico.com\/wp-content\/uploads\/2024\/07\/img-20240702-wa00537923876649849207775-1024x682.jpg 1024w, https:\/\/contextoanalisisperiodistico.com\/wp-content\/uploads\/2024\/07\/img-20240702-wa00537923876649849207775-300x200.jpg 300w, https:\/\/contextoanalisisperiodistico.com\/wp-content\/uploads\/2024\/07\/img-20240702-wa00537923876649849207775-768x512.jpg 768w, https:\/\/contextoanalisisperiodistico.com\/wp-content\/uploads\/2024\/07\/img-20240702-wa00537923876649849207775-1536x1023.jpg 1536w, https:\/\/contextoanalisisperiodistico.com\/wp-content\/uploads\/2024\/07\/img-20240702-wa00537923876649849207775.jpg 1600w\" sizes=\"(max-width: 1024px) 100vw, 1024px\" \/><\/figure>\n\n\n\n<figure class=\"wp-block-image\"><img loading=\"lazy\" decoding=\"async\" width=\"1024\" height=\"682\" src=\"https:\/\/contextoanalisisperiodistico.com\/wp-content\/uploads\/2024\/07\/img-20240702-wa00523208937555367188125-1024x682.jpg\" alt=\"\" class=\"wp-image-28329\" srcset=\"https:\/\/contextoanalisisperiodistico.com\/wp-content\/uploads\/2024\/07\/img-20240702-wa00523208937555367188125-1024x682.jpg 1024w, https:\/\/contextoanalisisperiodistico.com\/wp-content\/uploads\/2024\/07\/img-20240702-wa00523208937555367188125-300x200.jpg 300w, https:\/\/contextoanalisisperiodistico.com\/wp-content\/uploads\/2024\/07\/img-20240702-wa00523208937555367188125-768x512.jpg 768w, https:\/\/contextoanalisisperiodistico.com\/wp-content\/uploads\/2024\/07\/img-20240702-wa00523208937555367188125-1536x1023.jpg 1536w, https:\/\/contextoanalisisperiodistico.com\/wp-content\/uploads\/2024\/07\/img-20240702-wa00523208937555367188125.jpg 1600w\" sizes=\"(max-width: 1024px) 100vw, 1024px\" \/><\/figure>\n\n\n\n<figure class=\"wp-block-image\"><img loading=\"lazy\" decoding=\"async\" width=\"1024\" height=\"682\" src=\"https:\/\/contextoanalisisperiodistico.com\/wp-content\/uploads\/2024\/07\/img-20240702-wa00541900782149008819869-1024x682.jpg\" alt=\"\" class=\"wp-image-28332\" srcset=\"https:\/\/contextoanalisisperiodistico.com\/wp-content\/uploads\/2024\/07\/img-20240702-wa00541900782149008819869-1024x682.jpg 1024w, https:\/\/contextoanalisisperiodistico.com\/wp-content\/uploads\/2024\/07\/img-20240702-wa00541900782149008819869-300x200.jpg 300w, https:\/\/contextoanalisisperiodistico.com\/wp-content\/uploads\/2024\/07\/img-20240702-wa00541900782149008819869-768x512.jpg 768w, https:\/\/contextoanalisisperiodistico.com\/wp-content\/uploads\/2024\/07\/img-20240702-wa00541900782149008819869-1536x1023.jpg 1536w, https:\/\/contextoanalisisperiodistico.com\/wp-content\/uploads\/2024\/07\/img-20240702-wa00541900782149008819869.jpg 1600w\" sizes=\"(max-width: 1024px) 100vw, 1024px\" \/><\/figure>\n\n\n\n<figure class=\"wp-block-image\"><img loading=\"lazy\" decoding=\"async\" width=\"1024\" height=\"682\" src=\"https:\/\/contextoanalisisperiodistico.com\/wp-content\/uploads\/2024\/07\/img-20240702-wa00556802073415076663841-1024x682.jpg\" alt=\"\" class=\"wp-image-28334\" srcset=\"https:\/\/contextoanalisisperiodistico.com\/wp-content\/uploads\/2024\/07\/img-20240702-wa00556802073415076663841-1024x682.jpg 1024w, https:\/\/contextoanalisisperiodistico.com\/wp-content\/uploads\/2024\/07\/img-20240702-wa00556802073415076663841-300x200.jpg 300w, https:\/\/contextoanalisisperiodistico.com\/wp-content\/uploads\/2024\/07\/img-20240702-wa00556802073415076663841-768x512.jpg 768w, https:\/\/contextoanalisisperiodistico.com\/wp-content\/uploads\/2024\/07\/img-20240702-wa00556802073415076663841-1536x1023.jpg 1536w, https:\/\/contextoanalisisperiodistico.com\/wp-content\/uploads\/2024\/07\/img-20240702-wa00556802073415076663841.jpg 1600w\" sizes=\"(max-width: 1024px) 100vw, 1024px\" \/><\/figure>\n\n\n\n<figure class=\"wp-block-image\"><img loading=\"lazy\" decoding=\"async\" width=\"276\" height=\"300\" src=\"https:\/\/contextoanalisisperiodistico.com\/wp-content\/uploads\/2024\/07\/img-20240702-wa00576362979814313385063-276x300.jpg\" alt=\"\" class=\"wp-image-28333\" srcset=\"https:\/\/contextoanalisisperiodistico.com\/wp-content\/uploads\/2024\/07\/img-20240702-wa00576362979814313385063-276x300.jpg 276w, https:\/\/contextoanalisisperiodistico.com\/wp-content\/uploads\/2024\/07\/img-20240702-wa00576362979814313385063-768x835.jpg 768w, https:\/\/contextoanalisisperiodistico.com\/wp-content\/uploads\/2024\/07\/img-20240702-wa00576362979814313385063.jpg 840w\" sizes=\"(max-width: 276px) 100vw, 276px\" \/><\/figure>\n\n\n\n<figure class=\"wp-block-image\"><img loading=\"lazy\" decoding=\"async\" width=\"1024\" height=\"682\" src=\"https:\/\/contextoanalisisperiodistico.com\/wp-content\/uploads\/2024\/07\/img-20240702-wa00568325247974691810405-1024x682.jpg\" alt=\"\" class=\"wp-image-28335\" srcset=\"https:\/\/contextoanalisisperiodistico.com\/wp-content\/uploads\/2024\/07\/img-20240702-wa00568325247974691810405-1024x682.jpg 1024w, https:\/\/contextoanalisisperiodistico.com\/wp-content\/uploads\/2024\/07\/img-20240702-wa00568325247974691810405-300x200.jpg 300w, https:\/\/contextoanalisisperiodistico.com\/wp-content\/uploads\/2024\/07\/img-20240702-wa00568325247974691810405-768x512.jpg 768w, https:\/\/contextoanalisisperiodistico.com\/wp-content\/uploads\/2024\/07\/img-20240702-wa00568325247974691810405-1536x1023.jpg 1536w, https:\/\/contextoanalisisperiodistico.com\/wp-content\/uploads\/2024\/07\/img-20240702-wa00568325247974691810405.jpg 1600w\" sizes=\"(max-width: 1024px) 100vw, 1024px\" \/><\/figure>\n\n\n\n<figure class=\"wp-block-image\"><img loading=\"lazy\" decoding=\"async\" width=\"1024\" height=\"682\" src=\"https:\/\/contextoanalisisperiodistico.com\/wp-content\/uploads\/2024\/07\/img-20240702-wa00595908040031390032120-1024x682.jpg\" alt=\"\" class=\"wp-image-28336\" srcset=\"https:\/\/contextoanalisisperiodistico.com\/wp-content\/uploads\/2024\/07\/img-20240702-wa00595908040031390032120-1024x682.jpg 1024w, https:\/\/contextoanalisisperiodistico.com\/wp-content\/uploads\/2024\/07\/img-20240702-wa00595908040031390032120-300x200.jpg 300w, https:\/\/contextoanalisisperiodistico.com\/wp-content\/uploads\/2024\/07\/img-20240702-wa00595908040031390032120-768x512.jpg 768w, https:\/\/contextoanalisisperiodistico.com\/wp-content\/uploads\/2024\/07\/img-20240702-wa00595908040031390032120-1536x1023.jpg 1536w, https:\/\/contextoanalisisperiodistico.com\/wp-content\/uploads\/2024\/07\/img-20240702-wa00595908040031390032120.jpg 1600w\" sizes=\"(max-width: 1024px) 100vw, 1024px\" \/><\/figure>\n","protected":false},"excerpt":{"rendered":"<p>\u2022 En este marco, el Gobernador Salom\u00f3n Jara Cruz entreg\u00f3 mobiliario, equipo de c\u00f3mputo y&#8230;<\/p>\n","protected":false},"author":4,"featured_media":28326,"comment_status":"closed","ping_status":"open","sticky":false,"template":"","format":"standard","meta":{"footnotes":""},"categories":[9],"tags":[],"jetpack_sharing_enabled":true,"featured_image_urls":{"full":["https:\/\/contextoanalisisperiodistico.com\/wp-content\/uploads\/2024\/07\/IMG-20240702-WA0050.jpg",1600,1066,false],"thumbnail":["https:\/\/contextoanalisisperiodistico.com\/wp-content\/uploads\/2024\/07\/IMG-20240702-WA0050-150x150.jpg",150,150,true],"medium":["https:\/\/contextoanalisisperiodistico.com\/wp-content\/uploads\/2024\/07\/IMG-20240702-WA0050-300x200.jpg",300,200,true],"medium_large":["https:\/\/contextoanalisisperiodistico.com\/wp-content\/uploads\/2024\/07\/IMG-20240702-WA0050-768x512.jpg",640,427,true],"large":["https:\/\/contextoanalisisperiodistico.com\/wp-content\/uploads\/2024\/07\/IMG-20240702-WA0050-1024x682.jpg",640,426,true],"1536x1536":["https:\/\/contextoanalisisperiodistico.com\/wp-content\/uploads\/2024\/07\/IMG-20240702-WA0050-1536x1023.jpg",1536,1023,true],"2048x2048":["https:\/\/contextoanalisisperiodistico.com\/wp-content\/uploads\/2024\/07\/IMG-20240702-WA0050.jpg",1600,1066,false],"covernews-slider-full":["https:\/\/contextoanalisisperiodistico.com\/wp-content\/uploads\/2024\/07\/IMG-20240702-WA0050-1115x715.jpg",1115,715,true],"covernews-slider-center":["https:\/\/contextoanalisisperiodistico.com\/wp-content\/uploads\/2024\/07\/IMG-20240702-WA0050-800x500.jpg",800,500,true],"covernews-featured":["https:\/\/contextoanalisisperiodistico.com\/wp-content\/uploads\/2024\/07\/IMG-20240702-WA0050-1024x682.jpg",1024,682,true],"covernews-medium":["https:\/\/contextoanalisisperiodistico.com\/wp-content\/uploads\/2024\/07\/IMG-20240702-WA0050-540x340.jpg",540,340,true],"covernews-medium-square":["https:\/\/contextoanalisisperiodistico.com\/wp-content\/uploads\/2024\/07\/IMG-20240702-WA0050-400x250.jpg",400,250,true]},"author_info":{"display_name":"Mario Gir\u00f3n","author_link":"https:\/\/contextoanalisisperiodistico.com\/index.php\/author\/director\/"},"category_info":"<a href=\"https:\/\/contextoanalisisperiodistico.com\/index.php\/category\/politica\/\" rel=\"category tag\">Pol\u00edtica<\/a>","tag_info":"Pol\u00edtica","comment_count":"0","jetpack_featured_media_url":"https:\/\/contextoanalisisperiodistico.com\/wp-content\/uploads\/2024\/07\/IMG-20240702-WA0050.jpg","_links":{"self":[{"href":"https:\/\/contextoanalisisperiodistico.com\/index.php\/wp-json\/wp\/v2\/posts\/28337"}],"collection":[{"href":"https:\/\/contextoanalisisperiodistico.com\/index.php\/wp-json\/wp\/v2\/posts"}],"about":[{"href":"https:\/\/contextoanalisisperiodistico.com\/index.php\/wp-json\/wp\/v2\/types\/post"}],"author":[{"embeddable":true,"href":"https:\/\/contextoanalisisperiodistico.com\/index.php\/wp-json\/wp\/v2\/users\/4"}],"replies":[{"embeddable":true,"href":"https:\/\/contextoanalisisperiodistico.com\/index.php\/wp-json\/wp\/v2\/comments?post=28337"}],"version-history":[{"count":1,"href":"https:\/\/contextoanalisisperiodistico.com\/index.php\/wp-json\/wp\/v2\/posts\/28337\/revisions"}],"predecessor-version":[{"id":28338,"href":"https:\/\/contextoanalisisperiodistico.com\/index.php\/wp-json\/wp\/v2\/posts\/28337\/revisions\/28338"}],"wp:featuredmedia":[{"embeddable":true,"href":"https:\/\/contextoanalisisperiodistico.com\/index.php\/wp-json\/wp\/v2\/media\/28326"}],"wp:attachment":[{"href":"https:\/\/contextoanalisisperiodistico.com\/index.php\/wp-json\/wp\/v2\/media?parent=28337"}],"wp:term":[{"taxonomy":"category","embeddable":true,"href":"https:\/\/contextoanalisisperiodistico.com\/index.php\/wp-json\/wp\/v2\/categories?post=28337"},{"taxonomy":"post_tag","embeddable":true,"href":"https:\/\/contextoanalisisperiodistico.com\/index.php\/wp-json\/wp\/v2\/tags?post=28337"}],"curies":[{"name":"wp","href":"https:\/\/api.w.org\/{rel}","templated":true}]}}