{"id":28325,"date":"2024-07-02T14:02:50","date_gmt":"2024-07-02T20:02:50","guid":{"rendered":"https:\/\/contextoanalisisperiodistico.com\/index.php\/2024\/07\/02\/con-educacion-gobierno-de-oaxaca-sienta-bases-para-la-transformacion-del-pais-silva-romo\/"},"modified":"2024-07-02T14:02:50","modified_gmt":"2024-07-02T20:02:50","slug":"con-educacion-gobierno-de-oaxaca-sienta-bases-para-la-transformacion-del-pais-silva-romo","status":"publish","type":"post","link":"https:\/\/contextoanalisisperiodistico.com\/index.php\/2024\/07\/02\/con-educacion-gobierno-de-oaxaca-sienta-bases-para-la-transformacion-del-pais-silva-romo\/","title":{"rendered":"Con educaci\u00f3n, Gobierno de Oaxaca sienta bases para la transformaci\u00f3n del pa\u00eds: Silva Romo"},"content":{"rendered":"<div id=\"fb-root\"><\/div>\n\n<p>** La Primavera Oaxaque\u00f1a es una administraci\u00f3n sensible a las necesidades de alumnas, alumnos y docentes, sostuvo.<\/p>\n\n\n\n<p>Oaxaca de Ju\u00e1rez, Oaxaca; 02 de julio de 2024. Al atestiguar la entrega de 45 claves de centro de trabajo a escuelas p\u00fablicas de nueva creaci\u00f3n de nivel b\u00e1sico educativo, educaci\u00f3n especial y complementarios, que esta ma\u00f1ana realizara el gobernador Salom\u00f3n Jara Cruz en San Mart\u00edn Mexicapan; el senador electo, Luis Alfonso Silva Romo destac\u00f3 el esfuerzo de esta administraci\u00f3n para sentar las bases de la transformaci\u00f3n del pa\u00eds a trav\u00e9s de la educaci\u00f3n.<\/p>\n\n\n\n<p>En el evento, el mandatario estatal entreg\u00f3 tambi\u00e9n mobiliario, equipo de audio y c\u00f3mputo, material de aseo, deportivo, de oficina y did\u00e1ctico a 32 escuelas de educaci\u00f3n b\u00e1sica de la regi\u00f3n de Valles Centrales.<\/p>\n\n\n\n<p>Silva Romo asegur\u00f3 que la educaci\u00f3n es y ha sido un tema toral de la Cuarta Transformaci\u00f3n, por ello y alineada a las pol\u00edticas del gobierno federal, la Primavera Oaxaque\u00f1a es una administraci\u00f3n sensible a las necesidades de alumnas, alumnos y docentes; pues este acto realizado por el mandatario estatal brindar\u00e1 certeza jur\u00eddica a todos los involucrados y acceso a programas sociales como las Becas Bienestar que pr\u00f3ximamente ser\u00e1n un derecho universal de las infancias.<\/p>\n\n\n\n<p>Record\u00f3 que es precisamente la educaci\u00f3n el medio para construir una naci\u00f3n con valores, con principios \u00e9ticos s\u00f3lidos, sin discriminaci\u00f3n ni exclusiones; objetivo de las pol\u00edticas de bienestar para la Reparaci\u00f3n Hist\u00f3rica de los Pueblos que impulsa el gobernador Jara Cruz.<\/p>\n\n\n\n<figure class=\"wp-block-image size-large\"><img fetchpriority=\"high\" decoding=\"async\" width=\"932\" height=\"1024\" src=\"https:\/\/contextoanalisisperiodistico.com\/wp-content\/uploads\/2024\/07\/img-20240702-wa00604286690747858356520-932x1024.jpg\" alt=\"\" class=\"wp-image-28320\" srcset=\"https:\/\/contextoanalisisperiodistico.com\/wp-content\/uploads\/2024\/07\/img-20240702-wa00604286690747858356520-932x1024.jpg 932w, https:\/\/contextoanalisisperiodistico.com\/wp-content\/uploads\/2024\/07\/img-20240702-wa00604286690747858356520-273x300.jpg 273w, https:\/\/contextoanalisisperiodistico.com\/wp-content\/uploads\/2024\/07\/img-20240702-wa00604286690747858356520-768x844.jpg 768w, https:\/\/contextoanalisisperiodistico.com\/wp-content\/uploads\/2024\/07\/img-20240702-wa00604286690747858356520-1024x1125.jpg 1024w, https:\/\/contextoanalisisperiodistico.com\/wp-content\/uploads\/2024\/07\/img-20240702-wa00604286690747858356520.jpg 1165w\" sizes=\"(max-width: 932px) 100vw, 932px\" \/><\/figure>\n\n\n\n<figure class=\"wp-block-image\"><img decoding=\"async\" width=\"682\" height=\"1024\" src=\"https:\/\/contextoanalisisperiodistico.com\/wp-content\/uploads\/2024\/07\/img-20240702-wa00611992247642072933165-682x1024.jpg\" alt=\"\" class=\"wp-image-28321\" srcset=\"https:\/\/contextoanalisisperiodistico.com\/wp-content\/uploads\/2024\/07\/img-20240702-wa00611992247642072933165-682x1024.jpg 682w, https:\/\/contextoanalisisperiodistico.com\/wp-content\/uploads\/2024\/07\/img-20240702-wa00611992247642072933165-200x300.jpg 200w, https:\/\/contextoanalisisperiodistico.com\/wp-content\/uploads\/2024\/07\/img-20240702-wa00611992247642072933165-768x1153.jpg 768w, https:\/\/contextoanalisisperiodistico.com\/wp-content\/uploads\/2024\/07\/img-20240702-wa00611992247642072933165-1023x1536.jpg 1023w, https:\/\/contextoanalisisperiodistico.com\/wp-content\/uploads\/2024\/07\/img-20240702-wa00611992247642072933165-1024x1537.jpg 1024w, https:\/\/contextoanalisisperiodistico.com\/wp-content\/uploads\/2024\/07\/img-20240702-wa00611992247642072933165.jpg 1066w\" sizes=\"(max-width: 682px) 100vw, 682px\" \/><\/figure>\n\n\n\n<figure class=\"wp-block-image\"><img decoding=\"async\" width=\"1024\" height=\"682\" src=\"https:\/\/contextoanalisisperiodistico.com\/wp-content\/uploads\/2024\/07\/img-20240702-wa00595817881566914800376-1024x682.jpg\" alt=\"\" class=\"wp-image-28323\" srcset=\"https:\/\/contextoanalisisperiodistico.com\/wp-content\/uploads\/2024\/07\/img-20240702-wa00595817881566914800376-1024x682.jpg 1024w, https:\/\/contextoanalisisperiodistico.com\/wp-content\/uploads\/2024\/07\/img-20240702-wa00595817881566914800376-300x200.jpg 300w, https:\/\/contextoanalisisperiodistico.com\/wp-content\/uploads\/2024\/07\/img-20240702-wa00595817881566914800376-768x512.jpg 768w, https:\/\/contextoanalisisperiodistico.com\/wp-content\/uploads\/2024\/07\/img-20240702-wa00595817881566914800376-1536x1023.jpg 1536w, https:\/\/contextoanalisisperiodistico.com\/wp-content\/uploads\/2024\/07\/img-20240702-wa00595817881566914800376.jpg 1600w\" sizes=\"(max-width: 1024px) 100vw, 1024px\" \/><\/figure>\n\n\n\n<figure class=\"wp-block-image\"><img loading=\"lazy\" decoding=\"async\" width=\"1024\" height=\"682\" src=\"https:\/\/contextoanalisisperiodistico.com\/wp-content\/uploads\/2024\/07\/img-20240702-wa00566766706095877132693-1024x682.jpg\" alt=\"\" class=\"wp-image-28322\" srcset=\"https:\/\/contextoanalisisperiodistico.com\/wp-content\/uploads\/2024\/07\/img-20240702-wa00566766706095877132693-1024x682.jpg 1024w, https:\/\/contextoanalisisperiodistico.com\/wp-content\/uploads\/2024\/07\/img-20240702-wa00566766706095877132693-300x200.jpg 300w, https:\/\/contextoanalisisperiodistico.com\/wp-content\/uploads\/2024\/07\/img-20240702-wa00566766706095877132693-768x512.jpg 768w, https:\/\/contextoanalisisperiodistico.com\/wp-content\/uploads\/2024\/07\/img-20240702-wa00566766706095877132693-1536x1023.jpg 1536w, https:\/\/contextoanalisisperiodistico.com\/wp-content\/uploads\/2024\/07\/img-20240702-wa00566766706095877132693.jpg 1600w\" sizes=\"(max-width: 1024px) 100vw, 1024px\" \/><\/figure>\n\n\n\n<figure class=\"wp-block-image\"><img loading=\"lazy\" decoding=\"async\" width=\"276\" height=\"300\" src=\"https:\/\/contextoanalisisperiodistico.com\/wp-content\/uploads\/2024\/07\/img-20240702-wa00571154426116568470468-276x300.jpg\" alt=\"\" class=\"wp-image-28319\" srcset=\"https:\/\/contextoanalisisperiodistico.com\/wp-content\/uploads\/2024\/07\/img-20240702-wa00571154426116568470468-276x300.jpg 276w, https:\/\/contextoanalisisperiodistico.com\/wp-content\/uploads\/2024\/07\/img-20240702-wa00571154426116568470468-768x835.jpg 768w, https:\/\/contextoanalisisperiodistico.com\/wp-content\/uploads\/2024\/07\/img-20240702-wa00571154426116568470468.jpg 840w\" sizes=\"(max-width: 276px) 100vw, 276px\" \/><\/figure>\n\n\n\n<figure class=\"wp-block-image\"><img loading=\"lazy\" decoding=\"async\" width=\"1024\" height=\"682\" src=\"https:\/\/contextoanalisisperiodistico.com\/wp-content\/uploads\/2024\/07\/img-20240702-wa00548927009182732703544-1024x682.jpg\" alt=\"\" class=\"wp-image-28324\" srcset=\"https:\/\/contextoanalisisperiodistico.com\/wp-content\/uploads\/2024\/07\/img-20240702-wa00548927009182732703544-1024x682.jpg 1024w, https:\/\/contextoanalisisperiodistico.com\/wp-content\/uploads\/2024\/07\/img-20240702-wa00548927009182732703544-300x200.jpg 300w, https:\/\/contextoanalisisperiodistico.com\/wp-content\/uploads\/2024\/07\/img-20240702-wa00548927009182732703544-768x512.jpg 768w, https:\/\/contextoanalisisperiodistico.com\/wp-content\/uploads\/2024\/07\/img-20240702-wa00548927009182732703544-1536x1023.jpg 1536w, https:\/\/contextoanalisisperiodistico.com\/wp-content\/uploads\/2024\/07\/img-20240702-wa00548927009182732703544.jpg 1600w\" sizes=\"(max-width: 1024px) 100vw, 1024px\" \/><\/figure>\n","protected":false},"excerpt":{"rendered":"<p>** La Primavera Oaxaque\u00f1a es una administraci\u00f3n sensible a las necesidades de alumnas, alumnos y&#8230;<\/p>\n","protected":false},"author":4,"featured_media":28318,"comment_status":"","ping_status":"open","sticky":false,"template":"","format":"standard","meta":{"footnotes":""},"categories":[9],"tags":[],"jetpack_sharing_enabled":true,"featured_image_urls":{"full":["https:\/\/contextoanalisisperiodistico.com\/wp-content\/uploads\/2024\/07\/IMG-20240702-WA0062.jpg",1600,1066,false],"thumbnail":["https:\/\/contextoanalisisperiodistico.com\/wp-content\/uploads\/2024\/07\/IMG-20240702-WA0062-150x150.jpg",150,150,true],"medium":["https:\/\/contextoanalisisperiodistico.com\/wp-content\/uploads\/2024\/07\/IMG-20240702-WA0062-300x200.jpg",300,200,true],"medium_large":["https:\/\/contextoanalisisperiodistico.com\/wp-content\/uploads\/2024\/07\/IMG-20240702-WA0062-768x512.jpg",640,427,true],"large":["https:\/\/contextoanalisisperiodistico.com\/wp-content\/uploads\/2024\/07\/IMG-20240702-WA0062-1024x682.jpg",640,426,true],"1536x1536":["https:\/\/contextoanalisisperiodistico.com\/wp-content\/uploads\/2024\/07\/IMG-20240702-WA0062-1536x1023.jpg",1536,1023,true],"2048x2048":["https:\/\/contextoanalisisperiodistico.com\/wp-content\/uploads\/2024\/07\/IMG-20240702-WA0062.jpg",1600,1066,false],"covernews-slider-full":["https:\/\/contextoanalisisperiodistico.com\/wp-content\/uploads\/2024\/07\/IMG-20240702-WA0062-1115x715.jpg",1115,715,true],"covernews-slider-center":["https:\/\/contextoanalisisperiodistico.com\/wp-content\/uploads\/2024\/07\/IMG-20240702-WA0062-800x500.jpg",800,500,true],"covernews-featured":["https:\/\/contextoanalisisperiodistico.com\/wp-content\/uploads\/2024\/07\/IMG-20240702-WA0062-1024x682.jpg",1024,682,true],"covernews-medium":["https:\/\/contextoanalisisperiodistico.com\/wp-content\/uploads\/2024\/07\/IMG-20240702-WA0062-540x340.jpg",540,340,true],"covernews-medium-square":["https:\/\/contextoanalisisperiodistico.com\/wp-content\/uploads\/2024\/07\/IMG-20240702-WA0062-400x250.jpg",400,250,true]},"author_info":{"display_name":"Mario Gir\u00f3n","author_link":"https:\/\/contextoanalisisperiodistico.com\/index.php\/author\/director\/"},"category_info":"<a href=\"https:\/\/contextoanalisisperiodistico.com\/index.php\/category\/politica\/\" rel=\"category tag\">Pol\u00edtica<\/a>","tag_info":"Pol\u00edtica","comment_count":"0","jetpack_featured_media_url":"https:\/\/contextoanalisisperiodistico.com\/wp-content\/uploads\/2024\/07\/IMG-20240702-WA0062.jpg","_links":{"self":[{"href":"https:\/\/contextoanalisisperiodistico.com\/index.php\/wp-json\/wp\/v2\/posts\/28325"}],"collection":[{"href":"https:\/\/contextoanalisisperiodistico.com\/index.php\/wp-json\/wp\/v2\/posts"}],"about":[{"href":"https:\/\/contextoanalisisperiodistico.com\/index.php\/wp-json\/wp\/v2\/types\/post"}],"author":[{"embeddable":true,"href":"https:\/\/contextoanalisisperiodistico.com\/index.php\/wp-json\/wp\/v2\/users\/4"}],"replies":[{"embeddable":true,"href":"https:\/\/contextoanalisisperiodistico.com\/index.php\/wp-json\/wp\/v2\/comments?post=28325"}],"version-history":[{"count":0,"href":"https:\/\/contextoanalisisperiodistico.com\/index.php\/wp-json\/wp\/v2\/posts\/28325\/revisions"}],"wp:featuredmedia":[{"embeddable":true,"href":"https:\/\/contextoanalisisperiodistico.com\/index.php\/wp-json\/wp\/v2\/media\/28318"}],"wp:attachment":[{"href":"https:\/\/contextoanalisisperiodistico.com\/index.php\/wp-json\/wp\/v2\/media?parent=28325"}],"wp:term":[{"taxonomy":"category","embeddable":true,"href":"https:\/\/contextoanalisisperiodistico.com\/index.php\/wp-json\/wp\/v2\/categories?post=28325"},{"taxonomy":"post_tag","embeddable":true,"href":"https:\/\/contextoanalisisperiodistico.com\/index.php\/wp-json\/wp\/v2\/tags?post=28325"}],"curies":[{"name":"wp","href":"https:\/\/api.w.org\/{rel}","templated":true}]}}