{"id":28316,"date":"2024-07-02T11:35:17","date_gmt":"2024-07-02T17:35:17","guid":{"rendered":"https:\/\/contextoanalisisperiodistico.com\/index.php\/2024\/07\/02\/entregan-las-primeras-credenciales-a-personas-beneficiarias-del-programa-imss-bienestar-en-oaxaca\/"},"modified":"2024-07-02T11:35:37","modified_gmt":"2024-07-02T17:35:37","slug":"entregan-las-primeras-credenciales-a-personas-beneficiarias-del-programa-imss-bienestar-en-oaxaca","status":"publish","type":"post","link":"https:\/\/contextoanalisisperiodistico.com\/index.php\/2024\/07\/02\/entregan-las-primeras-credenciales-a-personas-beneficiarias-del-programa-imss-bienestar-en-oaxaca\/","title":{"rendered":"Entregan las primeras credenciales a personas beneficiarias del programa IMSS-Bienestar en Oaxaca"},"content":{"rendered":"<div id=\"fb-root\"><\/div>\n\n<p>\u2022 A trav\u00e9s de un enlace v\u00eda remota, el Presidente Andr\u00e9s Manuel L\u00f3pez Obrador estuvo presente en 23 estados donde se realiz\u00f3 la entrega de micas<\/p>\n\n\n\n<figure class=\"wp-block-image size-large\"><img fetchpriority=\"high\" decoding=\"async\" width=\"386\" height=\"561\" src=\"https:\/\/contextoanalisisperiodistico.com\/wp-content\/uploads\/2024\/07\/img-20240702-wa00168166843449381949289.jpg\" alt=\"\" class=\"wp-image-28309\" srcset=\"https:\/\/contextoanalisisperiodistico.com\/wp-content\/uploads\/2024\/07\/img-20240702-wa00168166843449381949289.jpg 386w, https:\/\/contextoanalisisperiodistico.com\/wp-content\/uploads\/2024\/07\/img-20240702-wa00168166843449381949289-206x300.jpg 206w\" sizes=\"(max-width: 386px) 100vw, 386px\" \/><\/figure>\n\n\n\n<figure class=\"wp-block-image\"><img decoding=\"async\" width=\"1024\" height=\"682\" src=\"https:\/\/contextoanalisisperiodistico.com\/wp-content\/uploads\/2024\/07\/img-20240702-wa00201631056830546907394-1024x682.jpg\" alt=\"\" class=\"wp-image-28310\" srcset=\"https:\/\/contextoanalisisperiodistico.com\/wp-content\/uploads\/2024\/07\/img-20240702-wa00201631056830546907394-1024x682.jpg 1024w, https:\/\/contextoanalisisperiodistico.com\/wp-content\/uploads\/2024\/07\/img-20240702-wa00201631056830546907394-300x200.jpg 300w, https:\/\/contextoanalisisperiodistico.com\/wp-content\/uploads\/2024\/07\/img-20240702-wa00201631056830546907394-768x512.jpg 768w, https:\/\/contextoanalisisperiodistico.com\/wp-content\/uploads\/2024\/07\/img-20240702-wa00201631056830546907394-1536x1023.jpg 1536w, https:\/\/contextoanalisisperiodistico.com\/wp-content\/uploads\/2024\/07\/img-20240702-wa00201631056830546907394.jpg 1600w\" sizes=\"(max-width: 1024px) 100vw, 1024px\" \/><\/figure>\n\n\n\n<figure class=\"wp-block-image\"><img decoding=\"async\" width=\"1024\" height=\"682\" src=\"https:\/\/contextoanalisisperiodistico.com\/wp-content\/uploads\/2024\/07\/img-20240702-wa00177395186732944819264-1024x682.jpg\" alt=\"\" class=\"wp-image-28312\" srcset=\"https:\/\/contextoanalisisperiodistico.com\/wp-content\/uploads\/2024\/07\/img-20240702-wa00177395186732944819264-1024x682.jpg 1024w, https:\/\/contextoanalisisperiodistico.com\/wp-content\/uploads\/2024\/07\/img-20240702-wa00177395186732944819264-300x200.jpg 300w, https:\/\/contextoanalisisperiodistico.com\/wp-content\/uploads\/2024\/07\/img-20240702-wa00177395186732944819264-768x512.jpg 768w, https:\/\/contextoanalisisperiodistico.com\/wp-content\/uploads\/2024\/07\/img-20240702-wa00177395186732944819264-1536x1023.jpg 1536w, https:\/\/contextoanalisisperiodistico.com\/wp-content\/uploads\/2024\/07\/img-20240702-wa00177395186732944819264.jpg 1600w\" sizes=\"(max-width: 1024px) 100vw, 1024px\" \/><\/figure>\n\n\n\n<figure class=\"wp-block-image\"><img loading=\"lazy\" decoding=\"async\" width=\"1024\" height=\"682\" src=\"https:\/\/contextoanalisisperiodistico.com\/wp-content\/uploads\/2024\/07\/img-20240702-wa00181180052634920797844-1024x682.jpg\" alt=\"\" class=\"wp-image-28311\" srcset=\"https:\/\/contextoanalisisperiodistico.com\/wp-content\/uploads\/2024\/07\/img-20240702-wa00181180052634920797844-1024x682.jpg 1024w, https:\/\/contextoanalisisperiodistico.com\/wp-content\/uploads\/2024\/07\/img-20240702-wa00181180052634920797844-300x200.jpg 300w, https:\/\/contextoanalisisperiodistico.com\/wp-content\/uploads\/2024\/07\/img-20240702-wa00181180052634920797844-768x512.jpg 768w, https:\/\/contextoanalisisperiodistico.com\/wp-content\/uploads\/2024\/07\/img-20240702-wa00181180052634920797844-1536x1023.jpg 1536w, https:\/\/contextoanalisisperiodistico.com\/wp-content\/uploads\/2024\/07\/img-20240702-wa00181180052634920797844.jpg 1600w\" sizes=\"(max-width: 1024px) 100vw, 1024px\" \/><\/figure>\n\n\n\n<figure class=\"wp-block-image\"><img loading=\"lazy\" decoding=\"async\" width=\"1024\" height=\"657\" src=\"https:\/\/contextoanalisisperiodistico.com\/wp-content\/uploads\/2024\/07\/img-20240702-wa00157303468749912244268-1024x657.jpg\" alt=\"\" class=\"wp-image-28313\" srcset=\"https:\/\/contextoanalisisperiodistico.com\/wp-content\/uploads\/2024\/07\/img-20240702-wa00157303468749912244268-1024x657.jpg 1024w, https:\/\/contextoanalisisperiodistico.com\/wp-content\/uploads\/2024\/07\/img-20240702-wa00157303468749912244268-300x192.jpg 300w, https:\/\/contextoanalisisperiodistico.com\/wp-content\/uploads\/2024\/07\/img-20240702-wa00157303468749912244268-768x492.jpg 768w, https:\/\/contextoanalisisperiodistico.com\/wp-content\/uploads\/2024\/07\/img-20240702-wa00157303468749912244268-1536x985.jpg 1536w, https:\/\/contextoanalisisperiodistico.com\/wp-content\/uploads\/2024\/07\/img-20240702-wa00157303468749912244268-1115x715.jpg 1115w, https:\/\/contextoanalisisperiodistico.com\/wp-content\/uploads\/2024\/07\/img-20240702-wa00157303468749912244268.jpg 1600w\" sizes=\"(max-width: 1024px) 100vw, 1024px\" \/><\/figure>\n\n\n\n<figure class=\"wp-block-image\"><img loading=\"lazy\" decoding=\"async\" width=\"1024\" height=\"650\" src=\"https:\/\/contextoanalisisperiodistico.com\/wp-content\/uploads\/2024\/07\/img-20240702-wa00132214601678391164123-1024x650.jpg\" alt=\"\" class=\"wp-image-28314\" srcset=\"https:\/\/contextoanalisisperiodistico.com\/wp-content\/uploads\/2024\/07\/img-20240702-wa00132214601678391164123-1024x650.jpg 1024w, https:\/\/contextoanalisisperiodistico.com\/wp-content\/uploads\/2024\/07\/img-20240702-wa00132214601678391164123-300x191.jpg 300w, https:\/\/contextoanalisisperiodistico.com\/wp-content\/uploads\/2024\/07\/img-20240702-wa00132214601678391164123-768x488.jpg 768w, https:\/\/contextoanalisisperiodistico.com\/wp-content\/uploads\/2024\/07\/img-20240702-wa00132214601678391164123-1536x975.jpg 1536w, https:\/\/contextoanalisisperiodistico.com\/wp-content\/uploads\/2024\/07\/img-20240702-wa00132214601678391164123.jpg 1600w\" sizes=\"(max-width: 1024px) 100vw, 1024px\" \/><\/figure>\n\n\n\n<figure class=\"wp-block-image\"><img loading=\"lazy\" decoding=\"async\" width=\"1024\" height=\"682\" src=\"https:\/\/contextoanalisisperiodistico.com\/wp-content\/uploads\/2024\/07\/img-20240702-wa0012330568089565026780-1024x682.jpg\" alt=\"\" class=\"wp-image-28315\" srcset=\"https:\/\/contextoanalisisperiodistico.com\/wp-content\/uploads\/2024\/07\/img-20240702-wa0012330568089565026780-1024x682.jpg 1024w, https:\/\/contextoanalisisperiodistico.com\/wp-content\/uploads\/2024\/07\/img-20240702-wa0012330568089565026780-300x200.jpg 300w, https:\/\/contextoanalisisperiodistico.com\/wp-content\/uploads\/2024\/07\/img-20240702-wa0012330568089565026780-768x512.jpg 768w, https:\/\/contextoanalisisperiodistico.com\/wp-content\/uploads\/2024\/07\/img-20240702-wa0012330568089565026780-1536x1023.jpg 1536w, https:\/\/contextoanalisisperiodistico.com\/wp-content\/uploads\/2024\/07\/img-20240702-wa0012330568089565026780.jpg 1600w\" sizes=\"(max-width: 1024px) 100vw, 1024px\" \/><\/figure>\n\n\n\n<p>San Sebasti\u00e1n Tutla, Oax. 2 de julio de 2024.- En cumplimiento a la palabra empe\u00f1ada por el Presidente de la Rep\u00fablica Andr\u00e9s Manuel L\u00f3pez Obrador por transformar el sistema de salud en M\u00e9xico, el Gobernador Salom\u00f3n Jara Cruz entreg\u00f3 las primeras 150 credenciales del Programa IMSS Bienestar en la cl\u00ednica de Salud del Rosario.<\/p>\n\n\n\n<p>Cabe se\u00f1alar que esta entrega de micas se realiz\u00f3 de manera simult\u00e1nea en 23 estados federalizados en el esquema IMSS- Bienestar, incluido Oaxaca, quienes se enlazaron v\u00eda remota en la conferencia de prensa del Presidente L\u00f3pez Obrador.<\/p>\n\n\n\n<p>En el acto de entrega de las credenciales, el Mandatario oaxaque\u00f1o reiter\u00f3 que se trata de una estrategia para que el sector salud sea de primera calidad, despu\u00e9s de muchos a\u00f1os de abandono, de problemas de infraestructura y de desabasto de medicamentos.<\/p>\n\n\n\n<p>\u201cEn esta nueva estrategia vamos a tener a m\u00e9dicos, especialistas y personal de enfermer\u00eda todos los d\u00edas, as\u00ed como un abasto suficiente de medicamentos, por lo que ya se cuenta con un almac\u00e9n\u201d, asever\u00f3 Jara Cruz.<\/p>\n\n\n\n<p>Detall\u00f3 que, por instrucci\u00f3n del Mandatario federal, el esquema IMSS Bienestar deber\u00e1 estar en funciones al 100 por ciento en agosto, antes de que concluya su mandato.<\/p>\n\n\n\n<p>En este sentido, desde la conferencia ma\u00f1anera del Presidente, el Director General del Instituto Mexicano del Seguro Social (IMSS) Zoe Robledo destac\u00f3 que para que el funcionamiento de este nuevo modelo de salud avance, requiri\u00f3 de la voluntad de las y los gobernadores; por lo que adem\u00e1s de contar con medicamentos, este se abastecer\u00e1 de manera uniforme, ya que en el pasado, no todos los estados ten\u00edan las mismas medicinas para suministrar a la poblaci\u00f3n.<\/p>\n\n\n\n<p>Inform\u00f3 tambi\u00e9n que cada persona usuaria contar\u00e1 con un c\u00f3digo QR, el cual servir\u00e1 como un expediente cl\u00ednico electr\u00f3nico, todo ello aunado a los servicios gratuitos. A la fecha se han registrado 9.5 millones de personas que ser\u00e1n beneficiarias en el pa\u00eds, adem\u00e1s de continuar con la etapa de registro.<\/p>\n\n\n\n<p>Respecto al avance del programa La Cl\u00ednica es Nuestra, que corresponde al mantenimiento en los centros de salud, se inform\u00f3 que se han entregado 11 mil 427 tarjetas a igual n\u00famero de Comit\u00e9s de Salud, lo que representa un avance del 97.7 por ciento de las 11 mil 692 tarjetas que se entregar\u00e1n en total a nivel nacional.<\/p>\n\n\n\n<p>En el evento en Oaxaca estuvieron presentes, la titular de los Servicios de Salud de Oaxaca (SSO) Alma Lilia Velasco, la delegada de los Programas Sociales Bienestar en el estado Nancy Ortiz Cabrera, la coordinadora Estatal de los Servicios de Salud IMSS Bienestar en Oaxaca Soledad Z\u00e1rate, adem\u00e1s del secretario General de la Secci\u00f3n 35 del Sindicato de Salud Omar L\u00f3pez y el encargado del Centro de Salud del Rosario, Emmanuel Marcos Ruiz.<\/p>\n\n\n\n<p>-0-<\/p>\n","protected":false},"excerpt":{"rendered":"<p>\u2022 A trav\u00e9s de un enlace v\u00eda remota, el Presidente Andr\u00e9s Manuel L\u00f3pez Obrador estuvo&#8230;<\/p>\n","protected":false},"author":4,"featured_media":28308,"comment_status":"closed","ping_status":"open","sticky":false,"template":"","format":"standard","meta":{"footnotes":""},"categories":[9],"tags":[],"jetpack_sharing_enabled":true,"featured_image_urls":{"full":["https:\/\/contextoanalisisperiodistico.com\/wp-content\/uploads\/2024\/07\/IMG-20240702-WA0014.jpg",1600,1066,false],"thumbnail":["https:\/\/contextoanalisisperiodistico.com\/wp-content\/uploads\/2024\/07\/IMG-20240702-WA0014-150x150.jpg",150,150,true],"medium":["https:\/\/contextoanalisisperiodistico.com\/wp-content\/uploads\/2024\/07\/IMG-20240702-WA0014-300x200.jpg",300,200,true],"medium_large":["https:\/\/contextoanalisisperiodistico.com\/wp-content\/uploads\/2024\/07\/IMG-20240702-WA0014-768x512.jpg",640,427,true],"large":["https:\/\/contextoanalisisperiodistico.com\/wp-content\/uploads\/2024\/07\/IMG-20240702-WA0014-1024x682.jpg",640,426,true],"1536x1536":["https:\/\/contextoanalisisperiodistico.com\/wp-content\/uploads\/2024\/07\/IMG-20240702-WA0014-1536x1023.jpg",1536,1023,true],"2048x2048":["https:\/\/contextoanalisisperiodistico.com\/wp-content\/uploads\/2024\/07\/IMG-20240702-WA0014.jpg",1600,1066,false],"covernews-slider-full":["https:\/\/contextoanalisisperiodistico.com\/wp-content\/uploads\/2024\/07\/IMG-20240702-WA0014-1115x715.jpg",1115,715,true],"covernews-slider-center":["https:\/\/contextoanalisisperiodistico.com\/wp-content\/uploads\/2024\/07\/IMG-20240702-WA0014-800x500.jpg",800,500,true],"covernews-featured":["https:\/\/contextoanalisisperiodistico.com\/wp-content\/uploads\/2024\/07\/IMG-20240702-WA0014-1024x682.jpg",1024,682,true],"covernews-medium":["https:\/\/contextoanalisisperiodistico.com\/wp-content\/uploads\/2024\/07\/IMG-20240702-WA0014-540x340.jpg",540,340,true],"covernews-medium-square":["https:\/\/contextoanalisisperiodistico.com\/wp-content\/uploads\/2024\/07\/IMG-20240702-WA0014-400x250.jpg",400,250,true]},"author_info":{"display_name":"Mario Gir\u00f3n","author_link":"https:\/\/contextoanalisisperiodistico.com\/index.php\/author\/director\/"},"category_info":"<a href=\"https:\/\/contextoanalisisperiodistico.com\/index.php\/category\/politica\/\" rel=\"category tag\">Pol\u00edtica<\/a>","tag_info":"Pol\u00edtica","comment_count":"0","jetpack_featured_media_url":"https:\/\/contextoanalisisperiodistico.com\/wp-content\/uploads\/2024\/07\/IMG-20240702-WA0014.jpg","_links":{"self":[{"href":"https:\/\/contextoanalisisperiodistico.com\/index.php\/wp-json\/wp\/v2\/posts\/28316"}],"collection":[{"href":"https:\/\/contextoanalisisperiodistico.com\/index.php\/wp-json\/wp\/v2\/posts"}],"about":[{"href":"https:\/\/contextoanalisisperiodistico.com\/index.php\/wp-json\/wp\/v2\/types\/post"}],"author":[{"embeddable":true,"href":"https:\/\/contextoanalisisperiodistico.com\/index.php\/wp-json\/wp\/v2\/users\/4"}],"replies":[{"embeddable":true,"href":"https:\/\/contextoanalisisperiodistico.com\/index.php\/wp-json\/wp\/v2\/comments?post=28316"}],"version-history":[{"count":1,"href":"https:\/\/contextoanalisisperiodistico.com\/index.php\/wp-json\/wp\/v2\/posts\/28316\/revisions"}],"predecessor-version":[{"id":28317,"href":"https:\/\/contextoanalisisperiodistico.com\/index.php\/wp-json\/wp\/v2\/posts\/28316\/revisions\/28317"}],"wp:featuredmedia":[{"embeddable":true,"href":"https:\/\/contextoanalisisperiodistico.com\/index.php\/wp-json\/wp\/v2\/media\/28308"}],"wp:attachment":[{"href":"https:\/\/contextoanalisisperiodistico.com\/index.php\/wp-json\/wp\/v2\/media?parent=28316"}],"wp:term":[{"taxonomy":"category","embeddable":true,"href":"https:\/\/contextoanalisisperiodistico.com\/index.php\/wp-json\/wp\/v2\/categories?post=28316"},{"taxonomy":"post_tag","embeddable":true,"href":"https:\/\/contextoanalisisperiodistico.com\/index.php\/wp-json\/wp\/v2\/tags?post=28316"}],"curies":[{"name":"wp","href":"https:\/\/api.w.org\/{rel}","templated":true}]}}