{"id":28306,"date":"2024-07-02T11:19:05","date_gmt":"2024-07-02T17:19:05","guid":{"rendered":"https:\/\/contextoanalisisperiodistico.com\/index.php\/2024\/07\/02\/realiza-sso-muestreo-de-agua-de-mar-previo-a-periodo-prevacacional-de-verano\/"},"modified":"2024-07-02T11:21:41","modified_gmt":"2024-07-02T17:21:41","slug":"realiza-sso-muestreo-de-agua-de-mar-previo-a-periodo-prevacacional-de-verano","status":"publish","type":"post","link":"https:\/\/contextoanalisisperiodistico.com\/index.php\/2024\/07\/02\/realiza-sso-muestreo-de-agua-de-mar-previo-a-periodo-prevacacional-de-verano\/","title":{"rendered":"Realiza SSO muestreo de agua de mar previo a per\u00edodo prevacacional de verano"},"content":{"rendered":"<div id=\"fb-root\"><\/div>\n\n<p>\u2022 Se busca garantizar el bienestar de las y los visitantes locales, nacionales e internacionales que acuden en esta \u00e9poca del a\u00f1o a Oaxaca<\/p>\n\n\n\n<figure class=\"wp-block-image size-large\"><img fetchpriority=\"high\" decoding=\"async\" width=\"768\" height=\"1024\" src=\"https:\/\/contextoanalisisperiodistico.com\/wp-content\/uploads\/2024\/07\/img-20240702-wa00231251173082161044723-768x1024.jpg\" alt=\"\" class=\"wp-image-28304\" srcset=\"https:\/\/contextoanalisisperiodistico.com\/wp-content\/uploads\/2024\/07\/img-20240702-wa00231251173082161044723-768x1024.jpg 768w, https:\/\/contextoanalisisperiodistico.com\/wp-content\/uploads\/2024\/07\/img-20240702-wa00231251173082161044723-225x300.jpg 225w, https:\/\/contextoanalisisperiodistico.com\/wp-content\/uploads\/2024\/07\/img-20240702-wa00231251173082161044723-1152x1536.jpg 1152w, https:\/\/contextoanalisisperiodistico.com\/wp-content\/uploads\/2024\/07\/img-20240702-wa00231251173082161044723-1024x1365.jpg 1024w, https:\/\/contextoanalisisperiodistico.com\/wp-content\/uploads\/2024\/07\/img-20240702-wa00231251173082161044723.jpg 1200w\" sizes=\"(max-width: 768px) 100vw, 768px\" \/><\/figure>\n\n\n\n<figure class=\"wp-block-image\"><img decoding=\"async\" width=\"1024\" height=\"768\" src=\"https:\/\/contextoanalisisperiodistico.com\/wp-content\/uploads\/2024\/07\/img-20240702-wa00267221958314730653527-1024x768.jpg\" alt=\"\" class=\"wp-image-28302\" srcset=\"https:\/\/contextoanalisisperiodistico.com\/wp-content\/uploads\/2024\/07\/img-20240702-wa00267221958314730653527-1024x768.jpg 1024w, https:\/\/contextoanalisisperiodistico.com\/wp-content\/uploads\/2024\/07\/img-20240702-wa00267221958314730653527-300x225.jpg 300w, https:\/\/contextoanalisisperiodistico.com\/wp-content\/uploads\/2024\/07\/img-20240702-wa00267221958314730653527-768x576.jpg 768w, https:\/\/contextoanalisisperiodistico.com\/wp-content\/uploads\/2024\/07\/img-20240702-wa00267221958314730653527-1536x1152.jpg 1536w, https:\/\/contextoanalisisperiodistico.com\/wp-content\/uploads\/2024\/07\/img-20240702-wa00267221958314730653527.jpg 1600w\" sizes=\"(max-width: 1024px) 100vw, 1024px\" \/><\/figure>\n\n\n\n<figure class=\"wp-block-image\"><img decoding=\"async\" width=\"1024\" height=\"768\" src=\"https:\/\/contextoanalisisperiodistico.com\/wp-content\/uploads\/2024\/07\/img-20240702-wa00244854252523497760328-1024x768.jpg\" alt=\"\" class=\"wp-image-28305\" srcset=\"https:\/\/contextoanalisisperiodistico.com\/wp-content\/uploads\/2024\/07\/img-20240702-wa00244854252523497760328-1024x768.jpg 1024w, https:\/\/contextoanalisisperiodistico.com\/wp-content\/uploads\/2024\/07\/img-20240702-wa00244854252523497760328-300x225.jpg 300w, https:\/\/contextoanalisisperiodistico.com\/wp-content\/uploads\/2024\/07\/img-20240702-wa00244854252523497760328-768x576.jpg 768w, https:\/\/contextoanalisisperiodistico.com\/wp-content\/uploads\/2024\/07\/img-20240702-wa00244854252523497760328-1536x1152.jpg 1536w, https:\/\/contextoanalisisperiodistico.com\/wp-content\/uploads\/2024\/07\/img-20240702-wa00244854252523497760328.jpg 1600w\" sizes=\"(max-width: 1024px) 100vw, 1024px\" \/><\/figure>\n\n\n\n<figure class=\"wp-block-image\"><img loading=\"lazy\" decoding=\"async\" width=\"768\" height=\"1024\" src=\"https:\/\/contextoanalisisperiodistico.com\/wp-content\/uploads\/2024\/07\/img-20240702-wa00278508372491154526346-768x1024.jpg\" alt=\"\" class=\"wp-image-28303\" srcset=\"https:\/\/contextoanalisisperiodistico.com\/wp-content\/uploads\/2024\/07\/img-20240702-wa00278508372491154526346-768x1024.jpg 768w, https:\/\/contextoanalisisperiodistico.com\/wp-content\/uploads\/2024\/07\/img-20240702-wa00278508372491154526346-225x300.jpg 225w, https:\/\/contextoanalisisperiodistico.com\/wp-content\/uploads\/2024\/07\/img-20240702-wa00278508372491154526346-1152x1536.jpg 1152w, https:\/\/contextoanalisisperiodistico.com\/wp-content\/uploads\/2024\/07\/img-20240702-wa00278508372491154526346-1024x1365.jpg 1024w, https:\/\/contextoanalisisperiodistico.com\/wp-content\/uploads\/2024\/07\/img-20240702-wa00278508372491154526346.jpg 1200w\" sizes=\"(max-width: 768px) 100vw, 768px\" \/><\/figure>\n\n\n\n<p>\u2022 Se monitorean las 17 playas en tres per\u00edodos prevacacionales<br \/>Oaxaca de Ju\u00e1rez, Oax. 2 de julio de 2024.- Los Servicios de Salud de Oaxaca (SSO) a trav\u00e9s del personal de la coordinaci\u00f3n de Regulaci\u00f3n y Fomento Sanitario de la Jurisdicci\u00f3n Sanitaria n\u00famero 4 Costa, realizaron el muestreo prevacacional de verano para constatar la calidad de agua de mar en los 17 puntos georreferenciados, de tres principales destinos tur\u00edsticos de playa.<\/p>\n\n\n\n<p>La dependencia inform\u00f3 que, conforme al Calendario de Muestreo para el Proyecto de Agua de contacto, establecido por la Comisi\u00f3n Federal para la Protecci\u00f3n contra Riesgos Sanitarios (Cofepris) se tomar\u00e1n un total de 102 muestras en las playas de Huatulco, Puerto \u00c1ngel y Puerto Escondido, las cuales ser\u00e1n enviadas al Laboratorio Estatal de Salud P\u00fablica (LESP) de Oaxaca para su procesamiento.<\/p>\n\n\n\n<p>Ello, de acuerdo a los est\u00e1ndares para uso recreativo y niveles permitidos de enterococos, seg\u00fan los lineamientos de la Organizaci\u00f3n Mundial de la Salud (OMS).<\/p>\n\n\n\n<p>Es inter\u00e9s del Gobernador Salom\u00f3n Jara Cruz y de la titular de los SSO, Alma Lilia Velasco Hern\u00e1ndez garantizar el bienestar de la poblaci\u00f3n y visitantes locales, nacionales e internacionales, apoyados por los Comit\u00e9s de Playa Limpia de los municipios de Santa Mar\u00eda Huatulco, San Pedro Pochutla, Santa Mar\u00eda Colotepec y San Pedro Mixtepec.<\/p>\n\n\n\n<p>Esto con la finalidad de prevenir la exposici\u00f3n a contaminaci\u00f3n bacteriana presente en el agua de contacto a la poblaci\u00f3n ba\u00f1ista, estableciendo criterios de riesgo asociados a los niveles de contaminaci\u00f3n.<\/p>\n\n\n\n<p>Y es que gracias al monitoreo que realiza el personal de salud, y de los Comit\u00e9s de Playas Limpias se busca prevenir en las personas locales y turistas que visitan en esta \u00e9poca del a\u00f1o la entidad, enfermedades de las mucosas, de la piel, digestivas, respiratorias, conjuntivitis y dermatitis, entre otras.<\/p>\n\n\n\n<p>SSO exhortan a visitantes que acuden a los principales destinos tur\u00edsticos de playa de la entidad, a no tirar basura, respetar los se\u00f1alamientos cuando la marea sea alta, evitar ingresar al mar en estado alcoh\u00f3lico o inconveniente y cuidar a las personas adultas mayores y menores de edad, para evitar accidentes fatales.<\/p>\n\n\n\n<p>La responsabilidad de la naturaleza y de las playas es de todas y todos, por lo que se debe preservar estos espacios para uso recreativo, que sin duda redunda en beneficio de las y los oaxaque\u00f1os.<br \/>-0-<\/p>\n","protected":false},"excerpt":{"rendered":"<p>\u2022 Se busca garantizar el bienestar de las y los visitantes locales, nacionales e internacionales&#8230;<\/p>\n","protected":false},"author":4,"featured_media":28301,"comment_status":"closed","ping_status":"open","sticky":false,"template":"","format":"standard","meta":{"footnotes":""},"categories":[92],"tags":[],"jetpack_sharing_enabled":true,"featured_image_urls":{"full":["https:\/\/contextoanalisisperiodistico.com\/wp-content\/uploads\/2024\/07\/IMG-20240702-WA0025.jpg",1200,1600,false],"thumbnail":["https:\/\/contextoanalisisperiodistico.com\/wp-content\/uploads\/2024\/07\/IMG-20240702-WA0025-150x150.jpg",150,150,true],"medium":["https:\/\/contextoanalisisperiodistico.com\/wp-content\/uploads\/2024\/07\/IMG-20240702-WA0025-225x300.jpg",225,300,true],"medium_large":["https:\/\/contextoanalisisperiodistico.com\/wp-content\/uploads\/2024\/07\/IMG-20240702-WA0025-768x1024.jpg",640,853,true],"large":["https:\/\/contextoanalisisperiodistico.com\/wp-content\/uploads\/2024\/07\/IMG-20240702-WA0025-768x1024.jpg",640,853,true],"1536x1536":["https:\/\/contextoanalisisperiodistico.com\/wp-content\/uploads\/2024\/07\/IMG-20240702-WA0025-1152x1536.jpg",1152,1536,true],"2048x2048":["https:\/\/contextoanalisisperiodistico.com\/wp-content\/uploads\/2024\/07\/IMG-20240702-WA0025.jpg",1200,1600,false],"covernews-slider-full":["https:\/\/contextoanalisisperiodistico.com\/wp-content\/uploads\/2024\/07\/IMG-20240702-WA0025-1115x715.jpg",1115,715,true],"covernews-slider-center":["https:\/\/contextoanalisisperiodistico.com\/wp-content\/uploads\/2024\/07\/IMG-20240702-WA0025-800x500.jpg",800,500,true],"covernews-featured":["https:\/\/contextoanalisisperiodistico.com\/wp-content\/uploads\/2024\/07\/IMG-20240702-WA0025-1024x1365.jpg",1024,1365,true],"covernews-medium":["https:\/\/contextoanalisisperiodistico.com\/wp-content\/uploads\/2024\/07\/IMG-20240702-WA0025-540x340.jpg",540,340,true],"covernews-medium-square":["https:\/\/contextoanalisisperiodistico.com\/wp-content\/uploads\/2024\/07\/IMG-20240702-WA0025-400x250.jpg",400,250,true]},"author_info":{"display_name":"Mario Gir\u00f3n","author_link":"https:\/\/contextoanalisisperiodistico.com\/index.php\/author\/director\/"},"category_info":"<a href=\"https:\/\/contextoanalisisperiodistico.com\/index.php\/category\/salud\/\" rel=\"category tag\">Salud<\/a>","tag_info":"Salud","comment_count":"0","jetpack_featured_media_url":"https:\/\/contextoanalisisperiodistico.com\/wp-content\/uploads\/2024\/07\/IMG-20240702-WA0025.jpg","_links":{"self":[{"href":"https:\/\/contextoanalisisperiodistico.com\/index.php\/wp-json\/wp\/v2\/posts\/28306"}],"collection":[{"href":"https:\/\/contextoanalisisperiodistico.com\/index.php\/wp-json\/wp\/v2\/posts"}],"about":[{"href":"https:\/\/contextoanalisisperiodistico.com\/index.php\/wp-json\/wp\/v2\/types\/post"}],"author":[{"embeddable":true,"href":"https:\/\/contextoanalisisperiodistico.com\/index.php\/wp-json\/wp\/v2\/users\/4"}],"replies":[{"embeddable":true,"href":"https:\/\/contextoanalisisperiodistico.com\/index.php\/wp-json\/wp\/v2\/comments?post=28306"}],"version-history":[{"count":1,"href":"https:\/\/contextoanalisisperiodistico.com\/index.php\/wp-json\/wp\/v2\/posts\/28306\/revisions"}],"predecessor-version":[{"id":28307,"href":"https:\/\/contextoanalisisperiodistico.com\/index.php\/wp-json\/wp\/v2\/posts\/28306\/revisions\/28307"}],"wp:featuredmedia":[{"embeddable":true,"href":"https:\/\/contextoanalisisperiodistico.com\/index.php\/wp-json\/wp\/v2\/media\/28301"}],"wp:attachment":[{"href":"https:\/\/contextoanalisisperiodistico.com\/index.php\/wp-json\/wp\/v2\/media?parent=28306"}],"wp:term":[{"taxonomy":"category","embeddable":true,"href":"https:\/\/contextoanalisisperiodistico.com\/index.php\/wp-json\/wp\/v2\/categories?post=28306"},{"taxonomy":"post_tag","embeddable":true,"href":"https:\/\/contextoanalisisperiodistico.com\/index.php\/wp-json\/wp\/v2\/tags?post=28306"}],"curies":[{"name":"wp","href":"https:\/\/api.w.org\/{rel}","templated":true}]}}