{"id":28300,"date":"2024-07-01T21:02:09","date_gmt":"2024-07-02T03:02:09","guid":{"rendered":"https:\/\/contextoanalisisperiodistico.com\/index.php\/2024\/07\/01\/oaxaca-esta-de-fiesta-inicia-julio-mes-de-la-guelaguetza-2024\/"},"modified":"2024-07-01T21:02:09","modified_gmt":"2024-07-02T03:02:09","slug":"oaxaca-esta-de-fiesta-inicia-julio-mes-de-la-guelaguetza-2024","status":"publish","type":"post","link":"https:\/\/contextoanalisisperiodistico.com\/index.php\/2024\/07\/01\/oaxaca-esta-de-fiesta-inicia-julio-mes-de-la-guelaguetza-2024\/","title":{"rendered":"\u00a1Oaxaca est\u00e1 de fiesta, inicia Julio, Mes de la Guelaguetza 2024!"},"content":{"rendered":"<div id=\"fb-root\"><\/div>\n\n<p>\u2022 El Gobernador Salom\u00f3n Jara Cruz inaugur\u00f3 oficialmente la edici\u00f3n 92 de la m\u00e1xima fiesta de las y los oaxaque\u00f1os<\/p>\n\n\n\n<figure class=\"wp-block-image size-large\"><img fetchpriority=\"high\" decoding=\"async\" width=\"800\" height=\"365\" src=\"https:\/\/contextoanalisisperiodistico.com\/wp-content\/uploads\/2024\/07\/img-20240701-wa01032217195589120576889.jpg\" alt=\"\" class=\"wp-image-28298\" srcset=\"https:\/\/contextoanalisisperiodistico.com\/wp-content\/uploads\/2024\/07\/img-20240701-wa01032217195589120576889.jpg 800w, https:\/\/contextoanalisisperiodistico.com\/wp-content\/uploads\/2024\/07\/img-20240701-wa01032217195589120576889-300x137.jpg 300w, https:\/\/contextoanalisisperiodistico.com\/wp-content\/uploads\/2024\/07\/img-20240701-wa01032217195589120576889-768x350.jpg 768w\" sizes=\"(max-width: 800px) 100vw, 800px\" \/><\/figure>\n\n\n\n<figure class=\"wp-block-image\"><img decoding=\"async\" width=\"300\" height=\"200\" src=\"https:\/\/contextoanalisisperiodistico.com\/wp-content\/uploads\/2024\/07\/img-20240701-wa01018659200580957224378-300x200.jpg\" alt=\"\" class=\"wp-image-28295\" srcset=\"https:\/\/contextoanalisisperiodistico.com\/wp-content\/uploads\/2024\/07\/img-20240701-wa01018659200580957224378-300x200.jpg 300w, https:\/\/contextoanalisisperiodistico.com\/wp-content\/uploads\/2024\/07\/img-20240701-wa01018659200580957224378-768x512.jpg 768w, https:\/\/contextoanalisisperiodistico.com\/wp-content\/uploads\/2024\/07\/img-20240701-wa01018659200580957224378.jpg 800w\" sizes=\"(max-width: 300px) 100vw, 300px\" \/><\/figure>\n\n\n\n<figure class=\"wp-block-image\"><img decoding=\"async\" width=\"300\" height=\"200\" src=\"https:\/\/contextoanalisisperiodistico.com\/wp-content\/uploads\/2024\/07\/img-20240701-wa01044597079738056167927-300x200.jpg\" alt=\"\" class=\"wp-image-28299\" srcset=\"https:\/\/contextoanalisisperiodistico.com\/wp-content\/uploads\/2024\/07\/img-20240701-wa01044597079738056167927-300x200.jpg 300w, https:\/\/contextoanalisisperiodistico.com\/wp-content\/uploads\/2024\/07\/img-20240701-wa01044597079738056167927-768x512.jpg 768w, https:\/\/contextoanalisisperiodistico.com\/wp-content\/uploads\/2024\/07\/img-20240701-wa01044597079738056167927.jpg 900w\" sizes=\"(max-width: 300px) 100vw, 300px\" \/><\/figure>\n\n\n\n<figure class=\"wp-block-image\"><img loading=\"lazy\" decoding=\"async\" width=\"300\" height=\"200\" src=\"https:\/\/contextoanalisisperiodistico.com\/wp-content\/uploads\/2024\/07\/img-20240701-wa01079092066779254500380-300x200.jpg\" alt=\"\" class=\"wp-image-28296\" srcset=\"https:\/\/contextoanalisisperiodistico.com\/wp-content\/uploads\/2024\/07\/img-20240701-wa01079092066779254500380-300x200.jpg 300w, https:\/\/contextoanalisisperiodistico.com\/wp-content\/uploads\/2024\/07\/img-20240701-wa01079092066779254500380-768x512.jpg 768w, https:\/\/contextoanalisisperiodistico.com\/wp-content\/uploads\/2024\/07\/img-20240701-wa01079092066779254500380.jpg 800w\" sizes=\"(max-width: 300px) 100vw, 300px\" \/><\/figure>\n\n\n\n<figure class=\"wp-block-image\"><img loading=\"lazy\" decoding=\"async\" width=\"300\" height=\"200\" src=\"https:\/\/contextoanalisisperiodistico.com\/wp-content\/uploads\/2024\/07\/img-20240701-wa01026477645304082867179-300x200.jpg\" alt=\"\" class=\"wp-image-28297\" srcset=\"https:\/\/contextoanalisisperiodistico.com\/wp-content\/uploads\/2024\/07\/img-20240701-wa01026477645304082867179-300x200.jpg 300w, https:\/\/contextoanalisisperiodistico.com\/wp-content\/uploads\/2024\/07\/img-20240701-wa01026477645304082867179-768x512.jpg 768w, https:\/\/contextoanalisisperiodistico.com\/wp-content\/uploads\/2024\/07\/img-20240701-wa01026477645304082867179.jpg 800w\" sizes=\"(max-width: 300px) 100vw, 300px\" \/><\/figure>\n\n\n\n<p>Oaxaca de Ju\u00e1rez, Oax. 1 de julio de 2024.- Con el sonido de la chirim\u00eda y cobijado por representantes de las 16 etnias y el pueblo afromexicano, el Gobernador Salom\u00f3n Jara Cruz, inaugur\u00f3 las fiestas de Julio, Mes de la Guelaguetza, que conjuga lo m\u00e1s representativo de las tradiciones y ra\u00edces que han hecho de Oaxaca el coraz\u00f3n cultural de M\u00e9xico.<\/p>\n\n\n\n<p>Desde la Plaza de la Danza, lugar emblem\u00e1tico de la ciudad de Oaxaca de Ju\u00e1rez y acompa\u00f1ado por la Presidenta Honoraria del Sistema para el Desarrollo Integral de la Familia (DIF), Irma Bola\u00f1os Quijano, el Mandatario estatal expres\u00f3 que, en este mes, los ojos del mundo se posar\u00e1n en Oaxaca para constatar una vez m\u00e1s el legado cultural que ha perdurado a trav\u00e9s del tiempo.<\/p>\n\n\n\n<p>\u201cHoy Oaxaca abre sus puertas y su hospitalidad a nuestros visitantes. Es la fiesta de fraternidad, pero sobre todo, de nuestra identidad, una fiesta que pone a Oaxaca en la mirada de todo el mundo\u201d, afirm\u00f3.<\/p>\n\n\n\n<p>Jara Cruz destac\u00f3 que desde el primer a\u00f1o del Gobierno de la Primavera oaxaque\u00f1a se ha hecho un gran esfuerzo para organizar esta celebraci\u00f3n bajo los principios de inclusi\u00f3n, interculturalidad, diversidad y justicia, y devolverle su esp\u00edritu comunitario. \u201cDejamos atr\u00e1s a\u00f1os de exclusi\u00f3n, en la que siempre dise\u00f1aron mecanismos de selecci\u00f3n incongruentes con la grandeza multicultural y diversidad oaxaque\u00f1a\u201d, dijo.<\/p>\n\n\n\n<p>De esta manera, reconoci\u00f3 la presencia de la representante de la Diosa Cent\u00e9otl 2024, la deidad del ma\u00edz, Juana Hern\u00e1ndez L\u00f3pez, as\u00ed como de las delegaciones que participar\u00e1n en los Lunes del Cerro este 22 y 29 de julio, en la Rotonda de la Azucena, y que dar\u00e1n luz y regocijo a esta festividad.<\/p>\n\n\n\n<p>Ante las personas que se dieron cita en este lugar, Jara Cruz convoc\u00f3 a participar en esta expresi\u00f3n de fraternidad y disfrutar de las m\u00e1s de 100 actividades que se desarrollar\u00e1n en diferentes escenarios para mostrar la grandeza de Oaxaca. \u201c\u00a1Vivamos estas fiestas en su m\u00e1ximo esplendor, celebremos, hermanas y hermanos, en nuestras ocho regiones estas fiestas de todas y todos!\u201d<\/p>\n\n\n\n<p>En esta inauguraci\u00f3n, se cont\u00f3 con la presencia del ganador del Primer Concurso de Composici\u00f3n de la Canci\u00f3n Oaxaque\u00f1a \u201cCanto de mi Tierra\u201d, Ricardo Amadeus Morquecho Toledo, quien interpret\u00f3 \u201cOaxaque\u00f1o Soy\u201d, as\u00ed como la intervenci\u00f3n musical de la Banda de M\u00fasica del Estado, que acompa\u00f1\u00f3 a la cantante oaxaque\u00f1a Jacinta Fuentes.<\/p>\n\n\n\n<p>Cabe recordar, que durante este mes, se llevar\u00e1n a cabo diversas ferias artesanales, actividades deportivas y eventos culturales, en el marco de la m\u00e1xima fiesta de las y los oaxaque\u00f1os.<\/p>\n\n\n\n<p>-0-<\/p>\n","protected":false},"excerpt":{"rendered":"<p>\u2022 El Gobernador Salom\u00f3n Jara Cruz inaugur\u00f3 oficialmente la edici\u00f3n 92 de la m\u00e1xima fiesta&#8230;<\/p>\n","protected":false},"author":4,"featured_media":28294,"comment_status":"","ping_status":"open","sticky":false,"template":"","format":"standard","meta":{"footnotes":""},"categories":[9],"tags":[],"jetpack_sharing_enabled":true,"featured_image_urls":{"full":["https:\/\/contextoanalisisperiodistico.com\/wp-content\/uploads\/2024\/07\/IMG-20240701-WA0106.jpg",800,533,false],"thumbnail":["https:\/\/contextoanalisisperiodistico.com\/wp-content\/uploads\/2024\/07\/IMG-20240701-WA0106-150x150.jpg",150,150,true],"medium":["https:\/\/contextoanalisisperiodistico.com\/wp-content\/uploads\/2024\/07\/IMG-20240701-WA0106-300x200.jpg",300,200,true],"medium_large":["https:\/\/contextoanalisisperiodistico.com\/wp-content\/uploads\/2024\/07\/IMG-20240701-WA0106-768x512.jpg",640,427,true],"large":["https:\/\/contextoanalisisperiodistico.com\/wp-content\/uploads\/2024\/07\/IMG-20240701-WA0106.jpg",640,426,false],"1536x1536":["https:\/\/contextoanalisisperiodistico.com\/wp-content\/uploads\/2024\/07\/IMG-20240701-WA0106.jpg",800,533,false],"2048x2048":["https:\/\/contextoanalisisperiodistico.com\/wp-content\/uploads\/2024\/07\/IMG-20240701-WA0106.jpg",800,533,false],"covernews-slider-full":["https:\/\/contextoanalisisperiodistico.com\/wp-content\/uploads\/2024\/07\/IMG-20240701-WA0106.jpg",800,533,false],"covernews-slider-center":["https:\/\/contextoanalisisperiodistico.com\/wp-content\/uploads\/2024\/07\/IMG-20240701-WA0106-800x500.jpg",800,500,true],"covernews-featured":["https:\/\/contextoanalisisperiodistico.com\/wp-content\/uploads\/2024\/07\/IMG-20240701-WA0106.jpg",800,533,false],"covernews-medium":["https:\/\/contextoanalisisperiodistico.com\/wp-content\/uploads\/2024\/07\/IMG-20240701-WA0106-540x340.jpg",540,340,true],"covernews-medium-square":["https:\/\/contextoanalisisperiodistico.com\/wp-content\/uploads\/2024\/07\/IMG-20240701-WA0106-400x250.jpg",400,250,true]},"author_info":{"display_name":"Mario Gir\u00f3n","author_link":"https:\/\/contextoanalisisperiodistico.com\/index.php\/author\/director\/"},"category_info":"<a href=\"https:\/\/contextoanalisisperiodistico.com\/index.php\/category\/politica\/\" rel=\"category tag\">Pol\u00edtica<\/a>","tag_info":"Pol\u00edtica","comment_count":"0","jetpack_featured_media_url":"https:\/\/contextoanalisisperiodistico.com\/wp-content\/uploads\/2024\/07\/IMG-20240701-WA0106.jpg","_links":{"self":[{"href":"https:\/\/contextoanalisisperiodistico.com\/index.php\/wp-json\/wp\/v2\/posts\/28300"}],"collection":[{"href":"https:\/\/contextoanalisisperiodistico.com\/index.php\/wp-json\/wp\/v2\/posts"}],"about":[{"href":"https:\/\/contextoanalisisperiodistico.com\/index.php\/wp-json\/wp\/v2\/types\/post"}],"author":[{"embeddable":true,"href":"https:\/\/contextoanalisisperiodistico.com\/index.php\/wp-json\/wp\/v2\/users\/4"}],"replies":[{"embeddable":true,"href":"https:\/\/contextoanalisisperiodistico.com\/index.php\/wp-json\/wp\/v2\/comments?post=28300"}],"version-history":[{"count":0,"href":"https:\/\/contextoanalisisperiodistico.com\/index.php\/wp-json\/wp\/v2\/posts\/28300\/revisions"}],"wp:featuredmedia":[{"embeddable":true,"href":"https:\/\/contextoanalisisperiodistico.com\/index.php\/wp-json\/wp\/v2\/media\/28294"}],"wp:attachment":[{"href":"https:\/\/contextoanalisisperiodistico.com\/index.php\/wp-json\/wp\/v2\/media?parent=28300"}],"wp:term":[{"taxonomy":"category","embeddable":true,"href":"https:\/\/contextoanalisisperiodistico.com\/index.php\/wp-json\/wp\/v2\/categories?post=28300"},{"taxonomy":"post_tag","embeddable":true,"href":"https:\/\/contextoanalisisperiodistico.com\/index.php\/wp-json\/wp\/v2\/tags?post=28300"}],"curies":[{"name":"wp","href":"https:\/\/api.w.org\/{rel}","templated":true}]}}