{"id":28293,"date":"2024-07-01T16:36:52","date_gmt":"2024-07-01T22:36:52","guid":{"rendered":"https:\/\/contextoanalisisperiodistico.com\/index.php\/2024\/07\/01\/sspc-pone-en-marcha-el-operativo-guelaguetza-segura-2024\/"},"modified":"2024-07-01T16:36:52","modified_gmt":"2024-07-01T22:36:52","slug":"sspc-pone-en-marcha-el-operativo-guelaguetza-segura-2024","status":"publish","type":"post","link":"https:\/\/contextoanalisisperiodistico.com\/index.php\/2024\/07\/01\/sspc-pone-en-marcha-el-operativo-guelaguetza-segura-2024\/","title":{"rendered":"SSPC pone en marcha el operativo Guelaguetza Segura 2024"},"content":{"rendered":"<div id=\"fb-root\"><\/div>\n\n<p>\u2022 La dependencia participar\u00e1 con el despliegue de 177 veh\u00edculos y mil 385 elementos que llevar\u00e1n a cabo la vigilancia fija, semifija y en zonas con mayor afluencia de personas<\/p>\n\n\n\n<figure class=\"wp-block-image size-large\"><img fetchpriority=\"high\" decoding=\"async\" width=\"1024\" height=\"683\" src=\"https:\/\/contextoanalisisperiodistico.com\/wp-content\/uploads\/2024\/07\/img-20240701-wa00748593921385728438902-1024x683.jpg\" alt=\"\" class=\"wp-image-28291\" srcset=\"https:\/\/contextoanalisisperiodistico.com\/wp-content\/uploads\/2024\/07\/img-20240701-wa00748593921385728438902-1024x683.jpg 1024w, https:\/\/contextoanalisisperiodistico.com\/wp-content\/uploads\/2024\/07\/img-20240701-wa00748593921385728438902-300x200.jpg 300w, https:\/\/contextoanalisisperiodistico.com\/wp-content\/uploads\/2024\/07\/img-20240701-wa00748593921385728438902-768x512.jpg 768w, https:\/\/contextoanalisisperiodistico.com\/wp-content\/uploads\/2024\/07\/img-20240701-wa00748593921385728438902.jpg 1079w\" sizes=\"(max-width: 1024px) 100vw, 1024px\" \/><\/figure>\n\n\n\n<figure class=\"wp-block-image\"><img decoding=\"async\" width=\"1024\" height=\"682\" src=\"https:\/\/contextoanalisisperiodistico.com\/wp-content\/uploads\/2024\/07\/img-20240701-wa0075522996946500823197-1024x682.jpg\" alt=\"\" class=\"wp-image-28292\" srcset=\"https:\/\/contextoanalisisperiodistico.com\/wp-content\/uploads\/2024\/07\/img-20240701-wa0075522996946500823197-1024x682.jpg 1024w, https:\/\/contextoanalisisperiodistico.com\/wp-content\/uploads\/2024\/07\/img-20240701-wa0075522996946500823197-300x200.jpg 300w, https:\/\/contextoanalisisperiodistico.com\/wp-content\/uploads\/2024\/07\/img-20240701-wa0075522996946500823197-768x512.jpg 768w, https:\/\/contextoanalisisperiodistico.com\/wp-content\/uploads\/2024\/07\/img-20240701-wa0075522996946500823197.jpg 1280w\" sizes=\"(max-width: 1024px) 100vw, 1024px\" \/><\/figure>\n\n\n\n<p>Oaxaca de Ju\u00e1rez, Oax., 1 de julio de 2024. Con la finalidad de que personas locales y visitantes disfruten de la m\u00e1xima fiesta de las y los oaxaque\u00f1os en un ambiente festivo y tranquilo, el Gobierno del Estado a trav\u00e9s de la Secretar\u00eda de Seguridad y Protecci\u00f3n Ciudadana (SSPC) puso en marcha el operativo Guelaguetza Segura 2024.<\/p>\n\n\n\n<p>La dependencia al mando de Iv\u00e1n Garc\u00eda \u00c1lvarez coordinar\u00e1 esfuerzos con instituciones de los tres \u00f3rdenes de gobierno para brindar cobertura a las actividades que se desarrollar\u00e1n en las ocho regiones de la entidad, puntualizando acciones en torno a la celebraci\u00f3n del Lunes del Cerro y su Octava, a celebrarse los pr\u00f3ximos 22 y 29 de julio.<\/p>\n\n\n\n<p>La Secretar\u00eda participar\u00e1 con el despliegue de 177 veh\u00edculos y mil 385 elementos de la Polic\u00eda Estatal y la Polic\u00eda Vial Estatal; as\u00ed como de la Polic\u00eda Auxiliar, Bancaria, Industrial y Comercial (PABIC) y del Heroico Cuerpo de Bomberos de Oaxaca (HCBO) quienes llevar\u00e1n a cabo vigilancia fija, semifija y en zonas con mayor afluencia de personas.<\/p>\n\n\n\n<p>Se contempla acompa\u00f1amiento vial, de seguridad y auxilio durante las actividades programadas desde este 1 de julio, tales como ocho dispositivos de seguridad en convites y seguimiento a 22 eventos principales.<\/p>\n\n\n\n<p>El Centro de Control, Comando y Comunicaci\u00f3n (C4) a trav\u00e9s del sistema de videovigilancia y los servicios de Emergencias 9-1-1 y Denuncia An\u00f3nima 089, mantendr\u00e1n su operaci\u00f3n permanente para asegurar una respuesta r\u00e1pida y efectiva ante cualquier eventualidad.<\/p>\n\n\n\n<p>De esta manera, el Gobierno que encabeza Salom\u00f3n Jara Cruz, trabaja para garantizar un clima de paz y tranquilidad durante las fiestas de la Guelaguetza 2024.<\/p>\n\n\n\n<p>-0-<\/p>\n","protected":false},"excerpt":{"rendered":"<p>\u2022 La dependencia participar\u00e1 con el despliegue de 177 veh\u00edculos y mil 385 elementos que&#8230;<\/p>\n","protected":false},"author":4,"featured_media":28290,"comment_status":"","ping_status":"open","sticky":false,"template":"","format":"standard","meta":{"footnotes":""},"categories":[9],"tags":[],"jetpack_sharing_enabled":true,"featured_image_urls":{"full":["https:\/\/contextoanalisisperiodistico.com\/wp-content\/uploads\/2024\/07\/IMG-20240701-WA0075.jpg",1280,853,false],"thumbnail":["https:\/\/contextoanalisisperiodistico.com\/wp-content\/uploads\/2024\/07\/IMG-20240701-WA0075-150x150.jpg",150,150,true],"medium":["https:\/\/contextoanalisisperiodistico.com\/wp-content\/uploads\/2024\/07\/IMG-20240701-WA0075-300x200.jpg",300,200,true],"medium_large":["https:\/\/contextoanalisisperiodistico.com\/wp-content\/uploads\/2024\/07\/IMG-20240701-WA0075-768x512.jpg",640,427,true],"large":["https:\/\/contextoanalisisperiodistico.com\/wp-content\/uploads\/2024\/07\/IMG-20240701-WA0075-1024x682.jpg",640,426,true],"1536x1536":["https:\/\/contextoanalisisperiodistico.com\/wp-content\/uploads\/2024\/07\/IMG-20240701-WA0075.jpg",1280,853,false],"2048x2048":["https:\/\/contextoanalisisperiodistico.com\/wp-content\/uploads\/2024\/07\/IMG-20240701-WA0075.jpg",1280,853,false],"covernews-slider-full":["https:\/\/contextoanalisisperiodistico.com\/wp-content\/uploads\/2024\/07\/IMG-20240701-WA0075-1115x715.jpg",1115,715,true],"covernews-slider-center":["https:\/\/contextoanalisisperiodistico.com\/wp-content\/uploads\/2024\/07\/IMG-20240701-WA0075-800x500.jpg",800,500,true],"covernews-featured":["https:\/\/contextoanalisisperiodistico.com\/wp-content\/uploads\/2024\/07\/IMG-20240701-WA0075-1024x682.jpg",1024,682,true],"covernews-medium":["https:\/\/contextoanalisisperiodistico.com\/wp-content\/uploads\/2024\/07\/IMG-20240701-WA0075-540x340.jpg",540,340,true],"covernews-medium-square":["https:\/\/contextoanalisisperiodistico.com\/wp-content\/uploads\/2024\/07\/IMG-20240701-WA0075-400x250.jpg",400,250,true]},"author_info":{"display_name":"Mario Gir\u00f3n","author_link":"https:\/\/contextoanalisisperiodistico.com\/index.php\/author\/director\/"},"category_info":"<a href=\"https:\/\/contextoanalisisperiodistico.com\/index.php\/category\/politica\/\" rel=\"category tag\">Pol\u00edtica<\/a>","tag_info":"Pol\u00edtica","comment_count":"0","jetpack_featured_media_url":"https:\/\/contextoanalisisperiodistico.com\/wp-content\/uploads\/2024\/07\/IMG-20240701-WA0075.jpg","_links":{"self":[{"href":"https:\/\/contextoanalisisperiodistico.com\/index.php\/wp-json\/wp\/v2\/posts\/28293"}],"collection":[{"href":"https:\/\/contextoanalisisperiodistico.com\/index.php\/wp-json\/wp\/v2\/posts"}],"about":[{"href":"https:\/\/contextoanalisisperiodistico.com\/index.php\/wp-json\/wp\/v2\/types\/post"}],"author":[{"embeddable":true,"href":"https:\/\/contextoanalisisperiodistico.com\/index.php\/wp-json\/wp\/v2\/users\/4"}],"replies":[{"embeddable":true,"href":"https:\/\/contextoanalisisperiodistico.com\/index.php\/wp-json\/wp\/v2\/comments?post=28293"}],"version-history":[{"count":0,"href":"https:\/\/contextoanalisisperiodistico.com\/index.php\/wp-json\/wp\/v2\/posts\/28293\/revisions"}],"wp:featuredmedia":[{"embeddable":true,"href":"https:\/\/contextoanalisisperiodistico.com\/index.php\/wp-json\/wp\/v2\/media\/28290"}],"wp:attachment":[{"href":"https:\/\/contextoanalisisperiodistico.com\/index.php\/wp-json\/wp\/v2\/media?parent=28293"}],"wp:term":[{"taxonomy":"category","embeddable":true,"href":"https:\/\/contextoanalisisperiodistico.com\/index.php\/wp-json\/wp\/v2\/categories?post=28293"},{"taxonomy":"post_tag","embeddable":true,"href":"https:\/\/contextoanalisisperiodistico.com\/index.php\/wp-json\/wp\/v2\/tags?post=28293"}],"curies":[{"name":"wp","href":"https:\/\/api.w.org\/{rel}","templated":true}]}}