{"id":28059,"date":"2024-06-26T18:58:30","date_gmt":"2024-06-27T00:58:30","guid":{"rendered":"https:\/\/contextoanalisisperiodistico.com\/index.php\/2024\/06\/26\/fomenta-sso-acciones-preventivas-contra-el-dengue\/"},"modified":"2024-06-26T18:58:30","modified_gmt":"2024-06-27T00:58:30","slug":"fomenta-sso-acciones-preventivas-contra-el-dengue","status":"publish","type":"post","link":"https:\/\/contextoanalisisperiodistico.com\/index.php\/2024\/06\/26\/fomenta-sso-acciones-preventivas-contra-el-dengue\/","title":{"rendered":"Fomenta SSO acciones preventivas contra el dengue"},"content":{"rendered":"<div id=\"fb-root\"><\/div>\n\n<p>\u2022 Enfatizan la estrategia del Plan Emergente Oaxaca Unida Contra el Dengue en Oaxaca de Ju\u00e1rez, Santa Cruz Xoxocotl\u00e1n y Santa Luc\u00eda del Camino<\/p>\n\n\n\n<figure class=\"wp-block-image size-large\"><img fetchpriority=\"high\" decoding=\"async\" width=\"539\" height=\"900\" src=\"https:\/\/contextoanalisisperiodistico.com\/wp-content\/uploads\/2024\/06\/img-20240626-wa01183166550488452709287.jpg\" alt=\"\" class=\"wp-image-28057\" srcset=\"https:\/\/contextoanalisisperiodistico.com\/wp-content\/uploads\/2024\/06\/img-20240626-wa01183166550488452709287.jpg 539w, https:\/\/contextoanalisisperiodistico.com\/wp-content\/uploads\/2024\/06\/img-20240626-wa01183166550488452709287-180x300.jpg 180w\" sizes=\"(max-width: 539px) 100vw, 539px\" \/><\/figure>\n\n\n\n<figure class=\"wp-block-image\"><img decoding=\"async\" width=\"300\" height=\"225\" src=\"https:\/\/contextoanalisisperiodistico.com\/wp-content\/uploads\/2024\/06\/img-20240626-wa01164811983607892720322-300x225.jpg\" alt=\"\" class=\"wp-image-28058\" srcset=\"https:\/\/contextoanalisisperiodistico.com\/wp-content\/uploads\/2024\/06\/img-20240626-wa01164811983607892720322-300x225.jpg 300w, https:\/\/contextoanalisisperiodistico.com\/wp-content\/uploads\/2024\/06\/img-20240626-wa01164811983607892720322-768x576.jpg 768w, https:\/\/contextoanalisisperiodistico.com\/wp-content\/uploads\/2024\/06\/img-20240626-wa01164811983607892720322.jpg 900w\" sizes=\"(max-width: 300px) 100vw, 300px\" \/><\/figure>\n\n\n\n<p>\u2022 Se reportan 236 casos nuevos de dengue; 148 pertenecen al sexo femenino y 88 al masculino<\/p>\n\n\n\n<p>Oaxaca de Ju\u00e1rez, Oax. 26 de junio de 2024.- Durante el informe semanal dengue, Servicios de Salud de Oaxaca (SSO) a trav\u00e9s de la vocera oficial en el tema Mayliz Esparza Castellanos, dio a conocer que, esta semana, m\u00e1s de 800 personas voluntarias acercan a la poblaci\u00f3n informaci\u00f3n relevante para prevenir la enfermedad transmitida por el mosquito Aedes aegypti.<\/p>\n\n\n\n<p>Lo anterior, como parte de las acciones de control larvario del Plan Emergente Oaxaca Unida Contra el Dengue, realizadas en los municipios de Oaxaca de Ju\u00e1rez, Santa Cruz Xoxocotl\u00e1n y Santa Luc\u00eda del Camino, por su alta incidencia en casos.<\/p>\n\n\n\n<p>Esparza Castellanos se\u00f1al\u00f3 que en las \u00faltimas 24 horas se notific\u00f3 un 40 por ciento de ocupaci\u00f3n hospitalaria, con 36 pacientes, de los cuales seis presentan dengue grave. Asimismo, en la semana epidemiol\u00f3gica n\u00famero 25, se registraron 236 casos nuevos de la enfermedad, 148 del sexo femenino y 88 del masculino, que suman un total de 799 confirmados acumulados, sin reporte de defunciones.<\/p>\n\n\n\n<p>De acuerdo con su clasificaci\u00f3n: 309 corresponden a Dengue No Grave; 445 a Dengue Con Signos de Alarma y 45 a Dengue Grave.<\/p>\n\n\n\n<p>Por Jurisdicci\u00f3n Sanitaria, Valles Centrales acumula 648 casos; Costa 97; Istmo 21; Tuxtepec 13; Mixteca 10 e igual n\u00famero en la Sierra.<\/p>\n\n\n\n<p>Los municipios con mayor n\u00famero de casos confirmados durante esta semana son: Oaxaca de Ju\u00e1rez con 85 reportes; Santa Cruz Xoxocotl\u00e1n con 39; Villa de Zaachila con 11; Santa Mar\u00eda Atzompa con 10 y San Agust\u00edn de las Juntas con nueve.<\/p>\n\n\n\n<p>La vocera oficial enfatiz\u00f3 que para combatir el dengue es necesaria la participaci\u00f3n ciudadana en la limpieza de los hogares, con el cuidado del agua, al tapar los recipientes o lavar todos aquellos que acumulen el vital l\u00edquido y eliminar los que ya no se utilizan.<br \/>-0-<\/p>\n","protected":false},"excerpt":{"rendered":"<p>\u2022 Enfatizan la estrategia del Plan Emergente Oaxaca Unida Contra el Dengue en Oaxaca de&#8230;<\/p>\n","protected":false},"author":4,"featured_media":28056,"comment_status":"","ping_status":"open","sticky":false,"template":"","format":"standard","meta":{"footnotes":""},"categories":[92],"tags":[],"jetpack_sharing_enabled":true,"featured_image_urls":{"full":["https:\/\/contextoanalisisperiodistico.com\/wp-content\/uploads\/2024\/06\/IMG-20240626-WA0117.jpg",543,384,false],"thumbnail":["https:\/\/contextoanalisisperiodistico.com\/wp-content\/uploads\/2024\/06\/IMG-20240626-WA0117-150x150.jpg",150,150,true],"medium":["https:\/\/contextoanalisisperiodistico.com\/wp-content\/uploads\/2024\/06\/IMG-20240626-WA0117-300x212.jpg",300,212,true],"medium_large":["https:\/\/contextoanalisisperiodistico.com\/wp-content\/uploads\/2024\/06\/IMG-20240626-WA0117.jpg",543,384,false],"large":["https:\/\/contextoanalisisperiodistico.com\/wp-content\/uploads\/2024\/06\/IMG-20240626-WA0117.jpg",543,384,false],"1536x1536":["https:\/\/contextoanalisisperiodistico.com\/wp-content\/uploads\/2024\/06\/IMG-20240626-WA0117.jpg",543,384,false],"2048x2048":["https:\/\/contextoanalisisperiodistico.com\/wp-content\/uploads\/2024\/06\/IMG-20240626-WA0117.jpg",543,384,false],"covernews-slider-full":["https:\/\/contextoanalisisperiodistico.com\/wp-content\/uploads\/2024\/06\/IMG-20240626-WA0117.jpg",543,384,false],"covernews-slider-center":["https:\/\/contextoanalisisperiodistico.com\/wp-content\/uploads\/2024\/06\/IMG-20240626-WA0117.jpg",543,384,false],"covernews-featured":["https:\/\/contextoanalisisperiodistico.com\/wp-content\/uploads\/2024\/06\/IMG-20240626-WA0117.jpg",543,384,false],"covernews-medium":["https:\/\/contextoanalisisperiodistico.com\/wp-content\/uploads\/2024\/06\/IMG-20240626-WA0117-540x340.jpg",540,340,true],"covernews-medium-square":["https:\/\/contextoanalisisperiodistico.com\/wp-content\/uploads\/2024\/06\/IMG-20240626-WA0117-400x250.jpg",400,250,true]},"author_info":{"display_name":"Mario Gir\u00f3n","author_link":"https:\/\/contextoanalisisperiodistico.com\/index.php\/author\/director\/"},"category_info":"<a href=\"https:\/\/contextoanalisisperiodistico.com\/index.php\/category\/salud\/\" rel=\"category tag\">Salud<\/a>","tag_info":"Salud","comment_count":"0","jetpack_featured_media_url":"https:\/\/contextoanalisisperiodistico.com\/wp-content\/uploads\/2024\/06\/IMG-20240626-WA0117.jpg","_links":{"self":[{"href":"https:\/\/contextoanalisisperiodistico.com\/index.php\/wp-json\/wp\/v2\/posts\/28059"}],"collection":[{"href":"https:\/\/contextoanalisisperiodistico.com\/index.php\/wp-json\/wp\/v2\/posts"}],"about":[{"href":"https:\/\/contextoanalisisperiodistico.com\/index.php\/wp-json\/wp\/v2\/types\/post"}],"author":[{"embeddable":true,"href":"https:\/\/contextoanalisisperiodistico.com\/index.php\/wp-json\/wp\/v2\/users\/4"}],"replies":[{"embeddable":true,"href":"https:\/\/contextoanalisisperiodistico.com\/index.php\/wp-json\/wp\/v2\/comments?post=28059"}],"version-history":[{"count":0,"href":"https:\/\/contextoanalisisperiodistico.com\/index.php\/wp-json\/wp\/v2\/posts\/28059\/revisions"}],"wp:featuredmedia":[{"embeddable":true,"href":"https:\/\/contextoanalisisperiodistico.com\/index.php\/wp-json\/wp\/v2\/media\/28056"}],"wp:attachment":[{"href":"https:\/\/contextoanalisisperiodistico.com\/index.php\/wp-json\/wp\/v2\/media?parent=28059"}],"wp:term":[{"taxonomy":"category","embeddable":true,"href":"https:\/\/contextoanalisisperiodistico.com\/index.php\/wp-json\/wp\/v2\/categories?post=28059"},{"taxonomy":"post_tag","embeddable":true,"href":"https:\/\/contextoanalisisperiodistico.com\/index.php\/wp-json\/wp\/v2\/tags?post=28059"}],"curies":[{"name":"wp","href":"https:\/\/api.w.org\/{rel}","templated":true}]}}