{"id":28050,"date":"2024-06-26T18:41:48","date_gmt":"2024-06-27T00:41:48","guid":{"rendered":"https:\/\/contextoanalisisperiodistico.com\/index.php\/2024\/06\/26\/este-viernes-la-gran-final-del-primer-concurso-de-la-composicion-de-la-cancion-oaxaquena-canto-de-mi-tierra\/"},"modified":"2024-06-26T18:42:55","modified_gmt":"2024-06-27T00:42:55","slug":"este-viernes-la-gran-final-del-primer-concurso-de-la-composicion-de-la-cancion-oaxaquena-canto-de-mi-tierra","status":"publish","type":"post","link":"https:\/\/contextoanalisisperiodistico.com\/index.php\/2024\/06\/26\/este-viernes-la-gran-final-del-primer-concurso-de-la-composicion-de-la-cancion-oaxaquena-canto-de-mi-tierra\/","title":{"rendered":"La gran final del Primer Concurso de la Composici\u00f3n Oaxaque\u00f1a \u201cCanto de mi tierra\u201d"},"content":{"rendered":"<div id=\"fb-root\"><\/div>\n\n<p>\u25cf Quienes resultaron ganadores en las fases regionales se presentar\u00e1n este viernes en la Alameda de Le\u00f3n, a las 18:00 horas<\/p>\n\n\n\n<figure class=\"wp-block-image size-large\"><img fetchpriority=\"high\" decoding=\"async\" width=\"1024\" height=\"682\" src=\"https:\/\/contextoanalisisperiodistico.com\/wp-content\/uploads\/2024\/06\/img-20240626-wa0108284880402181685876-1024x682.jpg\" alt=\"\" class=\"wp-image-28048\" srcset=\"https:\/\/contextoanalisisperiodistico.com\/wp-content\/uploads\/2024\/06\/img-20240626-wa0108284880402181685876-1024x682.jpg 1024w, https:\/\/contextoanalisisperiodistico.com\/wp-content\/uploads\/2024\/06\/img-20240626-wa0108284880402181685876-300x200.jpg 300w, https:\/\/contextoanalisisperiodistico.com\/wp-content\/uploads\/2024\/06\/img-20240626-wa0108284880402181685876-768x512.jpg 768w, https:\/\/contextoanalisisperiodistico.com\/wp-content\/uploads\/2024\/06\/img-20240626-wa0108284880402181685876-1536x1023.jpg 1536w, https:\/\/contextoanalisisperiodistico.com\/wp-content\/uploads\/2024\/06\/img-20240626-wa0108284880402181685876.jpg 1600w\" sizes=\"(max-width: 1024px) 100vw, 1024px\" \/><\/figure>\n\n\n\n<figure class=\"wp-block-image\"><img decoding=\"async\" width=\"1024\" height=\"682\" src=\"https:\/\/contextoanalisisperiodistico.com\/wp-content\/uploads\/2024\/06\/img-20240626-wa01078100972402811109831-1024x682.jpg\" alt=\"\" class=\"wp-image-28049\" srcset=\"https:\/\/contextoanalisisperiodistico.com\/wp-content\/uploads\/2024\/06\/img-20240626-wa01078100972402811109831-1024x682.jpg 1024w, https:\/\/contextoanalisisperiodistico.com\/wp-content\/uploads\/2024\/06\/img-20240626-wa01078100972402811109831-300x200.jpg 300w, https:\/\/contextoanalisisperiodistico.com\/wp-content\/uploads\/2024\/06\/img-20240626-wa01078100972402811109831-768x512.jpg 768w, https:\/\/contextoanalisisperiodistico.com\/wp-content\/uploads\/2024\/06\/img-20240626-wa01078100972402811109831-1536x1023.jpg 1536w, https:\/\/contextoanalisisperiodistico.com\/wp-content\/uploads\/2024\/06\/img-20240626-wa01078100972402811109831.jpg 1600w\" sizes=\"(max-width: 1024px) 100vw, 1024px\" \/><\/figure>\n\n\n\n<p>Oaxaca de Ju\u00e1rez, Oax. 26 de junio de 2024. El Gobierno del Estado a trav\u00e9s de la Secretar\u00eda de las Culturas y Artes realizar\u00e1 este viernes 28 de junio, la etapa estatal del Primer Concurso de la Composici\u00f3n de la Canci\u00f3n Oaxaque\u00f1a \u201cCanto de mi tierra\u201d<\/p>\n\n\n\n<p>El titular de la dependencia, V\u00edctor Cata, inform\u00f3 que en este encuentro que se desarrollar\u00e1 en la Alameda de Le\u00f3n a partir de las 18:00 horas, entre las y los finalistas de las fases regionales, se definir\u00e1 a la persona ganadora.<\/p>\n\n\n\n<p>\u201cAl igual que en las etapas regionales, la etapa estatal se llevar\u00e1 a cabo en un espacio p\u00fablico a fin de dar a conocer entre el p\u00fablico asistente las expresiones musicales del estado\u201d, agreg\u00f3 al tiempo de destacar que este certamen estuvo dirigido a las y los compositores oaxaque\u00f1os, mayores de 18 a\u00f1os, pertenecientes a las 16 culturas, el pueblo afromexicano y mestizo de Oaxaca.<\/p>\n\n\n\n<p>De acuerdo con la convocatoria, las piezas ganadoras en ambas fases se difundir\u00e1n en las plataformas digitales oficiales del Gobierno del Estado de Oaxaca, con la autorizaci\u00f3n de su autor o autores. Cabe destacar que en la fase final se otorgar\u00e1n tres est\u00edmulos econ\u00f3micos: 150 mil pesos al primer lugar; 100 mil pesos al segundo y 50 mil pesos al tercero.<\/p>\n\n\n\n<p>En la etapa estatal participar\u00e1n de: la Cuenca del Papaloapan, Daniel Humberto Acosta L\u00f3pez con el son \u201cCanto a mi tierra\u201d; de los Valles Centrales, V\u00edctor Manuel D\u00edaz con la chilena \u201cLo tienes t\u00fa\u201d; del mismo g\u00e9nero musical tambi\u00e9n se presentar\u00e1n de la Sierra Sur, Emmanuel Jazm\u00edn Garc\u00eda con la canci\u00f3n \u201cViva Oaxaca\u201d; y del Istmo de Tehuantepec, Ricardo Amadeus Morquecho con \u201cOaxaque\u00f1o soy\u201d.<\/p>\n\n\n\n<p>Tambi\u00e9n, de la Costa, Reydavid Galv\u00e1n Quintas presentar\u00e1 la cumbia coste\u00f1a \u201cPaloma Oaxaque\u00f1a\u201d; de la Sierra Ju\u00e1rez, Gonzalo Edmundo M\u00e9ndez compartir\u00e1 un son tradicional que lleva por t\u00edtulo \u201cCanto a Oaxaca\u201d; y de la Mixteca, Rub\u00e9n Luengas, interpretar\u00e1 la chilena mixteca \u201cEl \u00e1rbol\u201d.<\/p>\n\n\n\n<p>-0-<\/p>\n","protected":false},"excerpt":{"rendered":"<p>\u25cf Quienes resultaron ganadores en las fases regionales se presentar\u00e1n este viernes en la Alameda&#8230;<\/p>\n","protected":false},"author":4,"featured_media":28047,"comment_status":"closed","ping_status":"open","sticky":false,"template":"","format":"standard","meta":{"footnotes":""},"categories":[4],"tags":[],"jetpack_sharing_enabled":true,"featured_image_urls":{"full":["https:\/\/contextoanalisisperiodistico.com\/wp-content\/uploads\/2024\/06\/IMG-20240626-WA0109.jpg",1280,853,false],"thumbnail":["https:\/\/contextoanalisisperiodistico.com\/wp-content\/uploads\/2024\/06\/IMG-20240626-WA0109-150x150.jpg",150,150,true],"medium":["https:\/\/contextoanalisisperiodistico.com\/wp-content\/uploads\/2024\/06\/IMG-20240626-WA0109-300x200.jpg",300,200,true],"medium_large":["https:\/\/contextoanalisisperiodistico.com\/wp-content\/uploads\/2024\/06\/IMG-20240626-WA0109-768x512.jpg",640,427,true],"large":["https:\/\/contextoanalisisperiodistico.com\/wp-content\/uploads\/2024\/06\/IMG-20240626-WA0109-1024x682.jpg",640,426,true],"1536x1536":["https:\/\/contextoanalisisperiodistico.com\/wp-content\/uploads\/2024\/06\/IMG-20240626-WA0109.jpg",1280,853,false],"2048x2048":["https:\/\/contextoanalisisperiodistico.com\/wp-content\/uploads\/2024\/06\/IMG-20240626-WA0109.jpg",1280,853,false],"covernews-slider-full":["https:\/\/contextoanalisisperiodistico.com\/wp-content\/uploads\/2024\/06\/IMG-20240626-WA0109-1115x715.jpg",1115,715,true],"covernews-slider-center":["https:\/\/contextoanalisisperiodistico.com\/wp-content\/uploads\/2024\/06\/IMG-20240626-WA0109-800x500.jpg",800,500,true],"covernews-featured":["https:\/\/contextoanalisisperiodistico.com\/wp-content\/uploads\/2024\/06\/IMG-20240626-WA0109-1024x682.jpg",1024,682,true],"covernews-medium":["https:\/\/contextoanalisisperiodistico.com\/wp-content\/uploads\/2024\/06\/IMG-20240626-WA0109-540x340.jpg",540,340,true],"covernews-medium-square":["https:\/\/contextoanalisisperiodistico.com\/wp-content\/uploads\/2024\/06\/IMG-20240626-WA0109-400x250.jpg",400,250,true]},"author_info":{"display_name":"Mario Gir\u00f3n","author_link":"https:\/\/contextoanalisisperiodistico.com\/index.php\/author\/director\/"},"category_info":"<a href=\"https:\/\/contextoanalisisperiodistico.com\/index.php\/category\/cultura\/\" rel=\"category tag\">Cultura<\/a>","tag_info":"Cultura","comment_count":"0","jetpack_featured_media_url":"https:\/\/contextoanalisisperiodistico.com\/wp-content\/uploads\/2024\/06\/IMG-20240626-WA0109.jpg","_links":{"self":[{"href":"https:\/\/contextoanalisisperiodistico.com\/index.php\/wp-json\/wp\/v2\/posts\/28050"}],"collection":[{"href":"https:\/\/contextoanalisisperiodistico.com\/index.php\/wp-json\/wp\/v2\/posts"}],"about":[{"href":"https:\/\/contextoanalisisperiodistico.com\/index.php\/wp-json\/wp\/v2\/types\/post"}],"author":[{"embeddable":true,"href":"https:\/\/contextoanalisisperiodistico.com\/index.php\/wp-json\/wp\/v2\/users\/4"}],"replies":[{"embeddable":true,"href":"https:\/\/contextoanalisisperiodistico.com\/index.php\/wp-json\/wp\/v2\/comments?post=28050"}],"version-history":[{"count":1,"href":"https:\/\/contextoanalisisperiodistico.com\/index.php\/wp-json\/wp\/v2\/posts\/28050\/revisions"}],"predecessor-version":[{"id":28051,"href":"https:\/\/contextoanalisisperiodistico.com\/index.php\/wp-json\/wp\/v2\/posts\/28050\/revisions\/28051"}],"wp:featuredmedia":[{"embeddable":true,"href":"https:\/\/contextoanalisisperiodistico.com\/index.php\/wp-json\/wp\/v2\/media\/28047"}],"wp:attachment":[{"href":"https:\/\/contextoanalisisperiodistico.com\/index.php\/wp-json\/wp\/v2\/media?parent=28050"}],"wp:term":[{"taxonomy":"category","embeddable":true,"href":"https:\/\/contextoanalisisperiodistico.com\/index.php\/wp-json\/wp\/v2\/categories?post=28050"},{"taxonomy":"post_tag","embeddable":true,"href":"https:\/\/contextoanalisisperiodistico.com\/index.php\/wp-json\/wp\/v2\/tags?post=28050"}],"curies":[{"name":"wp","href":"https:\/\/api.w.org\/{rel}","templated":true}]}}