{"id":28046,"date":"2024-06-26T16:29:06","date_gmt":"2024-06-26T22:29:06","guid":{"rendered":"https:\/\/contextoanalisisperiodistico.com\/index.php\/2024\/06\/26\/concluyen-profesionales-de-medicina-internado-de-pregrado-en-el-hospital-general-aurelio-valdivieso\/"},"modified":"2024-06-26T16:29:06","modified_gmt":"2024-06-26T22:29:06","slug":"concluyen-profesionales-de-medicina-internado-de-pregrado-en-el-hospital-general-aurelio-valdivieso","status":"publish","type":"post","link":"https:\/\/contextoanalisisperiodistico.com\/index.php\/2024\/06\/26\/concluyen-profesionales-de-medicina-internado-de-pregrado-en-el-hospital-general-aurelio-valdivieso\/","title":{"rendered":"Concluyen profesionales de medicina, internado de pregrado en el Hospital General Aurelio Valdivieso"},"content":{"rendered":"<div id=\"fb-root\"><\/div>\n\n<p>\u2022 Responder\u00e1n a las necesidades de atenci\u00f3n a la salud de las familias oaxaque\u00f1as<\/p>\n\n\n\n<figure class=\"wp-block-image size-large\"><img fetchpriority=\"high\" decoding=\"async\" width=\"1024\" height=\"682\" src=\"https:\/\/contextoanalisisperiodistico.com\/wp-content\/uploads\/2024\/06\/img-20240626-wa00876557146092959722107-1024x682.jpg\" alt=\"\" class=\"wp-image-28041\" srcset=\"https:\/\/contextoanalisisperiodistico.com\/wp-content\/uploads\/2024\/06\/img-20240626-wa00876557146092959722107-1024x682.jpg 1024w, https:\/\/contextoanalisisperiodistico.com\/wp-content\/uploads\/2024\/06\/img-20240626-wa00876557146092959722107-300x200.jpg 300w, https:\/\/contextoanalisisperiodistico.com\/wp-content\/uploads\/2024\/06\/img-20240626-wa00876557146092959722107-768x511.jpg 768w, https:\/\/contextoanalisisperiodistico.com\/wp-content\/uploads\/2024\/06\/img-20240626-wa00876557146092959722107-1536x1022.jpg 1536w, https:\/\/contextoanalisisperiodistico.com\/wp-content\/uploads\/2024\/06\/img-20240626-wa00876557146092959722107.jpg 1600w\" sizes=\"(max-width: 1024px) 100vw, 1024px\" \/><\/figure>\n\n\n\n<figure class=\"wp-block-image\"><img decoding=\"async\" width=\"1024\" height=\"682\" src=\"https:\/\/contextoanalisisperiodistico.com\/wp-content\/uploads\/2024\/06\/img-20240626-wa00896568635522084419641-1024x682.jpg\" alt=\"\" class=\"wp-image-28039\" srcset=\"https:\/\/contextoanalisisperiodistico.com\/wp-content\/uploads\/2024\/06\/img-20240626-wa00896568635522084419641-1024x682.jpg 1024w, https:\/\/contextoanalisisperiodistico.com\/wp-content\/uploads\/2024\/06\/img-20240626-wa00896568635522084419641-300x200.jpg 300w, https:\/\/contextoanalisisperiodistico.com\/wp-content\/uploads\/2024\/06\/img-20240626-wa00896568635522084419641-768x511.jpg 768w, https:\/\/contextoanalisisperiodistico.com\/wp-content\/uploads\/2024\/06\/img-20240626-wa00896568635522084419641-1536x1022.jpg 1536w, https:\/\/contextoanalisisperiodistico.com\/wp-content\/uploads\/2024\/06\/img-20240626-wa00896568635522084419641.jpg 1600w\" sizes=\"(max-width: 1024px) 100vw, 1024px\" \/><\/figure>\n\n\n\n<figure class=\"wp-block-image\"><img decoding=\"async\" width=\"1024\" height=\"682\" src=\"https:\/\/contextoanalisisperiodistico.com\/wp-content\/uploads\/2024\/06\/img-20240626-wa00863825189932004052213-1024x682.jpg\" alt=\"\" class=\"wp-image-28040\" srcset=\"https:\/\/contextoanalisisperiodistico.com\/wp-content\/uploads\/2024\/06\/img-20240626-wa00863825189932004052213-1024x682.jpg 1024w, https:\/\/contextoanalisisperiodistico.com\/wp-content\/uploads\/2024\/06\/img-20240626-wa00863825189932004052213-300x200.jpg 300w, https:\/\/contextoanalisisperiodistico.com\/wp-content\/uploads\/2024\/06\/img-20240626-wa00863825189932004052213-768x511.jpg 768w, https:\/\/contextoanalisisperiodistico.com\/wp-content\/uploads\/2024\/06\/img-20240626-wa00863825189932004052213-1536x1022.jpg 1536w, https:\/\/contextoanalisisperiodistico.com\/wp-content\/uploads\/2024\/06\/img-20240626-wa00863825189932004052213.jpg 1600w\" sizes=\"(max-width: 1024px) 100vw, 1024px\" \/><\/figure>\n\n\n\n<figure class=\"wp-block-image\"><img loading=\"lazy\" decoding=\"async\" width=\"1024\" height=\"682\" src=\"https:\/\/contextoanalisisperiodistico.com\/wp-content\/uploads\/2024\/06\/img-20240626-wa00847424287726583683369-1024x682.jpg\" alt=\"\" class=\"wp-image-28042\" srcset=\"https:\/\/contextoanalisisperiodistico.com\/wp-content\/uploads\/2024\/06\/img-20240626-wa00847424287726583683369-1024x682.jpg 1024w, https:\/\/contextoanalisisperiodistico.com\/wp-content\/uploads\/2024\/06\/img-20240626-wa00847424287726583683369-300x200.jpg 300w, https:\/\/contextoanalisisperiodistico.com\/wp-content\/uploads\/2024\/06\/img-20240626-wa00847424287726583683369-768x511.jpg 768w, https:\/\/contextoanalisisperiodistico.com\/wp-content\/uploads\/2024\/06\/img-20240626-wa00847424287726583683369-1536x1022.jpg 1536w, https:\/\/contextoanalisisperiodistico.com\/wp-content\/uploads\/2024\/06\/img-20240626-wa00847424287726583683369.jpg 1600w\" sizes=\"(max-width: 1024px) 100vw, 1024px\" \/><\/figure>\n\n\n\n<figure class=\"wp-block-image\"><img loading=\"lazy\" decoding=\"async\" width=\"1024\" height=\"682\" src=\"https:\/\/contextoanalisisperiodistico.com\/wp-content\/uploads\/2024\/06\/img-20240626-wa00857598980149785462746-1024x682.jpg\" alt=\"\" class=\"wp-image-28043\" srcset=\"https:\/\/contextoanalisisperiodistico.com\/wp-content\/uploads\/2024\/06\/img-20240626-wa00857598980149785462746-1024x682.jpg 1024w, https:\/\/contextoanalisisperiodistico.com\/wp-content\/uploads\/2024\/06\/img-20240626-wa00857598980149785462746-300x200.jpg 300w, https:\/\/contextoanalisisperiodistico.com\/wp-content\/uploads\/2024\/06\/img-20240626-wa00857598980149785462746-768x511.jpg 768w, https:\/\/contextoanalisisperiodistico.com\/wp-content\/uploads\/2024\/06\/img-20240626-wa00857598980149785462746-1536x1022.jpg 1536w, https:\/\/contextoanalisisperiodistico.com\/wp-content\/uploads\/2024\/06\/img-20240626-wa00857598980149785462746.jpg 1600w\" sizes=\"(max-width: 1024px) 100vw, 1024px\" \/><\/figure>\n\n\n\n<figure class=\"wp-block-image\"><img loading=\"lazy\" decoding=\"async\" width=\"1024\" height=\"682\" src=\"https:\/\/contextoanalisisperiodistico.com\/wp-content\/uploads\/2024\/06\/img-20240626-wa00825324811954048603181-1024x682.jpg\" alt=\"\" class=\"wp-image-28044\" srcset=\"https:\/\/contextoanalisisperiodistico.com\/wp-content\/uploads\/2024\/06\/img-20240626-wa00825324811954048603181-1024x682.jpg 1024w, https:\/\/contextoanalisisperiodistico.com\/wp-content\/uploads\/2024\/06\/img-20240626-wa00825324811954048603181-300x200.jpg 300w, https:\/\/contextoanalisisperiodistico.com\/wp-content\/uploads\/2024\/06\/img-20240626-wa00825324811954048603181-768x511.jpg 768w, https:\/\/contextoanalisisperiodistico.com\/wp-content\/uploads\/2024\/06\/img-20240626-wa00825324811954048603181-1536x1022.jpg 1536w, https:\/\/contextoanalisisperiodistico.com\/wp-content\/uploads\/2024\/06\/img-20240626-wa00825324811954048603181.jpg 1600w\" sizes=\"(max-width: 1024px) 100vw, 1024px\" \/><\/figure>\n\n\n\n<figure class=\"wp-block-image\"><img loading=\"lazy\" decoding=\"async\" width=\"1024\" height=\"682\" src=\"https:\/\/contextoanalisisperiodistico.com\/wp-content\/uploads\/2024\/06\/img-20240626-wa00831285010238292480821-1024x682.jpg\" alt=\"\" class=\"wp-image-28045\" srcset=\"https:\/\/contextoanalisisperiodistico.com\/wp-content\/uploads\/2024\/06\/img-20240626-wa00831285010238292480821-1024x682.jpg 1024w, https:\/\/contextoanalisisperiodistico.com\/wp-content\/uploads\/2024\/06\/img-20240626-wa00831285010238292480821-300x200.jpg 300w, https:\/\/contextoanalisisperiodistico.com\/wp-content\/uploads\/2024\/06\/img-20240626-wa00831285010238292480821-768x511.jpg 768w, https:\/\/contextoanalisisperiodistico.com\/wp-content\/uploads\/2024\/06\/img-20240626-wa00831285010238292480821-1536x1022.jpg 1536w, https:\/\/contextoanalisisperiodistico.com\/wp-content\/uploads\/2024\/06\/img-20240626-wa00831285010238292480821.jpg 1600w\" sizes=\"(max-width: 1024px) 100vw, 1024px\" \/><\/figure>\n\n\n\n<p>Oaxaca de Ju\u00e1rez, Oax. 26 de junio de 2024.- Tras cumplir con su plan acad\u00e9mico, una nueva generaci\u00f3n de 95 profesionales de medicina concluy\u00f3 su internado de pregrado en el Hospital General Doctor Aurelio Valdivieso, con los mejores conocimientos y capacidades para responder a las necesidades de atenci\u00f3n a la salud de las familias oaxaque\u00f1as, inform\u00f3 Servicios de Salud de Oaxaca (SSO).<\/p>\n\n\n\n<p>Al presidir la ceremonia de clausura del ciclo acad\u00e9mico 2023-2024, el director de la unidad hospitalaria Pedro Aar\u00f3n Santiago Mart\u00ednez, felicit\u00f3 a las y los egresados por cumplir este nuevo reto, al mismo tiempo que exhort\u00f3 a la nueva generaci\u00f3n a poner en pr\u00e1ctica lo aprendido con \u00e9tica y responsabilidad, priorizando el bienestar de las personas.<\/p>\n\n\n\n<p>Precis\u00f3 que el nosocomio Doctor Aurelio Valdivieso refrenda una vez m\u00e1s su compromiso con la sociedad oaxaque\u00f1a, ya que se ha consolidado como un hospital escuela de excelencia acad\u00e9mica, forjador de recursos humanos con los m\u00e1s altos est\u00e1ndares de profesionalismo y humanismo.<\/p>\n\n\n\n<p>Durante su intervenci\u00f3n, la directora de la Facultad de Medicina y Cirug\u00eda de la Universidad Aut\u00f3noma Benito Ju\u00e1rez de Oaxaca (UABJO) Martha Silvia Mart\u00ednez Luna, indic\u00f3 que el Internado de Pregrado es una de las etapas m\u00e1s importantes en la formaci\u00f3n del profesional de la salud, donde se vincula la teor\u00eda con la pr\u00e1ctica cl\u00ednica.<\/p>\n\n\n\n<p>En representaci\u00f3n de la generaci\u00f3n de egresados Miguel Garc\u00eda Camacho, jefe de m\u00e9dicos internos, agradeci\u00f3 al personal del hospital la labor y compromiso, e incentiv\u00f3 a sus compa\u00f1eras y compa\u00f1eros a trabajar bajo los principios aprendidos.<\/p>\n\n\n\n<p>En la ceremonia de clausura, las autoridades entregaron reconocimientos a las y los profesionales m\u00e9dicos que destacaron por obtener los primeros lugares en aprovechamiento durante su internado.<\/p>\n\n\n\n<p>Entre ellos, el m\u00e9dico C\u00e9sar L\u00f3pez Pacheco, con el mejor promedio de su generaci\u00f3n, quien, al hacer uso de la palabra, agradeci\u00f3 a todo el personal del Aurelio Valdivieso, por su ense\u00f1anza y valores compartidos.<\/p>\n\n\n\n<p>En el evento estuvieron presentes, la subdirectora de Ense\u00f1anza, Investigaci\u00f3n y Calidad, Luc\u00eda Ricarda Mart\u00ednez Cruz, y la coordinadora de Pregrado y Carreras Afines, Mayda Cruz Cuevas, responsables de que este proceso educativo concluyera con \u00e9xito.<\/p>\n\n\n\n<p>-0-<\/p>\n","protected":false},"excerpt":{"rendered":"<p>\u2022 Responder\u00e1n a las necesidades de atenci\u00f3n a la salud de las familias oaxaque\u00f1as Oaxaca&#8230;<\/p>\n","protected":false},"author":4,"featured_media":28038,"comment_status":"","ping_status":"open","sticky":false,"template":"","format":"standard","meta":{"footnotes":""},"categories":[9],"tags":[],"jetpack_sharing_enabled":true,"featured_image_urls":{"full":["https:\/\/contextoanalisisperiodistico.com\/wp-content\/uploads\/2024\/06\/IMG-20240626-WA0088.jpg",1600,1065,false],"thumbnail":["https:\/\/contextoanalisisperiodistico.com\/wp-content\/uploads\/2024\/06\/IMG-20240626-WA0088-150x150.jpg",150,150,true],"medium":["https:\/\/contextoanalisisperiodistico.com\/wp-content\/uploads\/2024\/06\/IMG-20240626-WA0088-300x200.jpg",300,200,true],"medium_large":["https:\/\/contextoanalisisperiodistico.com\/wp-content\/uploads\/2024\/06\/IMG-20240626-WA0088-768x511.jpg",640,426,true],"large":["https:\/\/contextoanalisisperiodistico.com\/wp-content\/uploads\/2024\/06\/IMG-20240626-WA0088-1024x682.jpg",640,426,true],"1536x1536":["https:\/\/contextoanalisisperiodistico.com\/wp-content\/uploads\/2024\/06\/IMG-20240626-WA0088-1536x1022.jpg",1536,1022,true],"2048x2048":["https:\/\/contextoanalisisperiodistico.com\/wp-content\/uploads\/2024\/06\/IMG-20240626-WA0088.jpg",1600,1065,false],"covernews-slider-full":["https:\/\/contextoanalisisperiodistico.com\/wp-content\/uploads\/2024\/06\/IMG-20240626-WA0088-1115x715.jpg",1115,715,true],"covernews-slider-center":["https:\/\/contextoanalisisperiodistico.com\/wp-content\/uploads\/2024\/06\/IMG-20240626-WA0088-800x500.jpg",800,500,true],"covernews-featured":["https:\/\/contextoanalisisperiodistico.com\/wp-content\/uploads\/2024\/06\/IMG-20240626-WA0088-1024x682.jpg",1024,682,true],"covernews-medium":["https:\/\/contextoanalisisperiodistico.com\/wp-content\/uploads\/2024\/06\/IMG-20240626-WA0088-540x340.jpg",540,340,true],"covernews-medium-square":["https:\/\/contextoanalisisperiodistico.com\/wp-content\/uploads\/2024\/06\/IMG-20240626-WA0088-400x250.jpg",400,250,true]},"author_info":{"display_name":"Mario Gir\u00f3n","author_link":"https:\/\/contextoanalisisperiodistico.com\/index.php\/author\/director\/"},"category_info":"<a href=\"https:\/\/contextoanalisisperiodistico.com\/index.php\/category\/politica\/\" rel=\"category tag\">Pol\u00edtica<\/a>","tag_info":"Pol\u00edtica","comment_count":"0","jetpack_featured_media_url":"https:\/\/contextoanalisisperiodistico.com\/wp-content\/uploads\/2024\/06\/IMG-20240626-WA0088.jpg","_links":{"self":[{"href":"https:\/\/contextoanalisisperiodistico.com\/index.php\/wp-json\/wp\/v2\/posts\/28046"}],"collection":[{"href":"https:\/\/contextoanalisisperiodistico.com\/index.php\/wp-json\/wp\/v2\/posts"}],"about":[{"href":"https:\/\/contextoanalisisperiodistico.com\/index.php\/wp-json\/wp\/v2\/types\/post"}],"author":[{"embeddable":true,"href":"https:\/\/contextoanalisisperiodistico.com\/index.php\/wp-json\/wp\/v2\/users\/4"}],"replies":[{"embeddable":true,"href":"https:\/\/contextoanalisisperiodistico.com\/index.php\/wp-json\/wp\/v2\/comments?post=28046"}],"version-history":[{"count":0,"href":"https:\/\/contextoanalisisperiodistico.com\/index.php\/wp-json\/wp\/v2\/posts\/28046\/revisions"}],"wp:featuredmedia":[{"embeddable":true,"href":"https:\/\/contextoanalisisperiodistico.com\/index.php\/wp-json\/wp\/v2\/media\/28038"}],"wp:attachment":[{"href":"https:\/\/contextoanalisisperiodistico.com\/index.php\/wp-json\/wp\/v2\/media?parent=28046"}],"wp:term":[{"taxonomy":"category","embeddable":true,"href":"https:\/\/contextoanalisisperiodistico.com\/index.php\/wp-json\/wp\/v2\/categories?post=28046"},{"taxonomy":"post_tag","embeddable":true,"href":"https:\/\/contextoanalisisperiodistico.com\/index.php\/wp-json\/wp\/v2\/tags?post=28046"}],"curies":[{"name":"wp","href":"https:\/\/api.w.org\/{rel}","templated":true}]}}