{"id":28037,"date":"2024-06-26T15:25:09","date_gmt":"2024-06-26T21:25:09","guid":{"rendered":"https:\/\/contextoanalisisperiodistico.com\/index.php\/2024\/06\/26\/capacita-sso-a-personal-medico-y-de-enfermeria-en-estrategias-de-vacunacion\/"},"modified":"2024-06-26T15:25:09","modified_gmt":"2024-06-26T21:25:09","slug":"capacita-sso-a-personal-medico-y-de-enfermeria-en-estrategias-de-vacunacion","status":"publish","type":"post","link":"https:\/\/contextoanalisisperiodistico.com\/index.php\/2024\/06\/26\/capacita-sso-a-personal-medico-y-de-enfermeria-en-estrategias-de-vacunacion\/","title":{"rendered":"Capacita SSO a personal m\u00e9dico y de enfermer\u00eda en estrategias de vacunaci\u00f3n"},"content":{"rendered":"<div id=\"fb-root\"><\/div>\n\n<p>\u2022 Se actualizaron los conocimientos de 542 responsables de unidades y hospitales de la Jurisdicci\u00f3n Sanitaria 1 Valles Centrales, a fin de avanzar en las coberturas de enfermedades prevenibles por vacunas como el sarampi\u00f3n, rub\u00e9ola y poliomielitis<\/p>\n\n\n\n<figure class=\"wp-block-image size-large\"><img fetchpriority=\"high\" decoding=\"async\" width=\"900\" height=\"599\" src=\"https:\/\/contextoanalisisperiodistico.com\/wp-content\/uploads\/2024\/06\/img-20240626-wa0074342093570049070769.jpg\" alt=\"\" class=\"wp-image-28035\" srcset=\"https:\/\/contextoanalisisperiodistico.com\/wp-content\/uploads\/2024\/06\/img-20240626-wa0074342093570049070769.jpg 900w, https:\/\/contextoanalisisperiodistico.com\/wp-content\/uploads\/2024\/06\/img-20240626-wa0074342093570049070769-300x200.jpg 300w, https:\/\/contextoanalisisperiodistico.com\/wp-content\/uploads\/2024\/06\/img-20240626-wa0074342093570049070769-768x511.jpg 768w\" sizes=\"(max-width: 900px) 100vw, 900px\" \/><\/figure>\n\n\n\n<figure class=\"wp-block-image\"><img decoding=\"async\" width=\"300\" height=\"200\" src=\"https:\/\/contextoanalisisperiodistico.com\/wp-content\/uploads\/2024\/06\/img-20240626-wa00734040744446094085105-300x200.jpg\" alt=\"\" class=\"wp-image-28036\" srcset=\"https:\/\/contextoanalisisperiodistico.com\/wp-content\/uploads\/2024\/06\/img-20240626-wa00734040744446094085105-300x200.jpg 300w, https:\/\/contextoanalisisperiodistico.com\/wp-content\/uploads\/2024\/06\/img-20240626-wa00734040744446094085105-768x511.jpg 768w, https:\/\/contextoanalisisperiodistico.com\/wp-content\/uploads\/2024\/06\/img-20240626-wa00734040744446094085105.jpg 900w\" sizes=\"(max-width: 300px) 100vw, 300px\" \/><\/figure>\n\n\n\n<p>Oaxaca de Ju\u00e1rez, Oax. 26 de junio de 2024.- Para fortalecer los conocimientos sobre enfermedades prevenibles, Servicios de Salud de Oaxaca (SSO) a trav\u00e9s de la Jurisdicci\u00f3n Sanitaria 1 Valles Centrales, realiz\u00f3 la capacitaci\u00f3n Estrategias para alcanzar las coberturas generales del Programa de Vacunaci\u00f3n Universal (PVU).<\/p>\n\n\n\n<p>La actividad tiene el objetivo de actualizar la informaci\u00f3n y habilidades del personal de enfermer\u00eda y m\u00e9dico de Hospitales, Centros de Salud con Servicios Ampliados (CESSA) y centros de primer nivel de Servicios de Salud-IMSS Bienestar en Eventos Supuestamente Atribuibles a la Vacunaci\u00f3n e Inmunizaci\u00f3n (ESAVI), as\u00ed como la elaboraci\u00f3n de un plan de trabajo para elevar el nivel de cobertura en la poblaci\u00f3n.<\/p>\n\n\n\n<p>La jefa jurisdiccional Aurelia Guerra Mart\u00ednez puntualiz\u00f3 que la indicaci\u00f3n de la secretaria de Salud de Oaxaca Alma Lilia Velasco Hern\u00e1ndez, es tomar las medidas pertinentes para romper en corto tiempo la cadena de transmisi\u00f3n de patolog\u00edas prevenibles por vacunas como el sarampi\u00f3n, rub\u00e9ola y poliomielitis, mediante el control, la eliminaci\u00f3n o erradicaci\u00f3n.<\/p>\n\n\n\n<p>En este sentido, explic\u00f3 que se realizaron siete bloques en los que se capacitaron a 542 responsables de vacunaci\u00f3n de todas las Unidades de Salud que conforman la demarcaci\u00f3n, en donde se incluy\u00f3 el esquema de vacunaci\u00f3n en personas menores de nueve a\u00f1os, as\u00ed como la importancia de que el personal de salud cuente con el registro de las inmunizaciones que le corresponde.<\/p>\n\n\n\n<p>Guerra Mart\u00ednez agreg\u00f3 que es necesario otorgar las herramientas y bases cient\u00edficas del programa para mejorar la atenci\u00f3n y calidad de los servicios, con el prop\u00f3sito de completar los esquemas de biol\u00f3gicos de manera adecuada para cada uno de los sectores de la ciudadan\u00eda.<\/p>\n\n\n\n<p>De esta manera, el Gobierno de la Primavera Oaxaque\u00f1a reitera su compromiso con la salud de la poblaci\u00f3n, acci\u00f3n que forma parte de La Reparaci\u00f3n Hist\u00f3rica de los Pueblos a trav\u00e9s de las Pol\u00edticas de Bienestar Transformador.<\/p>\n\n\n\n<p>-0-<\/p>\n","protected":false},"excerpt":{"rendered":"<p>\u2022 Se actualizaron los conocimientos de 542 responsables de unidades y hospitales de la Jurisdicci\u00f3n&#8230;<\/p>\n","protected":false},"author":4,"featured_media":28034,"comment_status":"","ping_status":"open","sticky":false,"template":"","format":"standard","meta":{"footnotes":""},"categories":[92],"tags":[],"jetpack_sharing_enabled":true,"featured_image_urls":{"full":["https:\/\/contextoanalisisperiodistico.com\/wp-content\/uploads\/2024\/06\/IMG-20240626-WA0072.jpg",900,599,false],"thumbnail":["https:\/\/contextoanalisisperiodistico.com\/wp-content\/uploads\/2024\/06\/IMG-20240626-WA0072-150x150.jpg",150,150,true],"medium":["https:\/\/contextoanalisisperiodistico.com\/wp-content\/uploads\/2024\/06\/IMG-20240626-WA0072-300x200.jpg",300,200,true],"medium_large":["https:\/\/contextoanalisisperiodistico.com\/wp-content\/uploads\/2024\/06\/IMG-20240626-WA0072-768x511.jpg",640,426,true],"large":["https:\/\/contextoanalisisperiodistico.com\/wp-content\/uploads\/2024\/06\/IMG-20240626-WA0072.jpg",640,426,false],"1536x1536":["https:\/\/contextoanalisisperiodistico.com\/wp-content\/uploads\/2024\/06\/IMG-20240626-WA0072.jpg",900,599,false],"2048x2048":["https:\/\/contextoanalisisperiodistico.com\/wp-content\/uploads\/2024\/06\/IMG-20240626-WA0072.jpg",900,599,false],"covernews-slider-full":["https:\/\/contextoanalisisperiodistico.com\/wp-content\/uploads\/2024\/06\/IMG-20240626-WA0072.jpg",900,599,false],"covernews-slider-center":["https:\/\/contextoanalisisperiodistico.com\/wp-content\/uploads\/2024\/06\/IMG-20240626-WA0072-800x500.jpg",800,500,true],"covernews-featured":["https:\/\/contextoanalisisperiodistico.com\/wp-content\/uploads\/2024\/06\/IMG-20240626-WA0072.jpg",900,599,false],"covernews-medium":["https:\/\/contextoanalisisperiodistico.com\/wp-content\/uploads\/2024\/06\/IMG-20240626-WA0072-540x340.jpg",540,340,true],"covernews-medium-square":["https:\/\/contextoanalisisperiodistico.com\/wp-content\/uploads\/2024\/06\/IMG-20240626-WA0072-400x250.jpg",400,250,true]},"author_info":{"display_name":"Mario Gir\u00f3n","author_link":"https:\/\/contextoanalisisperiodistico.com\/index.php\/author\/director\/"},"category_info":"<a href=\"https:\/\/contextoanalisisperiodistico.com\/index.php\/category\/salud\/\" rel=\"category tag\">Salud<\/a>","tag_info":"Salud","comment_count":"0","jetpack_featured_media_url":"https:\/\/contextoanalisisperiodistico.com\/wp-content\/uploads\/2024\/06\/IMG-20240626-WA0072.jpg","_links":{"self":[{"href":"https:\/\/contextoanalisisperiodistico.com\/index.php\/wp-json\/wp\/v2\/posts\/28037"}],"collection":[{"href":"https:\/\/contextoanalisisperiodistico.com\/index.php\/wp-json\/wp\/v2\/posts"}],"about":[{"href":"https:\/\/contextoanalisisperiodistico.com\/index.php\/wp-json\/wp\/v2\/types\/post"}],"author":[{"embeddable":true,"href":"https:\/\/contextoanalisisperiodistico.com\/index.php\/wp-json\/wp\/v2\/users\/4"}],"replies":[{"embeddable":true,"href":"https:\/\/contextoanalisisperiodistico.com\/index.php\/wp-json\/wp\/v2\/comments?post=28037"}],"version-history":[{"count":0,"href":"https:\/\/contextoanalisisperiodistico.com\/index.php\/wp-json\/wp\/v2\/posts\/28037\/revisions"}],"wp:featuredmedia":[{"embeddable":true,"href":"https:\/\/contextoanalisisperiodistico.com\/index.php\/wp-json\/wp\/v2\/media\/28034"}],"wp:attachment":[{"href":"https:\/\/contextoanalisisperiodistico.com\/index.php\/wp-json\/wp\/v2\/media?parent=28037"}],"wp:term":[{"taxonomy":"category","embeddable":true,"href":"https:\/\/contextoanalisisperiodistico.com\/index.php\/wp-json\/wp\/v2\/categories?post=28037"},{"taxonomy":"post_tag","embeddable":true,"href":"https:\/\/contextoanalisisperiodistico.com\/index.php\/wp-json\/wp\/v2\/tags?post=28037"}],"curies":[{"name":"wp","href":"https:\/\/api.w.org\/{rel}","templated":true}]}}