{"id":28033,"date":"2024-06-26T13:58:16","date_gmt":"2024-06-26T19:58:16","guid":{"rendered":"https:\/\/contextoanalisisperiodistico.com\/index.php\/2024\/06\/26\/atienden-cuerpos-de-seguridad-y-auxilio-reporte-de-presunto-desplome-de-aeronave-en-san-maria-coyotepec\/"},"modified":"2024-06-26T13:58:16","modified_gmt":"2024-06-26T19:58:16","slug":"atienden-cuerpos-de-seguridad-y-auxilio-reporte-de-presunto-desplome-de-aeronave-en-san-maria-coyotepec","status":"publish","type":"post","link":"https:\/\/contextoanalisisperiodistico.com\/index.php\/2024\/06\/26\/atienden-cuerpos-de-seguridad-y-auxilio-reporte-de-presunto-desplome-de-aeronave-en-san-maria-coyotepec\/","title":{"rendered":"Atienden cuerpos de seguridad y auxilio reporte de presunto desplome de aeronave en San Mar\u00eda Coyotepec"},"content":{"rendered":"<div id=\"fb-root\"><\/div>\n\n<p>La Secretar\u00eda de Seguridad y Protecci\u00f3n Ciudadana (SSPC) informa que cuerpos de seguridad y auxilio, atendieron el reporte del presunto desplome de una aeronave en inmediaciones de Santa Mar\u00eda Coyotepec, sin que hasta el momento se confirme su localizaci\u00f3n.<\/p>\n\n\n\n<figure class=\"wp-block-image size-large\"><img fetchpriority=\"high\" decoding=\"async\" width=\"1024\" height=\"575\" src=\"https:\/\/contextoanalisisperiodistico.com\/wp-content\/uploads\/2024\/06\/img-20240626-wa0046439586756856105815-1024x575.jpg\" alt=\"\" class=\"wp-image-28032\" srcset=\"https:\/\/contextoanalisisperiodistico.com\/wp-content\/uploads\/2024\/06\/img-20240626-wa0046439586756856105815-1024x575.jpg 1024w, https:\/\/contextoanalisisperiodistico.com\/wp-content\/uploads\/2024\/06\/img-20240626-wa0046439586756856105815-300x168.jpg 300w, https:\/\/contextoanalisisperiodistico.com\/wp-content\/uploads\/2024\/06\/img-20240626-wa0046439586756856105815-768x431.jpg 768w, https:\/\/contextoanalisisperiodistico.com\/wp-content\/uploads\/2024\/06\/img-20240626-wa0046439586756856105815-1536x862.jpg 1536w, https:\/\/contextoanalisisperiodistico.com\/wp-content\/uploads\/2024\/06\/img-20240626-wa0046439586756856105815.jpg 1600w\" sizes=\"(max-width: 1024px) 100vw, 1024px\" \/><\/figure>\n\n\n\n<figure class=\"wp-block-image\"><img decoding=\"async\" width=\"1024\" height=\"575\" src=\"https:\/\/contextoanalisisperiodistico.com\/wp-content\/uploads\/2024\/06\/img-20240626-wa00487526701022304180625-1024x575.jpg\" alt=\"\" class=\"wp-image-28031\" srcset=\"https:\/\/contextoanalisisperiodistico.com\/wp-content\/uploads\/2024\/06\/img-20240626-wa00487526701022304180625-1024x575.jpg 1024w, https:\/\/contextoanalisisperiodistico.com\/wp-content\/uploads\/2024\/06\/img-20240626-wa00487526701022304180625-300x168.jpg 300w, https:\/\/contextoanalisisperiodistico.com\/wp-content\/uploads\/2024\/06\/img-20240626-wa00487526701022304180625-768x431.jpg 768w, https:\/\/contextoanalisisperiodistico.com\/wp-content\/uploads\/2024\/06\/img-20240626-wa00487526701022304180625-1536x862.jpg 1536w, https:\/\/contextoanalisisperiodistico.com\/wp-content\/uploads\/2024\/06\/img-20240626-wa00487526701022304180625.jpg 1600w\" sizes=\"(max-width: 1024px) 100vw, 1024px\" \/><\/figure>\n\n\n\n<figure class=\"wp-block-image\"><img decoding=\"async\" width=\"1024\" height=\"575\" src=\"https:\/\/contextoanalisisperiodistico.com\/wp-content\/uploads\/2024\/06\/img-20240626-wa00495950769514754179304-1024x575.jpg\" alt=\"\" class=\"wp-image-28030\" srcset=\"https:\/\/contextoanalisisperiodistico.com\/wp-content\/uploads\/2024\/06\/img-20240626-wa00495950769514754179304-1024x575.jpg 1024w, https:\/\/contextoanalisisperiodistico.com\/wp-content\/uploads\/2024\/06\/img-20240626-wa00495950769514754179304-300x168.jpg 300w, https:\/\/contextoanalisisperiodistico.com\/wp-content\/uploads\/2024\/06\/img-20240626-wa00495950769514754179304-768x431.jpg 768w, https:\/\/contextoanalisisperiodistico.com\/wp-content\/uploads\/2024\/06\/img-20240626-wa00495950769514754179304-1536x862.jpg 1536w, https:\/\/contextoanalisisperiodistico.com\/wp-content\/uploads\/2024\/06\/img-20240626-wa00495950769514754179304.jpg 1600w\" sizes=\"(max-width: 1024px) 100vw, 1024px\" \/><\/figure>\n\n\n\n<p>Las labores de b\u00fasqueda se realizaron a trav\u00e9s de la Polic\u00eda Estatal y el Heroico Cuerpo de Bomberos de Oaxaca (HCBO), en conjunto con la Coordinaci\u00f3n Estatal de Protecci\u00f3n Civil y Gesti\u00f3n de Riesgos (CEPCyGR) y la Fiscal\u00eda General del Estado de Oaxaca (FGEO).<\/p>\n\n\n\n<p>Tras la inspecci\u00f3n en la zona y luego del despliegue de un dron por parte de la FGEO, al corte de las 12:00 de este mi\u00e9rcoles, las instituciones correspondientes no reportaron hallazgo alguno que confirme la ca\u00edda o aterrizaje forzoso de la supuesta unidad.<\/p>\n\n\n\n<p>No obstante, el Servicio de Emergencias 9-1-1 y las corporaciones se mantienen atentas ante cualquier informaci\u00f3n al respecto.<\/p>\n\n\n\n<p>-0-<\/p>\n","protected":false},"excerpt":{"rendered":"<p>La Secretar\u00eda de Seguridad y Protecci\u00f3n Ciudadana (SSPC) informa que cuerpos de seguridad y auxilio,&#8230;<\/p>\n","protected":false},"author":4,"featured_media":28029,"comment_status":"","ping_status":"open","sticky":false,"template":"","format":"standard","meta":{"footnotes":""},"categories":[9],"tags":[],"jetpack_sharing_enabled":true,"featured_image_urls":{"full":["https:\/\/contextoanalisisperiodistico.com\/wp-content\/uploads\/2024\/06\/IMG-20240626-WA0047.jpg",1600,900,false],"thumbnail":["https:\/\/contextoanalisisperiodistico.com\/wp-content\/uploads\/2024\/06\/IMG-20240626-WA0047-150x150.jpg",150,150,true],"medium":["https:\/\/contextoanalisisperiodistico.com\/wp-content\/uploads\/2024\/06\/IMG-20240626-WA0047-300x169.jpg",300,169,true],"medium_large":["https:\/\/contextoanalisisperiodistico.com\/wp-content\/uploads\/2024\/06\/IMG-20240626-WA0047-768x432.jpg",640,360,true],"large":["https:\/\/contextoanalisisperiodistico.com\/wp-content\/uploads\/2024\/06\/IMG-20240626-WA0047-1024x576.jpg",640,360,true],"1536x1536":["https:\/\/contextoanalisisperiodistico.com\/wp-content\/uploads\/2024\/06\/IMG-20240626-WA0047-1536x864.jpg",1536,864,true],"2048x2048":["https:\/\/contextoanalisisperiodistico.com\/wp-content\/uploads\/2024\/06\/IMG-20240626-WA0047.jpg",1600,900,false],"covernews-slider-full":["https:\/\/contextoanalisisperiodistico.com\/wp-content\/uploads\/2024\/06\/IMG-20240626-WA0047-1115x715.jpg",1115,715,true],"covernews-slider-center":["https:\/\/contextoanalisisperiodistico.com\/wp-content\/uploads\/2024\/06\/IMG-20240626-WA0047-800x500.jpg",800,500,true],"covernews-featured":["https:\/\/contextoanalisisperiodistico.com\/wp-content\/uploads\/2024\/06\/IMG-20240626-WA0047-1024x576.jpg",1024,576,true],"covernews-medium":["https:\/\/contextoanalisisperiodistico.com\/wp-content\/uploads\/2024\/06\/IMG-20240626-WA0047-540x340.jpg",540,340,true],"covernews-medium-square":["https:\/\/contextoanalisisperiodistico.com\/wp-content\/uploads\/2024\/06\/IMG-20240626-WA0047-400x250.jpg",400,250,true]},"author_info":{"display_name":"Mario Gir\u00f3n","author_link":"https:\/\/contextoanalisisperiodistico.com\/index.php\/author\/director\/"},"category_info":"<a href=\"https:\/\/contextoanalisisperiodistico.com\/index.php\/category\/politica\/\" rel=\"category tag\">Pol\u00edtica<\/a>","tag_info":"Pol\u00edtica","comment_count":"0","jetpack_featured_media_url":"https:\/\/contextoanalisisperiodistico.com\/wp-content\/uploads\/2024\/06\/IMG-20240626-WA0047.jpg","_links":{"self":[{"href":"https:\/\/contextoanalisisperiodistico.com\/index.php\/wp-json\/wp\/v2\/posts\/28033"}],"collection":[{"href":"https:\/\/contextoanalisisperiodistico.com\/index.php\/wp-json\/wp\/v2\/posts"}],"about":[{"href":"https:\/\/contextoanalisisperiodistico.com\/index.php\/wp-json\/wp\/v2\/types\/post"}],"author":[{"embeddable":true,"href":"https:\/\/contextoanalisisperiodistico.com\/index.php\/wp-json\/wp\/v2\/users\/4"}],"replies":[{"embeddable":true,"href":"https:\/\/contextoanalisisperiodistico.com\/index.php\/wp-json\/wp\/v2\/comments?post=28033"}],"version-history":[{"count":0,"href":"https:\/\/contextoanalisisperiodistico.com\/index.php\/wp-json\/wp\/v2\/posts\/28033\/revisions"}],"wp:featuredmedia":[{"embeddable":true,"href":"https:\/\/contextoanalisisperiodistico.com\/index.php\/wp-json\/wp\/v2\/media\/28029"}],"wp:attachment":[{"href":"https:\/\/contextoanalisisperiodistico.com\/index.php\/wp-json\/wp\/v2\/media?parent=28033"}],"wp:term":[{"taxonomy":"category","embeddable":true,"href":"https:\/\/contextoanalisisperiodistico.com\/index.php\/wp-json\/wp\/v2\/categories?post=28033"},{"taxonomy":"post_tag","embeddable":true,"href":"https:\/\/contextoanalisisperiodistico.com\/index.php\/wp-json\/wp\/v2\/tags?post=28033"}],"curies":[{"name":"wp","href":"https:\/\/api.w.org\/{rel}","templated":true}]}}