{"id":28018,"date":"2024-06-25T17:00:50","date_gmt":"2024-06-25T23:00:50","guid":{"rendered":"https:\/\/contextoanalisisperiodistico.com\/index.php\/2024\/06\/25\/reforestaran-con-mega-tequio-suelos-de-la-nacion-chocho-mixteca\/"},"modified":"2024-06-25T17:00:50","modified_gmt":"2024-06-25T23:00:50","slug":"reforestaran-con-mega-tequio-suelos-de-la-nacion-chocho-mixteca","status":"publish","type":"post","link":"https:\/\/contextoanalisisperiodistico.com\/index.php\/2024\/06\/25\/reforestaran-con-mega-tequio-suelos-de-la-nacion-chocho-mixteca\/","title":{"rendered":"Reforestar\u00e1n con Mega Tequio suelos de la naci\u00f3n Chocho-Mixteca"},"content":{"rendered":"<div id=\"fb-root\"><\/div>\n\n<p>\u2022 La meta es replantar 100 hect\u00e1reas en San Juan Bautista Coixtlahuaca<\/p>\n\n\n\n<figure class=\"wp-block-image size-large\"><img fetchpriority=\"high\" decoding=\"async\" width=\"900\" height=\"550\" src=\"https:\/\/contextoanalisisperiodistico.com\/wp-content\/uploads\/2024\/06\/img-20240625-wa00768508653403502374268.jpg\" alt=\"\" class=\"wp-image-28017\" srcset=\"https:\/\/contextoanalisisperiodistico.com\/wp-content\/uploads\/2024\/06\/img-20240625-wa00768508653403502374268.jpg 900w, https:\/\/contextoanalisisperiodistico.com\/wp-content\/uploads\/2024\/06\/img-20240625-wa00768508653403502374268-300x183.jpg 300w, https:\/\/contextoanalisisperiodistico.com\/wp-content\/uploads\/2024\/06\/img-20240625-wa00768508653403502374268-768x469.jpg 768w\" sizes=\"(max-width: 900px) 100vw, 900px\" \/><\/figure>\n\n\n\n<figure class=\"wp-block-image\"><img decoding=\"async\" width=\"300\" height=\"200\" src=\"https:\/\/contextoanalisisperiodistico.com\/wp-content\/uploads\/2024\/06\/img-20240625-wa00783569686301722989875-300x200.jpg\" alt=\"\" class=\"wp-image-28016\" srcset=\"https:\/\/contextoanalisisperiodistico.com\/wp-content\/uploads\/2024\/06\/img-20240625-wa00783569686301722989875-300x200.jpg 300w, https:\/\/contextoanalisisperiodistico.com\/wp-content\/uploads\/2024\/06\/img-20240625-wa00783569686301722989875-768x512.jpg 768w, https:\/\/contextoanalisisperiodistico.com\/wp-content\/uploads\/2024\/06\/img-20240625-wa00783569686301722989875.jpg 900w\" sizes=\"(max-width: 300px) 100vw, 300px\" \/><\/figure>\n\n\n\n<p>Oaxaca de Ju\u00e1rez, Oax. 25 de junio de 2024.- Con la finalidad de recuperar la fertilidad de la tierra en la naci\u00f3n Chocho-Mixteca, el Gobierno del Estado realizar\u00e1 el Mega Tequio de Reforestaci\u00f3n Bienestar en San Juan Bautista Coixtlahuaca, en el marco del D\u00eda Internacional del \u00c1rbol.<\/p>\n\n\n\n<p>Los d\u00edas 29 y 30 de junio se realizar\u00e1 la reforestaci\u00f3n de al menos 100 hect\u00e1reas con 100 mil \u00e1rboles de esta zona semi\u00e1rida, retomando de esta manera la pr\u00e1ctica milenaria del tequio, con lo que se pretende institucionalizar esta actividad.<\/p>\n\n\n\n<p>En conferencia de prensa para anunciar la actividad, las secretar\u00edas de Fomento Agroalimentario y Desarrollo Rural (Sefader), de Bienestar, Tequio e Inclusi\u00f3n (Sebienti) y la Comisi\u00f3n Estatal Forestal (Coesfo) convocaron a autoridades municipales y de bienes comunales de los 19 pueblos de dicha naci\u00f3n, as\u00ed como a la ciudadan\u00eda en general a sumarse a esta actividad.<\/p>\n\n\n\n<p>Con esta acci\u00f3n el gobierno de la Primavera Oaxaque\u00f1a otorga bienestar a las comunidades. Adem\u00e1s, contrarresta los devastadores efectos de los incendios forestales de la reciente temporada.<\/p>\n\n\n\n<p>La naci\u00f3n Chocho-Mixteca desde hace aproximadamente 40 a\u00f1os ha realizado la restauraci\u00f3n de sus suelos degradados. Para ello las comunidades de esta microrregi\u00f3n decidieron comenzar a recuperar el agua y la fertilidad de su territorio.<\/p>\n\n\n\n<p>Y es que al menos 2 mil hect\u00e1reas degradadas de la comunidad agraria de San Juan Bautista Coixtlahuaca han sido reforestadas con trabajo comunal desde el a\u00f1o 2000; lo cual equivale a casi tres veces la extensi\u00f3n del Bosque de Chapultepec de la Ciudad de M\u00e9xico.<br \/>-0-<\/p>\n\n\n\n<p><\/p>\n","protected":false},"excerpt":{"rendered":"<p>\u2022 La meta es replantar 100 hect\u00e1reas en San Juan Bautista Coixtlahuaca Oaxaca de Ju\u00e1rez,&#8230;<\/p>\n","protected":false},"author":4,"featured_media":28015,"comment_status":"","ping_status":"open","sticky":false,"template":"","format":"standard","meta":{"footnotes":""},"categories":[7],"tags":[],"jetpack_sharing_enabled":true,"featured_image_urls":{"full":["https:\/\/contextoanalisisperiodistico.com\/wp-content\/uploads\/2024\/06\/IMG-20240625-WA0077.jpg",900,607,false],"thumbnail":["https:\/\/contextoanalisisperiodistico.com\/wp-content\/uploads\/2024\/06\/IMG-20240625-WA0077-150x150.jpg",150,150,true],"medium":["https:\/\/contextoanalisisperiodistico.com\/wp-content\/uploads\/2024\/06\/IMG-20240625-WA0077-300x202.jpg",300,202,true],"medium_large":["https:\/\/contextoanalisisperiodistico.com\/wp-content\/uploads\/2024\/06\/IMG-20240625-WA0077-768x518.jpg",640,432,true],"large":["https:\/\/contextoanalisisperiodistico.com\/wp-content\/uploads\/2024\/06\/IMG-20240625-WA0077.jpg",640,432,false],"1536x1536":["https:\/\/contextoanalisisperiodistico.com\/wp-content\/uploads\/2024\/06\/IMG-20240625-WA0077.jpg",900,607,false],"2048x2048":["https:\/\/contextoanalisisperiodistico.com\/wp-content\/uploads\/2024\/06\/IMG-20240625-WA0077.jpg",900,607,false],"covernews-slider-full":["https:\/\/contextoanalisisperiodistico.com\/wp-content\/uploads\/2024\/06\/IMG-20240625-WA0077.jpg",900,607,false],"covernews-slider-center":["https:\/\/contextoanalisisperiodistico.com\/wp-content\/uploads\/2024\/06\/IMG-20240625-WA0077-800x500.jpg",800,500,true],"covernews-featured":["https:\/\/contextoanalisisperiodistico.com\/wp-content\/uploads\/2024\/06\/IMG-20240625-WA0077.jpg",900,607,false],"covernews-medium":["https:\/\/contextoanalisisperiodistico.com\/wp-content\/uploads\/2024\/06\/IMG-20240625-WA0077-540x340.jpg",540,340,true],"covernews-medium-square":["https:\/\/contextoanalisisperiodistico.com\/wp-content\/uploads\/2024\/06\/IMG-20240625-WA0077-400x250.jpg",400,250,true]},"author_info":{"display_name":"Mario Gir\u00f3n","author_link":"https:\/\/contextoanalisisperiodistico.com\/index.php\/author\/director\/"},"category_info":"<a href=\"https:\/\/contextoanalisisperiodistico.com\/index.php\/category\/municipios\/\" rel=\"category tag\">Municipios<\/a>","tag_info":"Municipios","comment_count":"0","jetpack_featured_media_url":"https:\/\/contextoanalisisperiodistico.com\/wp-content\/uploads\/2024\/06\/IMG-20240625-WA0077.jpg","_links":{"self":[{"href":"https:\/\/contextoanalisisperiodistico.com\/index.php\/wp-json\/wp\/v2\/posts\/28018"}],"collection":[{"href":"https:\/\/contextoanalisisperiodistico.com\/index.php\/wp-json\/wp\/v2\/posts"}],"about":[{"href":"https:\/\/contextoanalisisperiodistico.com\/index.php\/wp-json\/wp\/v2\/types\/post"}],"author":[{"embeddable":true,"href":"https:\/\/contextoanalisisperiodistico.com\/index.php\/wp-json\/wp\/v2\/users\/4"}],"replies":[{"embeddable":true,"href":"https:\/\/contextoanalisisperiodistico.com\/index.php\/wp-json\/wp\/v2\/comments?post=28018"}],"version-history":[{"count":0,"href":"https:\/\/contextoanalisisperiodistico.com\/index.php\/wp-json\/wp\/v2\/posts\/28018\/revisions"}],"wp:featuredmedia":[{"embeddable":true,"href":"https:\/\/contextoanalisisperiodistico.com\/index.php\/wp-json\/wp\/v2\/media\/28015"}],"wp:attachment":[{"href":"https:\/\/contextoanalisisperiodistico.com\/index.php\/wp-json\/wp\/v2\/media?parent=28018"}],"wp:term":[{"taxonomy":"category","embeddable":true,"href":"https:\/\/contextoanalisisperiodistico.com\/index.php\/wp-json\/wp\/v2\/categories?post=28018"},{"taxonomy":"post_tag","embeddable":true,"href":"https:\/\/contextoanalisisperiodistico.com\/index.php\/wp-json\/wp\/v2\/tags?post=28018"}],"curies":[{"name":"wp","href":"https:\/\/api.w.org\/{rel}","templated":true}]}}