{"id":27786,"date":"2024-06-20T22:31:51","date_gmt":"2024-06-21T04:31:51","guid":{"rendered":"https:\/\/contextoanalisisperiodistico.com\/index.php\/2024\/06\/20\/evacuan-hospital-de-la-ninez-oaxaquena-por-encharcamiento-de-instalaciones\/"},"modified":"2024-06-20T22:31:51","modified_gmt":"2024-06-21T04:31:51","slug":"evacuan-hospital-de-la-ninez-oaxaquena-por-encharcamiento-de-instalaciones","status":"publish","type":"post","link":"https:\/\/contextoanalisisperiodistico.com\/index.php\/2024\/06\/20\/evacuan-hospital-de-la-ninez-oaxaquena-por-encharcamiento-de-instalaciones\/","title":{"rendered":"Evacuan Hospital de la Ni\u00f1ez Oaxaque\u00f1a por encharcamiento de instalaciones"},"content":{"rendered":"<div id=\"fb-root\"><\/div>\n\n<ul class=\"wp-block-list\">\n<li>Personal de distintas instituciones particip\u00f3 en el desalojo de 70 personas, entre ellas adultos, ni\u00f1as y ni\u00f1os<\/li>\n<\/ul>\n\n\n\n<p>San Bartolo Coyotepec, Oax. 20 de junio de 2024.- Personal de Protecci\u00f3n Civil coordin\u00f3 los trabajos de evacuaci\u00f3n de m\u00e1s de 70 personas, entre ellas adultos, ni\u00f1as y ni\u00f1os del Hospital de la Ni\u00f1ez Oaxaque\u00f1a Doctor Guillermo Z\u00e1rate Mijangos, ubicado en el municipio de San Bartolo Coyotepec, luego del encharcamiento que dejaron las lluvias de este jueves.<\/p>\n\n\n\n<p>Asimismo, se llev\u00f3 a cabo la inspecci\u00f3n y evaluaci\u00f3n del nosocomio, en el que se realizaron los trabajos necesarios para abrir y limpiar las juntas constructivas por donde se est\u00e1 dando salida al agua estancada.<\/p>\n\n\n\n<p>Las \u00e1reas que fueron evacuadas son la Unidad de Urgencias, Unidad de Terapia Intensiva, \u00c1rea de Infectolog\u00eda, Unidad de Cuidados Intensivos Neonatales (UCIN), Unidad de Cuidados intensivos Pedi\u00e1tricos (UCIP), Medicina Interna, Infectolog\u00eda y Cirug\u00eda.<\/p>\n\n\n\n<p>En los trabajos de evacuaci\u00f3n tambi\u00e9n participaron el Ej\u00e9rcito Mexicano, Heroico Cuerpo de Bomberos, Polic\u00eda Estatal y personal del hospital.<\/p>\n\n\n\n<p>En tanto, Servicios de Salud de Oaxaca (SSO) report\u00f3 el traslado de tres pacientes al Hospital General Doctor Aurelio Valdivieso, ocho al Hospital Regional de Alta Especialidad del Estado de Oaxaca y dos al Instituto Mexicano del Seguro Social (IMSS) de Tlacolula. Adem\u00e1s, inform\u00f3 que se habilitar\u00e1 un albergue en el Hospital de la Mujer.<\/p>\n\n\n\n<p>-0-<\/p>\n\n\n\n<figure class=\"wp-block-image size-large\"><img fetchpriority=\"high\" decoding=\"async\" width=\"768\" height=\"1024\" src=\"https:\/\/contextoanalisisperiodistico.com\/wp-content\/uploads\/2024\/06\/img-20240620-wa00447378261070419540387-768x1024.jpg\" alt=\"\" class=\"wp-image-27780\" srcset=\"https:\/\/contextoanalisisperiodistico.com\/wp-content\/uploads\/2024\/06\/img-20240620-wa00447378261070419540387-768x1024.jpg 768w, https:\/\/contextoanalisisperiodistico.com\/wp-content\/uploads\/2024\/06\/img-20240620-wa00447378261070419540387-225x300.jpg 225w, https:\/\/contextoanalisisperiodistico.com\/wp-content\/uploads\/2024\/06\/img-20240620-wa00447378261070419540387-1152x1536.jpg 1152w, https:\/\/contextoanalisisperiodistico.com\/wp-content\/uploads\/2024\/06\/img-20240620-wa00447378261070419540387-1024x1365.jpg 1024w, https:\/\/contextoanalisisperiodistico.com\/wp-content\/uploads\/2024\/06\/img-20240620-wa00447378261070419540387.jpg 1200w\" sizes=\"(max-width: 768px) 100vw, 768px\" \/><\/figure>\n\n\n\n<figure class=\"wp-block-video\"><video controls src=\"https:\/\/contextoanalisisperiodistico.com\/wp-content\/uploads\/2024\/06\/VID-20240620-WA0053.mp4\"><\/video><\/figure>\n\n\n\n<figure class=\"wp-block-video\"><video controls src=\"https:\/\/contextoanalisisperiodistico.com\/wp-content\/uploads\/2024\/06\/VID-20240620-WA0052.mp4\"><\/video><\/figure>\n\n\n\n<figure class=\"wp-block-video\"><video controls src=\"https:\/\/contextoanalisisperiodistico.com\/wp-content\/uploads\/2024\/06\/VID-20240620-WA0047.mp4\"><\/video><\/figure>\n\n\n\n<figure class=\"wp-block-video\"><video controls src=\"https:\/\/contextoanalisisperiodistico.com\/wp-content\/uploads\/2024\/06\/VID-20240620-WA0042.mp4\"><\/video><\/figure>\n\n\n\n<figure class=\"wp-block-video\"><video controls src=\"https:\/\/contextoanalisisperiodistico.com\/wp-content\/uploads\/2024\/06\/VID-20240620-WA0041.mp4\"><\/video><\/figure>\n","protected":false},"excerpt":{"rendered":"<p>San Bartolo Coyotepec, Oax. 20 de junio de 2024.- Personal de Protecci\u00f3n Civil coordin\u00f3 los&#8230;<\/p>\n","protected":false},"author":4,"featured_media":27779,"comment_status":"","ping_status":"open","sticky":false,"template":"","format":"standard","meta":{"footnotes":""},"categories":[9],"tags":[],"jetpack_sharing_enabled":true,"featured_image_urls":{"full":["https:\/\/contextoanalisisperiodistico.com\/wp-content\/uploads\/2024\/06\/IMG-20240620-WA0043.jpg",1600,1200,false],"thumbnail":["https:\/\/contextoanalisisperiodistico.com\/wp-content\/uploads\/2024\/06\/IMG-20240620-WA0043-150x150.jpg",150,150,true],"medium":["https:\/\/contextoanalisisperiodistico.com\/wp-content\/uploads\/2024\/06\/IMG-20240620-WA0043-300x225.jpg",300,225,true],"medium_large":["https:\/\/contextoanalisisperiodistico.com\/wp-content\/uploads\/2024\/06\/IMG-20240620-WA0043-768x576.jpg",640,480,true],"large":["https:\/\/contextoanalisisperiodistico.com\/wp-content\/uploads\/2024\/06\/IMG-20240620-WA0043-1024x768.jpg",640,480,true],"1536x1536":["https:\/\/contextoanalisisperiodistico.com\/wp-content\/uploads\/2024\/06\/IMG-20240620-WA0043-1536x1152.jpg",1536,1152,true],"2048x2048":["https:\/\/contextoanalisisperiodistico.com\/wp-content\/uploads\/2024\/06\/IMG-20240620-WA0043.jpg",1600,1200,false],"covernews-slider-full":["https:\/\/contextoanalisisperiodistico.com\/wp-content\/uploads\/2024\/06\/IMG-20240620-WA0043-1115x715.jpg",1115,715,true],"covernews-slider-center":["https:\/\/contextoanalisisperiodistico.com\/wp-content\/uploads\/2024\/06\/IMG-20240620-WA0043-800x500.jpg",800,500,true],"covernews-featured":["https:\/\/contextoanalisisperiodistico.com\/wp-content\/uploads\/2024\/06\/IMG-20240620-WA0043-1024x768.jpg",1024,768,true],"covernews-medium":["https:\/\/contextoanalisisperiodistico.com\/wp-content\/uploads\/2024\/06\/IMG-20240620-WA0043-540x340.jpg",540,340,true],"covernews-medium-square":["https:\/\/contextoanalisisperiodistico.com\/wp-content\/uploads\/2024\/06\/IMG-20240620-WA0043-400x250.jpg",400,250,true]},"author_info":{"display_name":"Mario Gir\u00f3n","author_link":"https:\/\/contextoanalisisperiodistico.com\/index.php\/author\/director\/"},"category_info":"<a href=\"https:\/\/contextoanalisisperiodistico.com\/index.php\/category\/politica\/\" rel=\"category tag\">Pol\u00edtica<\/a>","tag_info":"Pol\u00edtica","comment_count":"0","jetpack_featured_media_url":"https:\/\/contextoanalisisperiodistico.com\/wp-content\/uploads\/2024\/06\/IMG-20240620-WA0043.jpg","_links":{"self":[{"href":"https:\/\/contextoanalisisperiodistico.com\/index.php\/wp-json\/wp\/v2\/posts\/27786"}],"collection":[{"href":"https:\/\/contextoanalisisperiodistico.com\/index.php\/wp-json\/wp\/v2\/posts"}],"about":[{"href":"https:\/\/contextoanalisisperiodistico.com\/index.php\/wp-json\/wp\/v2\/types\/post"}],"author":[{"embeddable":true,"href":"https:\/\/contextoanalisisperiodistico.com\/index.php\/wp-json\/wp\/v2\/users\/4"}],"replies":[{"embeddable":true,"href":"https:\/\/contextoanalisisperiodistico.com\/index.php\/wp-json\/wp\/v2\/comments?post=27786"}],"version-history":[{"count":0,"href":"https:\/\/contextoanalisisperiodistico.com\/index.php\/wp-json\/wp\/v2\/posts\/27786\/revisions"}],"wp:featuredmedia":[{"embeddable":true,"href":"https:\/\/contextoanalisisperiodistico.com\/index.php\/wp-json\/wp\/v2\/media\/27779"}],"wp:attachment":[{"href":"https:\/\/contextoanalisisperiodistico.com\/index.php\/wp-json\/wp\/v2\/media?parent=27786"}],"wp:term":[{"taxonomy":"category","embeddable":true,"href":"https:\/\/contextoanalisisperiodistico.com\/index.php\/wp-json\/wp\/v2\/categories?post=27786"},{"taxonomy":"post_tag","embeddable":true,"href":"https:\/\/contextoanalisisperiodistico.com\/index.php\/wp-json\/wp\/v2\/tags?post=27786"}],"curies":[{"name":"wp","href":"https:\/\/api.w.org\/{rel}","templated":true}]}}