{"id":27778,"date":"2024-06-20T21:41:47","date_gmt":"2024-06-21T03:41:47","guid":{"rendered":"https:\/\/contextoanalisisperiodistico.com\/index.php\/2024\/06\/20\/emiten-recomendaciones-ante-lluvias-y-aguaceros-que-se-presentan-en-oaxaca\/"},"modified":"2024-06-20T21:41:47","modified_gmt":"2024-06-21T03:41:47","slug":"emiten-recomendaciones-ante-lluvias-y-aguaceros-que-se-presentan-en-oaxaca","status":"publish","type":"post","link":"https:\/\/contextoanalisisperiodistico.com\/index.php\/2024\/06\/20\/emiten-recomendaciones-ante-lluvias-y-aguaceros-que-se-presentan-en-oaxaca\/","title":{"rendered":"Emiten recomendaciones ante lluvias y aguaceros que se presentan en Oaxaca"},"content":{"rendered":"<div id=\"fb-root\"><\/div>\n\n<p>Oaxaca de Ju\u00e1rez, Oax. 20 de junio de 2024.- La Coordinaci\u00f3n Estatal de Protecci\u00f3n Civil y Gesti\u00f3n de Riesgos (CEPCyGR) recomienda a la poblaci\u00f3n tomar precauciones por las lluvias y aguaceros que se presentan durante esta noche en los Valles Centrales y diversas regiones del estado.<\/p>\n\n\n\n<p>Estas condiciones inestables est\u00e1n presentes sobre el estado, debido al alto contenido de humedad existente, por lo que la actividad lluviosa es de variada intensidad generalizada con per\u00edodos de tormentas, acompa\u00f1adas de actividad el\u00e9ctrica, chubascos y rachas de viento.<\/p>\n\n\n\n<p>Las lluvias de las \u00faltimas horas han provocado encharcamientos urbanos, y no se descarta crecidas de r\u00edos, ca\u00edda de \u00e1rboles y tendido el\u00e9ctrico, derrumbes en carreteras y caminos rurales.<\/p>\n\n\n\n<p>Por lo que la dependencia recomienda:<br \/>\u2022 Mantenerse informado sobre el pron\u00f3stico del tiempo, boletines o alertas meteorol\u00f3gicas oficiales<br \/>\u2022 No cruzar en autom\u00f3vil o caminando \u00e1reas inundadas<br \/>\u2022 Aislarse lo m\u00e1s posible de espectaculares, mallas o rejas met\u00e1licas<br \/>\u2022 No estacionarse debajo de un \u00e1rbol aislado o saliente<br \/>\u2022 En caso de tormenta el\u00e9ctrica, refugiarse en un lugar seguro y permanecer ah\u00ed 30 minutos despu\u00e9s del \u00faltimo estruendo del trueno<br \/>\u2022 Evitar manipular herramientas como palas, picos, barretas mientras dure la tormenta<br \/>De igual manera pide a la poblaci\u00f3n tomar precauciones y atender las recomendaciones de Protecci\u00f3n Civil y Capitan\u00edas de Puerto, adem\u00e1s de mantenerse informada a trav\u00e9s de los medios y redes sociales oficiales: Facebook @CEPCYGRGobOax y en X @CEPCyGR_GobOax.<\/p>\n","protected":false},"excerpt":{"rendered":"<p>Oaxaca de Ju\u00e1rez, Oax. 20 de junio de 2024.- La Coordinaci\u00f3n Estatal de Protecci\u00f3n Civil&#8230;<\/p>\n","protected":false},"author":4,"featured_media":27777,"comment_status":"","ping_status":"open","sticky":false,"template":"","format":"standard","meta":{"footnotes":""},"categories":[9],"tags":[],"jetpack_sharing_enabled":true,"featured_image_urls":{"full":["https:\/\/contextoanalisisperiodistico.com\/wp-content\/uploads\/2024\/06\/IMG-20240620-WA0040.jpg",400,400,false],"thumbnail":["https:\/\/contextoanalisisperiodistico.com\/wp-content\/uploads\/2024\/06\/IMG-20240620-WA0040-150x150.jpg",150,150,true],"medium":["https:\/\/contextoanalisisperiodistico.com\/wp-content\/uploads\/2024\/06\/IMG-20240620-WA0040-300x300.jpg",300,300,true],"medium_large":["https:\/\/contextoanalisisperiodistico.com\/wp-content\/uploads\/2024\/06\/IMG-20240620-WA0040.jpg",400,400,false],"large":["https:\/\/contextoanalisisperiodistico.com\/wp-content\/uploads\/2024\/06\/IMG-20240620-WA0040.jpg",400,400,false],"1536x1536":["https:\/\/contextoanalisisperiodistico.com\/wp-content\/uploads\/2024\/06\/IMG-20240620-WA0040.jpg",400,400,false],"2048x2048":["https:\/\/contextoanalisisperiodistico.com\/wp-content\/uploads\/2024\/06\/IMG-20240620-WA0040.jpg",400,400,false],"covernews-slider-full":["https:\/\/contextoanalisisperiodistico.com\/wp-content\/uploads\/2024\/06\/IMG-20240620-WA0040.jpg",400,400,false],"covernews-slider-center":["https:\/\/contextoanalisisperiodistico.com\/wp-content\/uploads\/2024\/06\/IMG-20240620-WA0040.jpg",400,400,false],"covernews-featured":["https:\/\/contextoanalisisperiodistico.com\/wp-content\/uploads\/2024\/06\/IMG-20240620-WA0040.jpg",400,400,false],"covernews-medium":["https:\/\/contextoanalisisperiodistico.com\/wp-content\/uploads\/2024\/06\/IMG-20240620-WA0040-400x340.jpg",400,340,true],"covernews-medium-square":["https:\/\/contextoanalisisperiodistico.com\/wp-content\/uploads\/2024\/06\/IMG-20240620-WA0040-400x250.jpg",400,250,true]},"author_info":{"display_name":"Mario Gir\u00f3n","author_link":"https:\/\/contextoanalisisperiodistico.com\/index.php\/author\/director\/"},"category_info":"<a href=\"https:\/\/contextoanalisisperiodistico.com\/index.php\/category\/politica\/\" rel=\"category tag\">Pol\u00edtica<\/a>","tag_info":"Pol\u00edtica","comment_count":"0","jetpack_featured_media_url":"https:\/\/contextoanalisisperiodistico.com\/wp-content\/uploads\/2024\/06\/IMG-20240620-WA0040.jpg","_links":{"self":[{"href":"https:\/\/contextoanalisisperiodistico.com\/index.php\/wp-json\/wp\/v2\/posts\/27778"}],"collection":[{"href":"https:\/\/contextoanalisisperiodistico.com\/index.php\/wp-json\/wp\/v2\/posts"}],"about":[{"href":"https:\/\/contextoanalisisperiodistico.com\/index.php\/wp-json\/wp\/v2\/types\/post"}],"author":[{"embeddable":true,"href":"https:\/\/contextoanalisisperiodistico.com\/index.php\/wp-json\/wp\/v2\/users\/4"}],"replies":[{"embeddable":true,"href":"https:\/\/contextoanalisisperiodistico.com\/index.php\/wp-json\/wp\/v2\/comments?post=27778"}],"version-history":[{"count":0,"href":"https:\/\/contextoanalisisperiodistico.com\/index.php\/wp-json\/wp\/v2\/posts\/27778\/revisions"}],"wp:featuredmedia":[{"embeddable":true,"href":"https:\/\/contextoanalisisperiodistico.com\/index.php\/wp-json\/wp\/v2\/media\/27777"}],"wp:attachment":[{"href":"https:\/\/contextoanalisisperiodistico.com\/index.php\/wp-json\/wp\/v2\/media?parent=27778"}],"wp:term":[{"taxonomy":"category","embeddable":true,"href":"https:\/\/contextoanalisisperiodistico.com\/index.php\/wp-json\/wp\/v2\/categories?post=27778"},{"taxonomy":"post_tag","embeddable":true,"href":"https:\/\/contextoanalisisperiodistico.com\/index.php\/wp-json\/wp\/v2\/tags?post=27778"}],"curies":[{"name":"wp","href":"https:\/\/api.w.org\/{rel}","templated":true}]}}