{"id":27768,"date":"2024-06-20T20:06:03","date_gmt":"2024-06-21T02:06:03","guid":{"rendered":"https:\/\/contextoanalisisperiodistico.com\/index.php\/2024\/06\/20\/cosechar-agua-de-lluvia-y-tapar-recipientes-recomienda-ayuntamiento-capitalino\/"},"modified":"2024-06-20T20:06:03","modified_gmt":"2024-06-21T02:06:03","slug":"cosechar-agua-de-lluvia-y-tapar-recipientes-recomienda-ayuntamiento-capitalino","status":"publish","type":"post","link":"https:\/\/contextoanalisisperiodistico.com\/index.php\/2024\/06\/20\/cosechar-agua-de-lluvia-y-tapar-recipientes-recomienda-ayuntamiento-capitalino\/","title":{"rendered":"Cosechar agua de lluvia y tapar recipientes recomienda Ayuntamiento capitalino"},"content":{"rendered":"<div id=\"fb-root\"><\/div>\n\n<p>-Un enfoque integral para enfrentar desaf\u00edos ambientales y de salud p\u00fablica&nbsp;<\/p>\n\n\n\n<p>Oaxaca de Ju\u00e1rez, Oaxaca a 20 de junio de 2024.- Para hacer frente a la problem\u00e1tica del agua que afecta a Oaxaca de Ju\u00e1rez y su zona metropolitana, el Ayuntamiento capitalino contin\u00faa fomentando el proyecto conocido como \u201cCiudad Esponja\u201d. Esta iniciativa busca generar la cultura de cosecha (captaci\u00f3n) y siembra (infiltraci\u00f3n) de agua de lluvia.&nbsp;<\/p>\n\n\n\n<p>\u00abEstamos enfrentando desaf\u00edos ambientales importantes como la escasez de agua. Ya he mencionado que este podr\u00eda ser el a\u00f1o cero y Ciudad Esponja es nuestra respuesta para hacer de Oaxaca de Ju\u00e1rez una ciudad m\u00e1s resiliente\u00bb, se\u00f1al\u00f3 el Presidente Municipal, Francisco Mart\u00ednez Neri.&nbsp;<\/p>\n\n\n\n<p>Este proyecto tambi\u00e9n promueve la participaci\u00f3n activa de la ciudadan\u00eda en la cosecha de agua, ya que desde el hogar es posible recolectarla y reutilizarla en las labores comunes como limpiar electrodom\u00e9sticos, lavar el piso, ba\u00f1ar a las mascotas, tirar del inodoro, entre otras.<\/p>\n\n\n\n<p>Sin embargo, con la llegada de la temporada de lluvias tambi\u00e9n surge la preocupaci\u00f3n por la proliferaci\u00f3n del mosquito del dengue, por lo que la autoridad municipal ha emitido recomendaciones clave para evitar la reproducci\u00f3n de estos vectores, incluyendo la necesidad de tapar recipientes que puedan acumular agua estancada, como cubetas, llantas y recipientes en patios o azoteas.<\/p>\n\n\n\n<p>As\u00ed pues ante la recomendaci\u00f3n de cosechar agua de lluvia se recomienda tambi\u00e9n tapar los recipientes en los que se haya recolectado el agua de lluvia y utilizarla siempre lo m\u00e1s pronto posible para no abonar a la reproducci\u00f3n de mosquitos transmisores de enfermedades.&nbsp;<\/p>\n\n\n\n<p>La combinaci\u00f3n de iniciativas como Ciudad Esponja y las medidas preventivas contra el dengue refleja un enfoque integral para enfrentar los desaf\u00edos ambientales y de salud p\u00fablica en Oaxaca de Ju\u00e1rez. Con la colaboraci\u00f3n entre ciudadan\u00eda y gobierno, se lograr\u00e1 un entorno m\u00e1s seguro, sostenible y resiliente para todas y todos.<\/p>\n\n\n\n<figure class=\"wp-block-image size-large\"><img fetchpriority=\"high\" decoding=\"async\" width=\"1024\" height=\"680\" src=\"https:\/\/contextoanalisisperiodistico.com\/wp-content\/uploads\/2024\/06\/boletinfoto3009545820154583846-1024x680.jpg\" alt=\"\" class=\"wp-image-27767\" srcset=\"https:\/\/contextoanalisisperiodistico.com\/wp-content\/uploads\/2024\/06\/boletinfoto3009545820154583846-1024x680.jpg 1024w, https:\/\/contextoanalisisperiodistico.com\/wp-content\/uploads\/2024\/06\/boletinfoto3009545820154583846-300x199.jpg 300w, https:\/\/contextoanalisisperiodistico.com\/wp-content\/uploads\/2024\/06\/boletinfoto3009545820154583846-768x510.jpg 768w, https:\/\/contextoanalisisperiodistico.com\/wp-content\/uploads\/2024\/06\/boletinfoto3009545820154583846-1536x1020.jpg 1536w, https:\/\/contextoanalisisperiodistico.com\/wp-content\/uploads\/2024\/06\/boletinfoto3009545820154583846.jpg 1600w\" sizes=\"(max-width: 1024px) 100vw, 1024px\" \/><\/figure>\n","protected":false},"excerpt":{"rendered":"<p>-Un enfoque integral para enfrentar desaf\u00edos ambientales y de salud p\u00fablica&nbsp; Oaxaca de Ju\u00e1rez, Oaxaca&#8230;<\/p>\n","protected":false},"author":4,"featured_media":27766,"comment_status":"","ping_status":"open","sticky":false,"template":"","format":"standard","meta":{"footnotes":""},"categories":[9],"tags":[],"jetpack_sharing_enabled":true,"featured_image_urls":{"full":["https:\/\/contextoanalisisperiodistico.com\/wp-content\/uploads\/2024\/06\/FotoboletC3ADn20-06-24.jpeg",1066,1600,false],"thumbnail":["https:\/\/contextoanalisisperiodistico.com\/wp-content\/uploads\/2024\/06\/FotoboletC3ADn20-06-24-150x150.jpeg",150,150,true],"medium":["https:\/\/contextoanalisisperiodistico.com\/wp-content\/uploads\/2024\/06\/FotoboletC3ADn20-06-24-200x300.jpeg",200,300,true],"medium_large":["https:\/\/contextoanalisisperiodistico.com\/wp-content\/uploads\/2024\/06\/FotoboletC3ADn20-06-24-768x1153.jpeg",640,961,true],"large":["https:\/\/contextoanalisisperiodistico.com\/wp-content\/uploads\/2024\/06\/FotoboletC3ADn20-06-24-682x1024.jpeg",640,961,true],"1536x1536":["https:\/\/contextoanalisisperiodistico.com\/wp-content\/uploads\/2024\/06\/FotoboletC3ADn20-06-24-1023x1536.jpeg",1023,1536,true],"2048x2048":["https:\/\/contextoanalisisperiodistico.com\/wp-content\/uploads\/2024\/06\/FotoboletC3ADn20-06-24.jpeg",1066,1600,false],"covernews-slider-full":["https:\/\/contextoanalisisperiodistico.com\/wp-content\/uploads\/2024\/06\/FotoboletC3ADn20-06-24-1066x715.jpeg",1066,715,true],"covernews-slider-center":["https:\/\/contextoanalisisperiodistico.com\/wp-content\/uploads\/2024\/06\/FotoboletC3ADn20-06-24-800x500.jpeg",800,500,true],"covernews-featured":["https:\/\/contextoanalisisperiodistico.com\/wp-content\/uploads\/2024\/06\/FotoboletC3ADn20-06-24-1024x1537.jpeg",1024,1537,true],"covernews-medium":["https:\/\/contextoanalisisperiodistico.com\/wp-content\/uploads\/2024\/06\/FotoboletC3ADn20-06-24-540x340.jpeg",540,340,true],"covernews-medium-square":["https:\/\/contextoanalisisperiodistico.com\/wp-content\/uploads\/2024\/06\/FotoboletC3ADn20-06-24-400x250.jpeg",400,250,true]},"author_info":{"display_name":"Mario Gir\u00f3n","author_link":"https:\/\/contextoanalisisperiodistico.com\/index.php\/author\/director\/"},"category_info":"<a href=\"https:\/\/contextoanalisisperiodistico.com\/index.php\/category\/politica\/\" rel=\"category tag\">Pol\u00edtica<\/a>","tag_info":"Pol\u00edtica","comment_count":"0","jetpack_featured_media_url":"https:\/\/contextoanalisisperiodistico.com\/wp-content\/uploads\/2024\/06\/FotoboletC3ADn20-06-24.jpeg","_links":{"self":[{"href":"https:\/\/contextoanalisisperiodistico.com\/index.php\/wp-json\/wp\/v2\/posts\/27768"}],"collection":[{"href":"https:\/\/contextoanalisisperiodistico.com\/index.php\/wp-json\/wp\/v2\/posts"}],"about":[{"href":"https:\/\/contextoanalisisperiodistico.com\/index.php\/wp-json\/wp\/v2\/types\/post"}],"author":[{"embeddable":true,"href":"https:\/\/contextoanalisisperiodistico.com\/index.php\/wp-json\/wp\/v2\/users\/4"}],"replies":[{"embeddable":true,"href":"https:\/\/contextoanalisisperiodistico.com\/index.php\/wp-json\/wp\/v2\/comments?post=27768"}],"version-history":[{"count":0,"href":"https:\/\/contextoanalisisperiodistico.com\/index.php\/wp-json\/wp\/v2\/posts\/27768\/revisions"}],"wp:featuredmedia":[{"embeddable":true,"href":"https:\/\/contextoanalisisperiodistico.com\/index.php\/wp-json\/wp\/v2\/media\/27766"}],"wp:attachment":[{"href":"https:\/\/contextoanalisisperiodistico.com\/index.php\/wp-json\/wp\/v2\/media?parent=27768"}],"wp:term":[{"taxonomy":"category","embeddable":true,"href":"https:\/\/contextoanalisisperiodistico.com\/index.php\/wp-json\/wp\/v2\/categories?post=27768"},{"taxonomy":"post_tag","embeddable":true,"href":"https:\/\/contextoanalisisperiodistico.com\/index.php\/wp-json\/wp\/v2\/tags?post=27768"}],"curies":[{"name":"wp","href":"https:\/\/api.w.org\/{rel}","templated":true}]}}