{"id":27761,"date":"2024-06-20T15:52:54","date_gmt":"2024-06-20T21:52:54","guid":{"rendered":"https:\/\/contextoanalisisperiodistico.com\/index.php\/2024\/06\/20\/realizan-tareas-de-seguridad-y-prevencion-del-delito-en-oaxaca-sspc\/"},"modified":"2024-06-20T15:52:54","modified_gmt":"2024-06-20T21:52:54","slug":"realizan-tareas-de-seguridad-y-prevencion-del-delito-en-oaxaca-sspc","status":"publish","type":"post","link":"https:\/\/contextoanalisisperiodistico.com\/index.php\/2024\/06\/20\/realizan-tareas-de-seguridad-y-prevencion-del-delito-en-oaxaca-sspc\/","title":{"rendered":"Realizan tareas de seguridad y prevenci\u00f3n del delito en Oaxaca: SSPC"},"content":{"rendered":"<div id=\"fb-root\"><\/div>\n\n<p>\u2022 Se implementaron 552 acciones en las que 193 veh\u00edculos fueron recuperados; 12 contaban con reporte de robo<\/p>\n\n\n\n<p>Oaxaca de Ju\u00e1rez, Oax., 20 de junio de 2024.- Del 11 al 18 de junio, la Secretar\u00eda de Seguridad y Protecci\u00f3n Ciudadana (SSPC) implement\u00f3 552 acciones estrat\u00e9gicas que corresponden a 327 patrullajes y 225 operativos, a fin de salvaguardar el bienestar de las familias oaxaque\u00f1as.<\/p>\n\n\n\n<p>Durante la conferencia de prensa del Gabinete de Seguridad, la SSPC que encabeza Iv\u00e1n Garc\u00eda \u00c1lvarez, dio a conocer que estos operativos consisten en el control migratorio; fortalecimiento interinstitucional; impacto intermunicipal, coordinado e interestatal y el programa Oaxaca Segura.<\/p>\n\n\n\n<p>Como resultado de las acciones, 78 personas fueron detenidas por la presunci\u00f3n de delitos del fuero federal, fuero com\u00fan y faltas administrativas; 193 veh\u00edculos de los cuales 12 contaban con reporte de robo; 11 armas de fuego, 145 municiones y 12 cargadores; 75 dosis de presuntas drogas; 3 mil 260 pesos en efectivo; 16 tel\u00e9fonos y 2 mil 680 litros de combustible.<\/p>\n\n\n\n<p>En el sistema penitenciario se reportaron 3 mil 663 participaciones en actividades laborales y mil 578 en deportivas; as\u00ed como mil 273 consultas brindadas en materia de salud y 637 Personas Privadas de su Libertad (PPL) inscritas en diferentes niveles educativos. Tambi\u00e9n, 192 personas participaron en 16 talleres.<\/p>\n\n\n\n<p>A fin de reforzar la seguridad penitenciaria, se llevaron a cabo 81 revisiones y 15 decomisos con el retiro de 201 sustancias y objetos prohibidos. En colaboraci\u00f3n con el Tribunal Superior de Justicia del Estado de Oaxaca (TSJEO) se efectuaron 84 audiencias virtuales.<\/p>\n\n\n\n<p>En cuanto a las labores del Centro de Reeducaci\u00f3n para Hombres que Ejercen Violencia contra las Mujeres (CREHVM) se registraron 49 beneficiados a trav\u00e9s del programa para Hombres que Ejercen Violencia en la Pareja y seis voluntarios fueron atendidos a trav\u00e9s del Grupo de Reflexi\u00f3n Virtual.<\/p>\n\n\n\n<p>Para promover masculinidades saludables y libres de prejuicios, se brind\u00f3 la capacitaci\u00f3n Masculinidades a 25 servidoras y servidores p\u00fablicos del Instituto Estatal de Educaci\u00f3n P\u00fablica de Oaxaca (IEEPO). De esta manera, el CRHEVM ha sensibilizado a un total de 2 mil 659 personas, de las cuales 937 son mujeres y mil 722 hombres.<\/p>\n\n\n\n<p>Con estas acciones, el Gobierno de la Primavera Oaxaque\u00f1a a trav\u00e9s de la SSPC realiza tareas de seguridad y prevenci\u00f3n del delito para la Construcci\u00f3n de la Paz con Justicia en Oaxaca.<br \/>-0-<\/p>\n","protected":false},"excerpt":{"rendered":"<p>\u2022 Se implementaron 552 acciones en las que 193 veh\u00edculos fueron recuperados; 12 contaban con&#8230;<\/p>\n","protected":false},"author":4,"featured_media":27760,"comment_status":"","ping_status":"open","sticky":false,"template":"","format":"standard","meta":{"footnotes":""},"categories":[9],"tags":[],"jetpack_sharing_enabled":true,"featured_image_urls":{"full":["https:\/\/contextoanalisisperiodistico.com\/wp-content\/uploads\/2024\/06\/IMG-20240620-WA0018.jpg",1600,1066,false],"thumbnail":["https:\/\/contextoanalisisperiodistico.com\/wp-content\/uploads\/2024\/06\/IMG-20240620-WA0018-150x150.jpg",150,150,true],"medium":["https:\/\/contextoanalisisperiodistico.com\/wp-content\/uploads\/2024\/06\/IMG-20240620-WA0018-300x200.jpg",300,200,true],"medium_large":["https:\/\/contextoanalisisperiodistico.com\/wp-content\/uploads\/2024\/06\/IMG-20240620-WA0018-768x512.jpg",640,427,true],"large":["https:\/\/contextoanalisisperiodistico.com\/wp-content\/uploads\/2024\/06\/IMG-20240620-WA0018-1024x682.jpg",640,426,true],"1536x1536":["https:\/\/contextoanalisisperiodistico.com\/wp-content\/uploads\/2024\/06\/IMG-20240620-WA0018-1536x1023.jpg",1536,1023,true],"2048x2048":["https:\/\/contextoanalisisperiodistico.com\/wp-content\/uploads\/2024\/06\/IMG-20240620-WA0018.jpg",1600,1066,false],"covernews-slider-full":["https:\/\/contextoanalisisperiodistico.com\/wp-content\/uploads\/2024\/06\/IMG-20240620-WA0018-1115x715.jpg",1115,715,true],"covernews-slider-center":["https:\/\/contextoanalisisperiodistico.com\/wp-content\/uploads\/2024\/06\/IMG-20240620-WA0018-800x500.jpg",800,500,true],"covernews-featured":["https:\/\/contextoanalisisperiodistico.com\/wp-content\/uploads\/2024\/06\/IMG-20240620-WA0018-1024x682.jpg",1024,682,true],"covernews-medium":["https:\/\/contextoanalisisperiodistico.com\/wp-content\/uploads\/2024\/06\/IMG-20240620-WA0018-540x340.jpg",540,340,true],"covernews-medium-square":["https:\/\/contextoanalisisperiodistico.com\/wp-content\/uploads\/2024\/06\/IMG-20240620-WA0018-400x250.jpg",400,250,true]},"author_info":{"display_name":"Mario Gir\u00f3n","author_link":"https:\/\/contextoanalisisperiodistico.com\/index.php\/author\/director\/"},"category_info":"<a href=\"https:\/\/contextoanalisisperiodistico.com\/index.php\/category\/politica\/\" rel=\"category tag\">Pol\u00edtica<\/a>","tag_info":"Pol\u00edtica","comment_count":"0","jetpack_featured_media_url":"https:\/\/contextoanalisisperiodistico.com\/wp-content\/uploads\/2024\/06\/IMG-20240620-WA0018.jpg","_links":{"self":[{"href":"https:\/\/contextoanalisisperiodistico.com\/index.php\/wp-json\/wp\/v2\/posts\/27761"}],"collection":[{"href":"https:\/\/contextoanalisisperiodistico.com\/index.php\/wp-json\/wp\/v2\/posts"}],"about":[{"href":"https:\/\/contextoanalisisperiodistico.com\/index.php\/wp-json\/wp\/v2\/types\/post"}],"author":[{"embeddable":true,"href":"https:\/\/contextoanalisisperiodistico.com\/index.php\/wp-json\/wp\/v2\/users\/4"}],"replies":[{"embeddable":true,"href":"https:\/\/contextoanalisisperiodistico.com\/index.php\/wp-json\/wp\/v2\/comments?post=27761"}],"version-history":[{"count":0,"href":"https:\/\/contextoanalisisperiodistico.com\/index.php\/wp-json\/wp\/v2\/posts\/27761\/revisions"}],"wp:featuredmedia":[{"embeddable":true,"href":"https:\/\/contextoanalisisperiodistico.com\/index.php\/wp-json\/wp\/v2\/media\/27760"}],"wp:attachment":[{"href":"https:\/\/contextoanalisisperiodistico.com\/index.php\/wp-json\/wp\/v2\/media?parent=27761"}],"wp:term":[{"taxonomy":"category","embeddable":true,"href":"https:\/\/contextoanalisisperiodistico.com\/index.php\/wp-json\/wp\/v2\/categories?post=27761"},{"taxonomy":"post_tag","embeddable":true,"href":"https:\/\/contextoanalisisperiodistico.com\/index.php\/wp-json\/wp\/v2\/tags?post=27761"}],"curies":[{"name":"wp","href":"https:\/\/api.w.org\/{rel}","templated":true}]}}