{"id":27759,"date":"2024-06-20T15:50:43","date_gmt":"2024-06-20T21:50:43","guid":{"rendered":"https:\/\/contextoanalisisperiodistico.com\/index.php\/2024\/06\/20\/fortalecen-politicas-publicas-a-favor-de-personas-en-situacion-de-movilidad\/"},"modified":"2024-06-20T15:50:43","modified_gmt":"2024-06-20T21:50:43","slug":"fortalecen-politicas-publicas-a-favor-de-personas-en-situacion-de-movilidad","status":"publish","type":"post","link":"https:\/\/contextoanalisisperiodistico.com\/index.php\/2024\/06\/20\/fortalecen-politicas-publicas-a-favor-de-personas-en-situacion-de-movilidad\/","title":{"rendered":"Fortalecen pol\u00edticas p\u00fablicas a favor de personas en situaci\u00f3n de movilidad"},"content":{"rendered":"<div id=\"fb-root\"><\/div>\n\n<p>\u2022 Se present\u00f3 la Ruta Local de Protecci\u00f3n de Personas Objeto de Tr\u00e1fico Il\u00edcito de Migrante<\/p>\n\n\n\n<figure class=\"wp-block-image size-large\"><img fetchpriority=\"high\" decoding=\"async\" width=\"1024\" height=\"598\" src=\"https:\/\/contextoanalisisperiodistico.com\/wp-content\/uploads\/2024\/06\/img-20240620-wa00154389379631025550975-1024x598.jpg\" alt=\"\" class=\"wp-image-27758\" srcset=\"https:\/\/contextoanalisisperiodistico.com\/wp-content\/uploads\/2024\/06\/img-20240620-wa00154389379631025550975-1024x598.jpg 1024w, https:\/\/contextoanalisisperiodistico.com\/wp-content\/uploads\/2024\/06\/img-20240620-wa00154389379631025550975-300x175.jpg 300w, https:\/\/contextoanalisisperiodistico.com\/wp-content\/uploads\/2024\/06\/img-20240620-wa00154389379631025550975-768x448.jpg 768w, https:\/\/contextoanalisisperiodistico.com\/wp-content\/uploads\/2024\/06\/img-20240620-wa00154389379631025550975.jpg 1280w\" sizes=\"(max-width: 1024px) 100vw, 1024px\" \/><\/figure>\n\n\n\n<figure class=\"wp-block-image\"><img decoding=\"async\" width=\"300\" height=\"169\" src=\"https:\/\/contextoanalisisperiodistico.com\/wp-content\/uploads\/2024\/06\/img-20240620-wa00165409134351072212772-300x169.jpg\" alt=\"\" class=\"wp-image-27757\" srcset=\"https:\/\/contextoanalisisperiodistico.com\/wp-content\/uploads\/2024\/06\/img-20240620-wa00165409134351072212772-300x169.jpg 300w, https:\/\/contextoanalisisperiodistico.com\/wp-content\/uploads\/2024\/06\/img-20240620-wa00165409134351072212772-768x432.jpg 768w, https:\/\/contextoanalisisperiodistico.com\/wp-content\/uploads\/2024\/06\/img-20240620-wa00165409134351072212772.jpg 900w\" sizes=\"(max-width: 300px) 100vw, 300px\" \/><\/figure>\n\n\n\n<p>Oaxaca de Ju\u00e1rez, Oax. 20 de junio de 2024.- La Coordinaci\u00f3n para la Atenci\u00f3n de los Derechos Humanos (CADH) y la Organizaci\u00f3n Internacional para las Migraciones (OIM), presentaron la Ruta Local de Protecci\u00f3n de Personas Objeto de Tr\u00e1fico Il\u00edcito de Migrante.<\/p>\n\n\n\n<p>El objetivo es impulsar pol\u00edticas p\u00fablicas que fortalezcan las capacidades de las instituciones que brindan atenci\u00f3n de primer contacto a personas en situaci\u00f3n de movilidad humana en el territorio oaxaque\u00f1o.<\/p>\n\n\n\n<p>De acuerdo con la titular de la CADH, Flor Estela Morales, dicha ruta es el resultado del esfuerzo interinstitucional y colaborativo entre ambos organismos.<\/p>\n\n\n\n<p>De esta manera, la presentaci\u00f3n se estructuro\u0301 en dos fases: la primera, brindo\u0301 capacitaci\u00f3n al funcionariado del estado referente al tr\u00e1fico il\u00edcito de personas desde un enfoque de derechos humanos, impartida por personas expertas de OIM; la Unidad de Pol\u00edtica Migratoria, Registro e Identidad de Personas (UPMRIP); la Oficina de las Naciones Unidas contra la Droga y el Delito (UNODC) y la Comisi\u00f3n Nacional de los Derechos Humanos (CNDH).<\/p>\n\n\n\n<p>En la segunda fase, correspondi\u00f3 a mesas de trabajo con funcionariado que interviene en la atenci\u00f3n y protecci\u00f3n de personas migrantes en situaci\u00f3n de vulnerabilidad, para fortalecer los mecanismos de identificaci\u00f3n y actuaci\u00f3n frente a este delito, desde un enfoque diferencial.<\/p>\n\n\n\n<p>Aunado a la presentaci\u00f3n se realiz\u00f3 un curso en materia de trata de personas, para que instituciones del Gobierno del Estado y organismos aut\u00f3nomos, cuenten con herramientas que les permita dise\u00f1ar e implementar acciones y pol\u00edticas p\u00fablicas para prevenir, atender y erradicar este delito. Tambi\u00e9n se busca que puedan diferenciarlo del tr\u00e1fico il\u00edcito de personas.<\/p>\n\n\n\n<p>La administraci\u00f3n estatal de la Primavera Oaxaque\u00f1a coordina acciones con organismos e instituciones que permitan un Nuevo Pacto Social, donde los derechos humanos sean respetados y protegidos, as\u00ed como la promoci\u00f3n de una cultura por la paz.<\/p>\n\n\n\n<p>-0-<\/p>\n","protected":false},"excerpt":{"rendered":"<p>\u2022 Se present\u00f3 la Ruta Local de Protecci\u00f3n de Personas Objeto de Tr\u00e1fico Il\u00edcito de&#8230;<\/p>\n","protected":false},"author":4,"featured_media":27756,"comment_status":"","ping_status":"open","sticky":false,"template":"","format":"standard","meta":{"footnotes":""},"categories":[9],"tags":[],"jetpack_sharing_enabled":true,"featured_image_urls":{"full":["https:\/\/contextoanalisisperiodistico.com\/wp-content\/uploads\/2024\/06\/IMG-20240620-WA0017.jpg",900,506,false],"thumbnail":["https:\/\/contextoanalisisperiodistico.com\/wp-content\/uploads\/2024\/06\/IMG-20240620-WA0017-150x150.jpg",150,150,true],"medium":["https:\/\/contextoanalisisperiodistico.com\/wp-content\/uploads\/2024\/06\/IMG-20240620-WA0017-300x169.jpg",300,169,true],"medium_large":["https:\/\/contextoanalisisperiodistico.com\/wp-content\/uploads\/2024\/06\/IMG-20240620-WA0017-768x432.jpg",640,360,true],"large":["https:\/\/contextoanalisisperiodistico.com\/wp-content\/uploads\/2024\/06\/IMG-20240620-WA0017.jpg",640,360,false],"1536x1536":["https:\/\/contextoanalisisperiodistico.com\/wp-content\/uploads\/2024\/06\/IMG-20240620-WA0017.jpg",900,506,false],"2048x2048":["https:\/\/contextoanalisisperiodistico.com\/wp-content\/uploads\/2024\/06\/IMG-20240620-WA0017.jpg",900,506,false],"covernews-slider-full":["https:\/\/contextoanalisisperiodistico.com\/wp-content\/uploads\/2024\/06\/IMG-20240620-WA0017.jpg",900,506,false],"covernews-slider-center":["https:\/\/contextoanalisisperiodistico.com\/wp-content\/uploads\/2024\/06\/IMG-20240620-WA0017-800x500.jpg",800,500,true],"covernews-featured":["https:\/\/contextoanalisisperiodistico.com\/wp-content\/uploads\/2024\/06\/IMG-20240620-WA0017.jpg",900,506,false],"covernews-medium":["https:\/\/contextoanalisisperiodistico.com\/wp-content\/uploads\/2024\/06\/IMG-20240620-WA0017-540x340.jpg",540,340,true],"covernews-medium-square":["https:\/\/contextoanalisisperiodistico.com\/wp-content\/uploads\/2024\/06\/IMG-20240620-WA0017-400x250.jpg",400,250,true]},"author_info":{"display_name":"Mario Gir\u00f3n","author_link":"https:\/\/contextoanalisisperiodistico.com\/index.php\/author\/director\/"},"category_info":"<a href=\"https:\/\/contextoanalisisperiodistico.com\/index.php\/category\/politica\/\" rel=\"category tag\">Pol\u00edtica<\/a>","tag_info":"Pol\u00edtica","comment_count":"0","jetpack_featured_media_url":"https:\/\/contextoanalisisperiodistico.com\/wp-content\/uploads\/2024\/06\/IMG-20240620-WA0017.jpg","_links":{"self":[{"href":"https:\/\/contextoanalisisperiodistico.com\/index.php\/wp-json\/wp\/v2\/posts\/27759"}],"collection":[{"href":"https:\/\/contextoanalisisperiodistico.com\/index.php\/wp-json\/wp\/v2\/posts"}],"about":[{"href":"https:\/\/contextoanalisisperiodistico.com\/index.php\/wp-json\/wp\/v2\/types\/post"}],"author":[{"embeddable":true,"href":"https:\/\/contextoanalisisperiodistico.com\/index.php\/wp-json\/wp\/v2\/users\/4"}],"replies":[{"embeddable":true,"href":"https:\/\/contextoanalisisperiodistico.com\/index.php\/wp-json\/wp\/v2\/comments?post=27759"}],"version-history":[{"count":0,"href":"https:\/\/contextoanalisisperiodistico.com\/index.php\/wp-json\/wp\/v2\/posts\/27759\/revisions"}],"wp:featuredmedia":[{"embeddable":true,"href":"https:\/\/contextoanalisisperiodistico.com\/index.php\/wp-json\/wp\/v2\/media\/27756"}],"wp:attachment":[{"href":"https:\/\/contextoanalisisperiodistico.com\/index.php\/wp-json\/wp\/v2\/media?parent=27759"}],"wp:term":[{"taxonomy":"category","embeddable":true,"href":"https:\/\/contextoanalisisperiodistico.com\/index.php\/wp-json\/wp\/v2\/categories?post=27759"},{"taxonomy":"post_tag","embeddable":true,"href":"https:\/\/contextoanalisisperiodistico.com\/index.php\/wp-json\/wp\/v2\/tags?post=27759"}],"curies":[{"name":"wp","href":"https:\/\/api.w.org\/{rel}","templated":true}]}}