{"id":27755,"date":"2024-06-20T15:46:35","date_gmt":"2024-06-20T21:46:35","guid":{"rendered":"https:\/\/contextoanalisisperiodistico.com\/index.php\/2024\/06\/20\/jornadas-de-paz-y-justicia-recorreran-la-costa-y-sierra-sur\/"},"modified":"2024-06-20T15:46:35","modified_gmt":"2024-06-20T21:46:35","slug":"jornadas-de-paz-y-justicia-recorreran-la-costa-y-sierra-sur","status":"publish","type":"post","link":"https:\/\/contextoanalisisperiodistico.com\/index.php\/2024\/06\/20\/jornadas-de-paz-y-justicia-recorreran-la-costa-y-sierra-sur\/","title":{"rendered":"Jornadas de Paz y Justicia recorrer\u00e1n la Costa y Sierra Sur"},"content":{"rendered":"<div id=\"fb-root\"><\/div>\n\n<p>\u2022 Del 25 al 29 de junio, la atenci\u00f3n en territorio llegar\u00e1 a los municipios de Santo Domingo de Morelos, Pluma Hidalgo, San Mateo Pi\u00f1as, San Agust\u00edn Loxicha y San Mateo R\u00edo Hondo<\/p>\n\n\n\n<p>Oaxaca de Ju\u00e1rez, Oax., 20 de junio de 2024.- Del 25 al 29 de junio, el Secretariado Ejecutivo del Sistema Estatal de Seguridad P\u00fablica (SESESP) anunci\u00f3 la realizaci\u00f3n de las Jornadas de Paz y Justicia para Mujeres, Adolescentes y Ni\u00f1as en las regiones de la Costa y Sierra Sur.<\/p>\n\n\n\n<p>Los municipios que se visitar\u00e1n son: Santo Domingo de Morelos el 25 de junio, Pluma Hidalgo el 26 de junio, San Mateo Pi\u00f1as el 27 de junio, San Agust\u00edn Loxicha el 28 de junio y San Mateo R\u00edo Hondo el 29 de junio.<\/p>\n\n\n\n<p>Dentro de los servicios a los que la poblaci\u00f3n podr\u00e1 acceder de forma gratuita se encuentran charlas educativas para prevenir la violencia, atenci\u00f3n psicol\u00f3gica, orientaci\u00f3n legal, impresi\u00f3n de actas de nacimiento, informaci\u00f3n sobre microcr\u00e9ditos y bolsa de empleo, adem\u00e1s de programas sobre prevenci\u00f3n de la violencia y la delincuencia.<\/p>\n\n\n\n<p>Asimismo, las secretar\u00edas de Seguridad y Protecci\u00f3n Ciudadana, de las Mujeres de Oaxaca y Educaci\u00f3n P\u00fablica en la entidad, as\u00ed como los Servicios de Salud de Oaxaca, el Instituto del Deporte y el Sistema DIF Oaxaca participan con actividades l\u00fadicas con ni\u00f1as, ni\u00f1os y j\u00f3venes en edad escolar.<\/p>\n\n\n\n<p>Estas actividades que impulsa la Primavera Oaxaque\u00f1a, as\u00ed como la oferta de programas y servicios se realizar\u00e1n en un horario de 9:00 a 15:00 horas durante los cinco d\u00edas en cada uno de los municipios mencionados, en donde la ciudadan\u00eda podr\u00e1 asistir para recibir atenci\u00f3n directa e inmediata de las dependencias participantes con el fin de fortalecer la respuesta a cada solicitud.<\/p>\n\n\n\n<p>La administraci\u00f3n que encabeza el Gobernador Salom\u00f3n Jara Cruz coadyuva en la erradicaci\u00f3n de la violencia y la delincuencia en las ocho regiones del estado a trav\u00e9s de la atenci\u00f3n en territorio para fortalecer la vinculaci\u00f3n con la sociedad para la Construcci\u00f3n de Paz con Justicia.<\/p>\n\n\n\n<p>-0-<\/p>\n","protected":false},"excerpt":{"rendered":"<p>\u2022 Del 25 al 29 de junio, la atenci\u00f3n en territorio llegar\u00e1 a los municipios&#8230;<\/p>\n","protected":false},"author":4,"featured_media":27754,"comment_status":"","ping_status":"open","sticky":false,"template":"","format":"standard","meta":{"footnotes":""},"categories":[9],"tags":[],"jetpack_sharing_enabled":true,"featured_image_urls":{"full":["https:\/\/contextoanalisisperiodistico.com\/wp-content\/uploads\/2024\/06\/IMG-20240620-WA0014.jpg",1125,1406,false],"thumbnail":["https:\/\/contextoanalisisperiodistico.com\/wp-content\/uploads\/2024\/06\/IMG-20240620-WA0014-150x150.jpg",150,150,true],"medium":["https:\/\/contextoanalisisperiodistico.com\/wp-content\/uploads\/2024\/06\/IMG-20240620-WA0014-240x300.jpg",240,300,true],"medium_large":["https:\/\/contextoanalisisperiodistico.com\/wp-content\/uploads\/2024\/06\/IMG-20240620-WA0014-768x960.jpg",640,800,true],"large":["https:\/\/contextoanalisisperiodistico.com\/wp-content\/uploads\/2024\/06\/IMG-20240620-WA0014-819x1024.jpg",640,800,true],"1536x1536":["https:\/\/contextoanalisisperiodistico.com\/wp-content\/uploads\/2024\/06\/IMG-20240620-WA0014.jpg",1125,1406,false],"2048x2048":["https:\/\/contextoanalisisperiodistico.com\/wp-content\/uploads\/2024\/06\/IMG-20240620-WA0014.jpg",1125,1406,false],"covernews-slider-full":["https:\/\/contextoanalisisperiodistico.com\/wp-content\/uploads\/2024\/06\/IMG-20240620-WA0014-1115x715.jpg",1115,715,true],"covernews-slider-center":["https:\/\/contextoanalisisperiodistico.com\/wp-content\/uploads\/2024\/06\/IMG-20240620-WA0014-800x500.jpg",800,500,true],"covernews-featured":["https:\/\/contextoanalisisperiodistico.com\/wp-content\/uploads\/2024\/06\/IMG-20240620-WA0014-1024x1280.jpg",1024,1280,true],"covernews-medium":["https:\/\/contextoanalisisperiodistico.com\/wp-content\/uploads\/2024\/06\/IMG-20240620-WA0014-540x340.jpg",540,340,true],"covernews-medium-square":["https:\/\/contextoanalisisperiodistico.com\/wp-content\/uploads\/2024\/06\/IMG-20240620-WA0014-400x250.jpg",400,250,true]},"author_info":{"display_name":"Mario Gir\u00f3n","author_link":"https:\/\/contextoanalisisperiodistico.com\/index.php\/author\/director\/"},"category_info":"<a href=\"https:\/\/contextoanalisisperiodistico.com\/index.php\/category\/politica\/\" rel=\"category tag\">Pol\u00edtica<\/a>","tag_info":"Pol\u00edtica","comment_count":"0","jetpack_featured_media_url":"https:\/\/contextoanalisisperiodistico.com\/wp-content\/uploads\/2024\/06\/IMG-20240620-WA0014.jpg","_links":{"self":[{"href":"https:\/\/contextoanalisisperiodistico.com\/index.php\/wp-json\/wp\/v2\/posts\/27755"}],"collection":[{"href":"https:\/\/contextoanalisisperiodistico.com\/index.php\/wp-json\/wp\/v2\/posts"}],"about":[{"href":"https:\/\/contextoanalisisperiodistico.com\/index.php\/wp-json\/wp\/v2\/types\/post"}],"author":[{"embeddable":true,"href":"https:\/\/contextoanalisisperiodistico.com\/index.php\/wp-json\/wp\/v2\/users\/4"}],"replies":[{"embeddable":true,"href":"https:\/\/contextoanalisisperiodistico.com\/index.php\/wp-json\/wp\/v2\/comments?post=27755"}],"version-history":[{"count":0,"href":"https:\/\/contextoanalisisperiodistico.com\/index.php\/wp-json\/wp\/v2\/posts\/27755\/revisions"}],"wp:featuredmedia":[{"embeddable":true,"href":"https:\/\/contextoanalisisperiodistico.com\/index.php\/wp-json\/wp\/v2\/media\/27754"}],"wp:attachment":[{"href":"https:\/\/contextoanalisisperiodistico.com\/index.php\/wp-json\/wp\/v2\/media?parent=27755"}],"wp:term":[{"taxonomy":"category","embeddable":true,"href":"https:\/\/contextoanalisisperiodistico.com\/index.php\/wp-json\/wp\/v2\/categories?post=27755"},{"taxonomy":"post_tag","embeddable":true,"href":"https:\/\/contextoanalisisperiodistico.com\/index.php\/wp-json\/wp\/v2\/tags?post=27755"}],"curies":[{"name":"wp","href":"https:\/\/api.w.org\/{rel}","templated":true}]}}