{"id":27749,"date":"2024-06-20T12:14:47","date_gmt":"2024-06-20T18:14:47","guid":{"rendered":"https:\/\/contextoanalisisperiodistico.com\/index.php\/2024\/06\/20\/apoya-sedeco-a-personas-emprendedoras-y-fisicas-a-formalizar-situacion-ante-el-sat\/"},"modified":"2024-06-20T12:14:47","modified_gmt":"2024-06-20T18:14:47","slug":"apoya-sedeco-a-personas-emprendedoras-y-fisicas-a-formalizar-situacion-ante-el-sat","status":"publish","type":"post","link":"https:\/\/contextoanalisisperiodistico.com\/index.php\/2024\/06\/20\/apoya-sedeco-a-personas-emprendedoras-y-fisicas-a-formalizar-situacion-ante-el-sat\/","title":{"rendered":"Apoya Sedeco a personas emprendedoras y f\u00edsicas a formalizar situaci\u00f3n ante el SAT"},"content":{"rendered":"<div id=\"fb-root\"><\/div>\n\n<p>\u2022 Ingresar a la formalidad es esencial para tener oportunidades de desarrollo, ampliar mercados y participar en proyectos comerciales de largo alcance<\/p>\n\n\n\n<p>Oaxaca de Ju\u00e1rez, Oax. 20 de junio de 2024.- Con la finalidad que personas f\u00edsicas, emprendedores y ciudadan\u00eda en general acceda a los servicios que brinda el Servicio de Administraci\u00f3n Tributaria (SAT), la Secretar\u00eda de Desarrollo Econ\u00f3mico (Sedeco) realizar\u00e1 la Campa\u00f1a por la Formalizaci\u00f3n en Oaxaca.<\/p>\n\n\n\n<p>De la mano de este organismo fiscalizador, cuyos servicios permite acceder a oportunidades de negocios, abrir mercados y crecer, esta campa\u00f1a iniciar\u00e1 en la regi\u00f3n de la Costa.<\/p>\n\n\n\n<p>Este lunes 24 y martes 25 de junio se realizar\u00e1 en la agencia municipal de Santa Cruz Huatulco y el jueves 27 y viernes 28 en la Casa de la Cultura Mar\u00eda Luisa Aguirre Palancares de Santiago Pinotepa Nacional, en un horario de 9:00 a 17:00 horas.<\/p>\n\n\n\n<p>Con esta estrategia se acercar\u00e1 la asistencia del SAT a las ocho regiones del estado, facilitando a la ciudadan\u00eda el acceso a tr\u00e1mites y servicios, y de manera especial a las y los j\u00f3venes egresados de nivel superior que se integrar\u00e1n a las actividades econ\u00f3micas.<\/p>\n\n\n\n<p>Las personas f\u00edsicas podr\u00e1n contar con esta documentaci\u00f3n b\u00e1sica para iniciar y participar en programas de impulso y desarrollo comercial y empresarial, que entre otras oportunidades incluye mesas de negocios para vender sus productos en importantes cadenas comerciales.<\/p>\n\n\n\n<p>Entre los tr\u00e1mites y servicios que se ofrecer\u00e1n destacan inscripci\u00f3n al Registro Federal de Contribuyentes (RFC), generaci\u00f3n o renovaci\u00f3n de E-Firma y de la Constancia de Situaci\u00f3n Fiscal. Las sedes de esta campa\u00f1a atender\u00e1n a personas de 38 municipios circunvecinos.<\/p>\n\n\n\n<p>-0-<\/p>\n","protected":false},"excerpt":{"rendered":"<p>\u2022 Ingresar a la formalidad es esencial para tener oportunidades de desarrollo, ampliar mercados y&#8230;<\/p>\n","protected":false},"author":4,"featured_media":27746,"comment_status":"","ping_status":"open","sticky":false,"template":"","format":"standard","meta":{"footnotes":""},"categories":[3],"tags":[],"jetpack_sharing_enabled":true,"featured_image_urls":{"full":["https:\/\/contextoanalisisperiodistico.com\/wp-content\/uploads\/2024\/06\/IMG-20240620-WA0012.jpg",900,599,false],"thumbnail":["https:\/\/contextoanalisisperiodistico.com\/wp-content\/uploads\/2024\/06\/IMG-20240620-WA0012-150x150.jpg",150,150,true],"medium":["https:\/\/contextoanalisisperiodistico.com\/wp-content\/uploads\/2024\/06\/IMG-20240620-WA0012-300x200.jpg",300,200,true],"medium_large":["https:\/\/contextoanalisisperiodistico.com\/wp-content\/uploads\/2024\/06\/IMG-20240620-WA0012-768x511.jpg",640,426,true],"large":["https:\/\/contextoanalisisperiodistico.com\/wp-content\/uploads\/2024\/06\/IMG-20240620-WA0012.jpg",640,426,false],"1536x1536":["https:\/\/contextoanalisisperiodistico.com\/wp-content\/uploads\/2024\/06\/IMG-20240620-WA0012.jpg",900,599,false],"2048x2048":["https:\/\/contextoanalisisperiodistico.com\/wp-content\/uploads\/2024\/06\/IMG-20240620-WA0012.jpg",900,599,false],"covernews-slider-full":["https:\/\/contextoanalisisperiodistico.com\/wp-content\/uploads\/2024\/06\/IMG-20240620-WA0012.jpg",900,599,false],"covernews-slider-center":["https:\/\/contextoanalisisperiodistico.com\/wp-content\/uploads\/2024\/06\/IMG-20240620-WA0012-800x500.jpg",800,500,true],"covernews-featured":["https:\/\/contextoanalisisperiodistico.com\/wp-content\/uploads\/2024\/06\/IMG-20240620-WA0012.jpg",900,599,false],"covernews-medium":["https:\/\/contextoanalisisperiodistico.com\/wp-content\/uploads\/2024\/06\/IMG-20240620-WA0012-540x340.jpg",540,340,true],"covernews-medium-square":["https:\/\/contextoanalisisperiodistico.com\/wp-content\/uploads\/2024\/06\/IMG-20240620-WA0012-400x250.jpg",400,250,true]},"author_info":{"display_name":"Mario Gir\u00f3n","author_link":"https:\/\/contextoanalisisperiodistico.com\/index.php\/author\/director\/"},"category_info":"<a href=\"https:\/\/contextoanalisisperiodistico.com\/index.php\/category\/ciudad\/\" rel=\"category tag\">Ciudad<\/a>","tag_info":"Ciudad","comment_count":"0","jetpack_featured_media_url":"https:\/\/contextoanalisisperiodistico.com\/wp-content\/uploads\/2024\/06\/IMG-20240620-WA0012.jpg","_links":{"self":[{"href":"https:\/\/contextoanalisisperiodistico.com\/index.php\/wp-json\/wp\/v2\/posts\/27749"}],"collection":[{"href":"https:\/\/contextoanalisisperiodistico.com\/index.php\/wp-json\/wp\/v2\/posts"}],"about":[{"href":"https:\/\/contextoanalisisperiodistico.com\/index.php\/wp-json\/wp\/v2\/types\/post"}],"author":[{"embeddable":true,"href":"https:\/\/contextoanalisisperiodistico.com\/index.php\/wp-json\/wp\/v2\/users\/4"}],"replies":[{"embeddable":true,"href":"https:\/\/contextoanalisisperiodistico.com\/index.php\/wp-json\/wp\/v2\/comments?post=27749"}],"version-history":[{"count":0,"href":"https:\/\/contextoanalisisperiodistico.com\/index.php\/wp-json\/wp\/v2\/posts\/27749\/revisions"}],"wp:featuredmedia":[{"embeddable":true,"href":"https:\/\/contextoanalisisperiodistico.com\/index.php\/wp-json\/wp\/v2\/media\/27746"}],"wp:attachment":[{"href":"https:\/\/contextoanalisisperiodistico.com\/index.php\/wp-json\/wp\/v2\/media?parent=27749"}],"wp:term":[{"taxonomy":"category","embeddable":true,"href":"https:\/\/contextoanalisisperiodistico.com\/index.php\/wp-json\/wp\/v2\/categories?post=27749"},{"taxonomy":"post_tag","embeddable":true,"href":"https:\/\/contextoanalisisperiodistico.com\/index.php\/wp-json\/wp\/v2\/tags?post=27749"}],"curies":[{"name":"wp","href":"https:\/\/api.w.org\/{rel}","templated":true}]}}