{"id":27740,"date":"2024-06-19T18:48:32","date_gmt":"2024-06-20T00:48:32","guid":{"rendered":"https:\/\/contextoanalisisperiodistico.com\/index.php\/2024\/06\/19\/registra-oaxaca-167-casos-nuevos-de-dengue\/"},"modified":"2024-06-19T18:48:32","modified_gmt":"2024-06-20T00:48:32","slug":"registra-oaxaca-167-casos-nuevos-de-dengue","status":"publish","type":"post","link":"https:\/\/contextoanalisisperiodistico.com\/index.php\/2024\/06\/19\/registra-oaxaca-167-casos-nuevos-de-dengue\/","title":{"rendered":"Registra Oaxaca 167 casos nuevos de dengue"},"content":{"rendered":"<div id=\"fb-root\"><\/div>\n\n<p>\u2022 Contin\u00faan las actividades de nebulizaci\u00f3n como parte del Plan Emergente Oaxaca Unida contra el dengue, principalmente en 25 municipios<\/p>\n\n\n\n<p>\u2022 Todos los mi\u00e9rcoles se emitir\u00e1 el corte informativo de la enfermedad a trav\u00e9s de la frecuencia de Cortv<\/p>\n\n\n\n<p>\u2022 En la semana epidemiol\u00f3gica n\u00famero 24, se registraron 563 casos acumulados a causa de la patolog\u00eda<\/p>\n\n\n\n<p>Oaxaca de Ju\u00e1rez, Oax. 19 de junio de 2024.- Durante la primera emisi\u00f3n del Informe Preliminar Semanal de Dengue 2024 de los Servicios de Salud de Oaxaca (SSO) emitido a trav\u00e9s de las plataformas de la Corporaci\u00f3n Oaxaque\u00f1a de Radio y Televisi\u00f3n (Cortv), se dio a conocer que hasta la semana epidemiol\u00f3gica n\u00famero 24 se registraron 167 casos nuevos de la enfermedad, sin defunciones confirmadas.<\/p>\n\n\n\n<p>La vocera oficial de esta patolog\u00eda, Mayliz Esparza Castellanos inform\u00f3 que la cifra asciende para este corte a 563 casos confirmados acumulados de los cuales, de acuerdo con su clasificaci\u00f3n, 191 corresponden a Dengue No Grave (DNG); 337 a Dengue Con Signos de Alarma (DCSA) y 35 a Dengue Grave (DG).<\/p>\n\n\n\n<p>En tanto, los municipios con mayor n\u00famero de casos confirmados son: Oaxaca de Ju\u00e1rez con 67; Santa Cruz Xoxocotl\u00e1n con 26; San Antonio de la Cal nueve casos; Santa Mar\u00eda Atzompa y Villa de Zaachila con ocho reportes cada uno.<\/p>\n\n\n\n<p>As\u00ed tambi\u00e9n, en las \u00faltimas 24 horas se tiene notificado un 55 por ciento de ocupaci\u00f3n hospitalaria, con 49 pacientes, de los cuales 14 presentan Dengue Grave.<\/p>\n\n\n\n<p>Esparza Castellanos enfatiz\u00f3 que el personal de la instituci\u00f3n contin\u00faa con el reforzamiento del Plan Emergente Oaxaca Unida contra el Dengue, que abarca estrategias de control larvario, acciones preventivas y verificaci\u00f3n domiciliaria, as\u00ed como intervenci\u00f3n de termonebulizaci\u00f3n y rociado residual en las localidades prioritarias de las seis Jurisdicciones Sanitarias.<\/p>\n\n\n\n<p>Se\u00f1al\u00f3 que la participaci\u00f3n de la poblaci\u00f3n es importante, por ello exhort\u00f3 a mantener abiertas las puertas, ventanas y portones cuando el veh\u00edculo de vectores pase frente a los domicilios de las localidades con mayor incidencia de casos, a fin de lograr un mayor impacto y efectividad durante la dispersi\u00f3n.<\/p>\n\n\n\n<p>De ah\u00ed que es necesario mantener limpios los patios y azoteas, tapar recipientes, lavar todos aquellos que acumulen agua y eliminar los que ya no se utilizan para evitar criaderos dentro de los hogares. Para m\u00e1s informaci\u00f3n, las personas pueden acceder a la p\u00e1gina www.dengue.oaxaca.gob.mx, plataforma oficial de la dependencia.<br \/>-0-<\/p>\n","protected":false},"excerpt":{"rendered":"<p>\u2022 Contin\u00faan las actividades de nebulizaci\u00f3n como parte del Plan Emergente Oaxaca Unida contra el&#8230;<\/p>\n","protected":false},"author":4,"featured_media":27739,"comment_status":"","ping_status":"open","sticky":false,"template":"","format":"standard","meta":{"footnotes":""},"categories":[92],"tags":[],"jetpack_sharing_enabled":true,"featured_image_urls":{"full":["https:\/\/contextoanalisisperiodistico.com\/wp-content\/uploads\/2024\/06\/IMG-20240619-WA0046.jpg",850,1417,false],"thumbnail":["https:\/\/contextoanalisisperiodistico.com\/wp-content\/uploads\/2024\/06\/IMG-20240619-WA0046-150x150.jpg",150,150,true],"medium":["https:\/\/contextoanalisisperiodistico.com\/wp-content\/uploads\/2024\/06\/IMG-20240619-WA0046-180x300.jpg",180,300,true],"medium_large":["https:\/\/contextoanalisisperiodistico.com\/wp-content\/uploads\/2024\/06\/IMG-20240619-WA0046-768x1280.jpg",640,1067,true],"large":["https:\/\/contextoanalisisperiodistico.com\/wp-content\/uploads\/2024\/06\/IMG-20240619-WA0046-614x1024.jpg",614,1024,true],"1536x1536":["https:\/\/contextoanalisisperiodistico.com\/wp-content\/uploads\/2024\/06\/IMG-20240619-WA0046.jpg",850,1417,false],"2048x2048":["https:\/\/contextoanalisisperiodistico.com\/wp-content\/uploads\/2024\/06\/IMG-20240619-WA0046.jpg",850,1417,false],"covernews-slider-full":["https:\/\/contextoanalisisperiodistico.com\/wp-content\/uploads\/2024\/06\/IMG-20240619-WA0046-850x715.jpg",850,715,true],"covernews-slider-center":["https:\/\/contextoanalisisperiodistico.com\/wp-content\/uploads\/2024\/06\/IMG-20240619-WA0046-800x500.jpg",800,500,true],"covernews-featured":["https:\/\/contextoanalisisperiodistico.com\/wp-content\/uploads\/2024\/06\/IMG-20240619-WA0046.jpg",850,1417,false],"covernews-medium":["https:\/\/contextoanalisisperiodistico.com\/wp-content\/uploads\/2024\/06\/IMG-20240619-WA0046-540x340.jpg",540,340,true],"covernews-medium-square":["https:\/\/contextoanalisisperiodistico.com\/wp-content\/uploads\/2024\/06\/IMG-20240619-WA0046-400x250.jpg",400,250,true]},"author_info":{"display_name":"Mario Gir\u00f3n","author_link":"https:\/\/contextoanalisisperiodistico.com\/index.php\/author\/director\/"},"category_info":"<a href=\"https:\/\/contextoanalisisperiodistico.com\/index.php\/category\/salud\/\" rel=\"category tag\">Salud<\/a>","tag_info":"Salud","comment_count":"0","jetpack_featured_media_url":"https:\/\/contextoanalisisperiodistico.com\/wp-content\/uploads\/2024\/06\/IMG-20240619-WA0046.jpg","_links":{"self":[{"href":"https:\/\/contextoanalisisperiodistico.com\/index.php\/wp-json\/wp\/v2\/posts\/27740"}],"collection":[{"href":"https:\/\/contextoanalisisperiodistico.com\/index.php\/wp-json\/wp\/v2\/posts"}],"about":[{"href":"https:\/\/contextoanalisisperiodistico.com\/index.php\/wp-json\/wp\/v2\/types\/post"}],"author":[{"embeddable":true,"href":"https:\/\/contextoanalisisperiodistico.com\/index.php\/wp-json\/wp\/v2\/users\/4"}],"replies":[{"embeddable":true,"href":"https:\/\/contextoanalisisperiodistico.com\/index.php\/wp-json\/wp\/v2\/comments?post=27740"}],"version-history":[{"count":0,"href":"https:\/\/contextoanalisisperiodistico.com\/index.php\/wp-json\/wp\/v2\/posts\/27740\/revisions"}],"wp:featuredmedia":[{"embeddable":true,"href":"https:\/\/contextoanalisisperiodistico.com\/index.php\/wp-json\/wp\/v2\/media\/27739"}],"wp:attachment":[{"href":"https:\/\/contextoanalisisperiodistico.com\/index.php\/wp-json\/wp\/v2\/media?parent=27740"}],"wp:term":[{"taxonomy":"category","embeddable":true,"href":"https:\/\/contextoanalisisperiodistico.com\/index.php\/wp-json\/wp\/v2\/categories?post=27740"},{"taxonomy":"post_tag","embeddable":true,"href":"https:\/\/contextoanalisisperiodistico.com\/index.php\/wp-json\/wp\/v2\/tags?post=27740"}],"curies":[{"name":"wp","href":"https:\/\/api.w.org\/{rel}","templated":true}]}}