{"id":27728,"date":"2024-06-19T17:06:54","date_gmt":"2024-06-19T23:06:54","guid":{"rendered":"https:\/\/contextoanalisisperiodistico.com\/index.php\/2024\/06\/19\/convoca-secretaria-de-las-culturas-y-artes-a-diplomado-en-practicas-de-interpretacion-en-lenguas-indigenas\/"},"modified":"2024-06-19T17:06:54","modified_gmt":"2024-06-19T23:06:54","slug":"convoca-secretaria-de-las-culturas-y-artes-a-diplomado-en-practicas-de-interpretacion-en-lenguas-indigenas","status":"publish","type":"post","link":"https:\/\/contextoanalisisperiodistico.com\/index.php\/2024\/06\/19\/convoca-secretaria-de-las-culturas-y-artes-a-diplomado-en-practicas-de-interpretacion-en-lenguas-indigenas\/","title":{"rendered":"Convoca Secretar\u00eda de las Culturas y Artes a diplomado en Pr\u00e1cticas de interpretaci\u00f3n en lenguas ind\u00edgenas"},"content":{"rendered":"<div id=\"fb-root\"><\/div>\n\n<p>\u2022 El objetivo es fortalecer los conocimientos y habilidades de interpretaci\u00f3n en los \u00e1mbitos de justicia, salud y cultura<\/p>\n\n\n\n<p>Oaxaca de Ju\u00e1rez, Oax. 19 de junio de 2024.- El Gobierno del Estado de Oaxaca a trav\u00e9s de la Secretar\u00eda de las Culturas y Artes, convoca a las personas hablantes de Zapoteco, Ombeayi\u00fcts (Umbeyajts o Umbey\u00fcjts), Chontal, Zoque o Mixe (Ayuuk) de la regi\u00f3n del Istmo de Tehuantepec, a participar en el diplomado Pr\u00e1cticas de interpretaci\u00f3n en lenguas ind\u00edgenas.<\/p>\n\n\n\n<p>Esta actividad realizada en coordinaci\u00f3n con la Universidad Aut\u00f3noma Benito Ju\u00e1rez de Oaxaca (UABJO) a trav\u00e9s de la Maestr\u00eda en Traducci\u00f3n e Interpretaci\u00f3n de Lenguas Ind\u00edgenas de la Facultad de Idiomas, tiene el objetivo de fortalecer las competencias de interpretaci\u00f3n especializada de hablantes de lenguas ind\u00edgenas para facilitar el acceso a los servicios y programas p\u00fablicos, con pertinencia intercultural, de g\u00e9nero y otras especificidades culturales de Oaxaca.<\/p>\n\n\n\n<p>El diplomado forma parte del proyecto sexenal Culturas Vivas: Lenguas y Artes. Adem\u00e1s, se compone de tres m\u00f3dulos que incluyen 36 horas presenciales y 84 de trabajos independientes. Al concluir el programa se pretende que las personas sean capaces de dominar satisfactoriamente las pr\u00e1cticas de interpretaci\u00f3n especializada en alguna de las lenguas ind\u00edgenas de esta regi\u00f3n, con \u00e9nfasis en el \u00e1mbito de justicia, servicios de salud y cultura.<\/p>\n\n\n\n<p>Los contenidos se abordar\u00e1n del 1 de julio al 10 de agosto de 2024, los s\u00e1bados en horario presencial de 8:00 a 14:00 horas en las instalaciones de la Facultad de Idiomas, sede Tehuantepec (UABJO).<\/p>\n\n\n\n<p>La lista de las personas aceptadas ser\u00e1 publicada el pr\u00f3ximo 27 de junio del 2024, en la p\u00e1gina: www.oaxaca.gob.mx\/seculta. Quienes deseen mayor informaci\u00f3n pueden comunicarse v\u00eda WhatsApp al tel\u00e9fono 9511278974, de lunes a viernes en un horario de 09:00 a 17:00 horas.<\/p>\n\n\n\n<p>-0-<\/p>\n\n\n\n<figure class=\"wp-block-image size-large\"><img fetchpriority=\"high\" decoding=\"async\" width=\"1024\" height=\"576\" src=\"https:\/\/contextoanalisisperiodistico.com\/wp-content\/uploads\/2024\/06\/img-20240619-wa00365317505183481254461-1024x576.jpg\" alt=\"\" class=\"wp-image-27726\" srcset=\"https:\/\/contextoanalisisperiodistico.com\/wp-content\/uploads\/2024\/06\/img-20240619-wa00365317505183481254461-1024x576.jpg 1024w, https:\/\/contextoanalisisperiodistico.com\/wp-content\/uploads\/2024\/06\/img-20240619-wa00365317505183481254461-300x169.jpg 300w, https:\/\/contextoanalisisperiodistico.com\/wp-content\/uploads\/2024\/06\/img-20240619-wa00365317505183481254461-768x432.jpg 768w, https:\/\/contextoanalisisperiodistico.com\/wp-content\/uploads\/2024\/06\/img-20240619-wa00365317505183481254461.jpg 1080w\" sizes=\"(max-width: 1024px) 100vw, 1024px\" \/><\/figure>\n\n\n\n<figure class=\"wp-block-image\"><img decoding=\"async\" width=\"300\" height=\"183\" src=\"https:\/\/contextoanalisisperiodistico.com\/wp-content\/uploads\/2024\/06\/img-20240619-wa00348232006972625547618-300x183.jpg\" alt=\"\" class=\"wp-image-27727\" srcset=\"https:\/\/contextoanalisisperiodistico.com\/wp-content\/uploads\/2024\/06\/img-20240619-wa00348232006972625547618-300x183.jpg 300w, https:\/\/contextoanalisisperiodistico.com\/wp-content\/uploads\/2024\/06\/img-20240619-wa00348232006972625547618-768x468.jpg 768w, https:\/\/contextoanalisisperiodistico.com\/wp-content\/uploads\/2024\/06\/img-20240619-wa00348232006972625547618.jpg 1024w\" sizes=\"(max-width: 300px) 100vw, 300px\" \/><\/figure>\n\n\n\n<figure class=\"wp-block-image\"><img decoding=\"async\" width=\"300\" height=\"175\" src=\"https:\/\/contextoanalisisperiodistico.com\/wp-content\/uploads\/2024\/06\/img-20240619-wa00371724213190239293367-300x175.jpg\" alt=\"\" class=\"wp-image-27725\" srcset=\"https:\/\/contextoanalisisperiodistico.com\/wp-content\/uploads\/2024\/06\/img-20240619-wa00371724213190239293367-300x175.jpg 300w, https:\/\/contextoanalisisperiodistico.com\/wp-content\/uploads\/2024\/06\/img-20240619-wa00371724213190239293367-768x449.jpg 768w, https:\/\/contextoanalisisperiodistico.com\/wp-content\/uploads\/2024\/06\/img-20240619-wa00371724213190239293367.jpg 1024w\" sizes=\"(max-width: 300px) 100vw, 300px\" \/><\/figure>\n\n\n\n<figure class=\"wp-block-image\"><img loading=\"lazy\" decoding=\"async\" width=\"300\" height=\"177\" src=\"https:\/\/contextoanalisisperiodistico.com\/wp-content\/uploads\/2024\/06\/img-20240619-wa00355440421873447724279-300x177.jpg\" alt=\"\" class=\"wp-image-27724\" srcset=\"https:\/\/contextoanalisisperiodistico.com\/wp-content\/uploads\/2024\/06\/img-20240619-wa00355440421873447724279-300x177.jpg 300w, https:\/\/contextoanalisisperiodistico.com\/wp-content\/uploads\/2024\/06\/img-20240619-wa00355440421873447724279-768x452.jpg 768w, https:\/\/contextoanalisisperiodistico.com\/wp-content\/uploads\/2024\/06\/img-20240619-wa00355440421873447724279.jpg 1024w\" sizes=\"(max-width: 300px) 100vw, 300px\" \/><\/figure>\n","protected":false},"excerpt":{"rendered":"<p>\u2022 El objetivo es fortalecer los conocimientos y habilidades de interpretaci\u00f3n en los \u00e1mbitos de&#8230;<\/p>\n","protected":false},"author":4,"featured_media":27723,"comment_status":"","ping_status":"open","sticky":false,"template":"","format":"standard","meta":{"footnotes":""},"categories":[4],"tags":[],"jetpack_sharing_enabled":true,"featured_image_urls":{"full":["https:\/\/contextoanalisisperiodistico.com\/wp-content\/uploads\/2024\/06\/IMG-20240619-WA0038.jpg",1024,576,false],"thumbnail":["https:\/\/contextoanalisisperiodistico.com\/wp-content\/uploads\/2024\/06\/IMG-20240619-WA0038-150x150.jpg",150,150,true],"medium":["https:\/\/contextoanalisisperiodistico.com\/wp-content\/uploads\/2024\/06\/IMG-20240619-WA0038-300x169.jpg",300,169,true],"medium_large":["https:\/\/contextoanalisisperiodistico.com\/wp-content\/uploads\/2024\/06\/IMG-20240619-WA0038-768x432.jpg",640,360,true],"large":["https:\/\/contextoanalisisperiodistico.com\/wp-content\/uploads\/2024\/06\/IMG-20240619-WA0038.jpg",640,360,false],"1536x1536":["https:\/\/contextoanalisisperiodistico.com\/wp-content\/uploads\/2024\/06\/IMG-20240619-WA0038.jpg",1024,576,false],"2048x2048":["https:\/\/contextoanalisisperiodistico.com\/wp-content\/uploads\/2024\/06\/IMG-20240619-WA0038.jpg",1024,576,false],"covernews-slider-full":["https:\/\/contextoanalisisperiodistico.com\/wp-content\/uploads\/2024\/06\/IMG-20240619-WA0038.jpg",1024,576,false],"covernews-slider-center":["https:\/\/contextoanalisisperiodistico.com\/wp-content\/uploads\/2024\/06\/IMG-20240619-WA0038-800x500.jpg",800,500,true],"covernews-featured":["https:\/\/contextoanalisisperiodistico.com\/wp-content\/uploads\/2024\/06\/IMG-20240619-WA0038.jpg",1024,576,false],"covernews-medium":["https:\/\/contextoanalisisperiodistico.com\/wp-content\/uploads\/2024\/06\/IMG-20240619-WA0038-540x340.jpg",540,340,true],"covernews-medium-square":["https:\/\/contextoanalisisperiodistico.com\/wp-content\/uploads\/2024\/06\/IMG-20240619-WA0038-400x250.jpg",400,250,true]},"author_info":{"display_name":"Mario Gir\u00f3n","author_link":"https:\/\/contextoanalisisperiodistico.com\/index.php\/author\/director\/"},"category_info":"<a href=\"https:\/\/contextoanalisisperiodistico.com\/index.php\/category\/cultura\/\" rel=\"category tag\">Cultura<\/a>","tag_info":"Cultura","comment_count":"0","jetpack_featured_media_url":"https:\/\/contextoanalisisperiodistico.com\/wp-content\/uploads\/2024\/06\/IMG-20240619-WA0038.jpg","_links":{"self":[{"href":"https:\/\/contextoanalisisperiodistico.com\/index.php\/wp-json\/wp\/v2\/posts\/27728"}],"collection":[{"href":"https:\/\/contextoanalisisperiodistico.com\/index.php\/wp-json\/wp\/v2\/posts"}],"about":[{"href":"https:\/\/contextoanalisisperiodistico.com\/index.php\/wp-json\/wp\/v2\/types\/post"}],"author":[{"embeddable":true,"href":"https:\/\/contextoanalisisperiodistico.com\/index.php\/wp-json\/wp\/v2\/users\/4"}],"replies":[{"embeddable":true,"href":"https:\/\/contextoanalisisperiodistico.com\/index.php\/wp-json\/wp\/v2\/comments?post=27728"}],"version-history":[{"count":0,"href":"https:\/\/contextoanalisisperiodistico.com\/index.php\/wp-json\/wp\/v2\/posts\/27728\/revisions"}],"wp:featuredmedia":[{"embeddable":true,"href":"https:\/\/contextoanalisisperiodistico.com\/index.php\/wp-json\/wp\/v2\/media\/27723"}],"wp:attachment":[{"href":"https:\/\/contextoanalisisperiodistico.com\/index.php\/wp-json\/wp\/v2\/media?parent=27728"}],"wp:term":[{"taxonomy":"category","embeddable":true,"href":"https:\/\/contextoanalisisperiodistico.com\/index.php\/wp-json\/wp\/v2\/categories?post=27728"},{"taxonomy":"post_tag","embeddable":true,"href":"https:\/\/contextoanalisisperiodistico.com\/index.php\/wp-json\/wp\/v2\/tags?post=27728"}],"curies":[{"name":"wp","href":"https:\/\/api.w.org\/{rel}","templated":true}]}}