{"id":27719,"date":"2024-06-19T16:55:11","date_gmt":"2024-06-19T22:55:11","guid":{"rendered":"https:\/\/contextoanalisisperiodistico.com\/index.php\/2024\/06\/19\/invita-oaxaca-de-juarez-a-reforestar-ribera-del-rio-salado\/"},"modified":"2024-06-19T16:55:11","modified_gmt":"2024-06-19T22:55:11","slug":"invita-oaxaca-de-juarez-a-reforestar-ribera-del-rio-salado","status":"publish","type":"post","link":"https:\/\/contextoanalisisperiodistico.com\/index.php\/2024\/06\/19\/invita-oaxaca-de-juarez-a-reforestar-ribera-del-rio-salado\/","title":{"rendered":"Invita Oaxaca de Ju\u00e1rez a reforestar ribera del R\u00edo Salado"},"content":{"rendered":"<div id=\"fb-root\"><\/div>\n\n<p>Esta intervenci\u00f3n incluye la siembra de 200 pochotes, \u00e1rboles nativos de la regi\u00f3n, en un esfuerzo por restaurar el h\u00e1bitat natural del r\u00edo.<\/p>\n\n\n\n<figure class=\"wp-block-image size-large\"><img fetchpriority=\"high\" decoding=\"async\" width=\"1024\" height=\"576\" src=\"https:\/\/contextoanalisisperiodistico.com\/wp-content\/uploads\/2024\/06\/foto28229boletC3ADn18-06-20247027683267868865518-1024x576.jpg\" alt=\"\" class=\"wp-image-27718\" srcset=\"https:\/\/contextoanalisisperiodistico.com\/wp-content\/uploads\/2024\/06\/foto28229boletC3ADn18-06-20247027683267868865518-1024x576.jpg 1024w, https:\/\/contextoanalisisperiodistico.com\/wp-content\/uploads\/2024\/06\/foto28229boletC3ADn18-06-20247027683267868865518-300x169.jpg 300w, https:\/\/contextoanalisisperiodistico.com\/wp-content\/uploads\/2024\/06\/foto28229boletC3ADn18-06-20247027683267868865518-768x432.jpg 768w, https:\/\/contextoanalisisperiodistico.com\/wp-content\/uploads\/2024\/06\/foto28229boletC3ADn18-06-20247027683267868865518.jpg 1280w\" sizes=\"(max-width: 1024px) 100vw, 1024px\" \/><\/figure>\n\n\n\n<p>Oaxaca de Ju\u00e1rez,Oax.,18 de junio de 2024.- En respuesta inmediata al problema de la acumulaci\u00f3n de residuos s\u00f3lidos urbanos en el tramo del R\u00edo Salado desde el Puente de San Antonio de la Cal hasta el Puente del Rosario, el Ayuntamiento de Oaxaca de Ju\u00e1rez realizar\u00e1 una magna jornada de rescate, limpieza y reforestaci\u00f3n en conjunto con la ciudadan\u00eda.&nbsp;<\/p>\n\n\n\n<p>El Presidente Municipal, Francisco Mart\u00ednez Neri, con vocaci\u00f3n en temas ambientales, instruy\u00f3 a las Secretar\u00edas de Medio Ambiente y Cambio Clim\u00e1tico; de Seguridad Ciudadana, Movilidad y Protecci\u00f3n Civil y a la de Servicios Municipales para tomar acci\u00f3n en beneficio del h\u00e1bitat natural de la ribera del R\u00edo Salado.&nbsp;<\/p>\n\n\n\n<p>Para ello este pr\u00f3ximo 25 de junio, con la participaci\u00f3n de la ciudadan\u00eda y trabajadores del Ayuntamiento, se retirar\u00e1 escombro y residuos s\u00f3lidos urbanos del lugar con el objetivo de&nbsp; recuperar el espacio, el paisaje y cuidar el medio ambiente.&nbsp;<\/p>\n\n\n\n<p>El \u00e1rea, que alguna vez fue conocida por su belleza natural y potencial para el esparcimiento social, ha estado afectada por personas que utilizaron la zona como basurero.<\/p>\n\n\n\n<p>Durante las \u00faltimas semanas tanto la Secretar\u00eda de Medio Ambiente y Cambio Clim\u00e1tico y la de Servicios Municipales han llevado a cabo acciones de limpieza&nbsp;<\/p>\n\n\n\n<p>El componente ambiental de esta intervenci\u00f3n incluye la siembra de 200 pochotes, \u00e1rboles nativos de la regi\u00f3n, en un esfuerzo por restaurar el h\u00e1bitat natural del r\u00edo. Se planifica una distancia estrat\u00e9gica de entre 12 y 15 metros entre cada \u00e1rbol para fomentar su crecimiento saludable. Adem\u00e1s, se resolvi\u00f3 el problema del cableado para asegurar que no interfiera con el desarrollo de los arb\u00f3reos a largo plazo.<\/p>\n\n\n\n<p>\u00abEs crucial actuar durante la \u00e9poca de lluvias y es muy importante la participaci\u00f3n de la ciudadan\u00eda en la reforestaci\u00f3n&nbsp; y as\u00ed contribuir a mejorar las adversidades del cambio clim\u00e1tico\u00bb, destac\u00f3 Elsa Ort\u00edz Rodr\u00edguez, Secretaria de Medio Ambiente y Cambio Clim\u00e1tico.&nbsp;<\/p>\n\n\n\n<p>Cabe destacar que, se instalar\u00e1n mamparas met\u00e1licas para desalentar la deposici\u00f3n ilegal de residuos, as\u00ed como tambi\u00e9n se insta a las y los vecinos a dar aviso a las autoridades correspondientes acerca de individuos que depositen basura all\u00ed con el fin de que estos sean sancionados.&nbsp;<\/p>\n\n\n\n<p>La Secretar\u00eda de Medio Ambiente y Cambio Clim\u00e1tico recomienda a las y los participantes sembrar y cuidar un \u00e1rbol como una medida personal, fomentando as\u00ed una conciencia ambiental sostenible entre la ciudadan\u00eda.<\/p>\n\n\n\n<p>La jornada de reforestaci\u00f3n est\u00e1 programada para el martes 25 de junio, comenzando a las 7:00 a.m. en el Puente de San Antonio de la Cal. Las y los interesados deben llevar herramientas, ropa c\u00f3moda y calzado adecuado para participar en esta significativa acci\u00f3n ambiental.<\/p>\n","protected":false},"excerpt":{"rendered":"<p>Esta intervenci\u00f3n incluye la siembra de 200 pochotes, \u00e1rboles nativos de la regi\u00f3n, en un&#8230;<\/p>\n","protected":false},"author":4,"featured_media":27717,"comment_status":"","ping_status":"open","sticky":false,"template":"","format":"standard","meta":{"footnotes":""},"categories":[9],"tags":[],"jetpack_sharing_enabled":true,"featured_image_urls":{"full":["https:\/\/contextoanalisisperiodistico.com\/wp-content\/uploads\/2024\/06\/FotoboletC3ADn18-06-2024.jpeg",1280,960,false],"thumbnail":["https:\/\/contextoanalisisperiodistico.com\/wp-content\/uploads\/2024\/06\/FotoboletC3ADn18-06-2024-150x150.jpeg",150,150,true],"medium":["https:\/\/contextoanalisisperiodistico.com\/wp-content\/uploads\/2024\/06\/FotoboletC3ADn18-06-2024-300x225.jpeg",300,225,true],"medium_large":["https:\/\/contextoanalisisperiodistico.com\/wp-content\/uploads\/2024\/06\/FotoboletC3ADn18-06-2024-768x576.jpeg",640,480,true],"large":["https:\/\/contextoanalisisperiodistico.com\/wp-content\/uploads\/2024\/06\/FotoboletC3ADn18-06-2024-1024x768.jpeg",640,480,true],"1536x1536":["https:\/\/contextoanalisisperiodistico.com\/wp-content\/uploads\/2024\/06\/FotoboletC3ADn18-06-2024.jpeg",1280,960,false],"2048x2048":["https:\/\/contextoanalisisperiodistico.com\/wp-content\/uploads\/2024\/06\/FotoboletC3ADn18-06-2024.jpeg",1280,960,false],"covernews-slider-full":["https:\/\/contextoanalisisperiodistico.com\/wp-content\/uploads\/2024\/06\/FotoboletC3ADn18-06-2024-1115x715.jpeg",1115,715,true],"covernews-slider-center":["https:\/\/contextoanalisisperiodistico.com\/wp-content\/uploads\/2024\/06\/FotoboletC3ADn18-06-2024-800x500.jpeg",800,500,true],"covernews-featured":["https:\/\/contextoanalisisperiodistico.com\/wp-content\/uploads\/2024\/06\/FotoboletC3ADn18-06-2024-1024x768.jpeg",1024,768,true],"covernews-medium":["https:\/\/contextoanalisisperiodistico.com\/wp-content\/uploads\/2024\/06\/FotoboletC3ADn18-06-2024-540x340.jpeg",540,340,true],"covernews-medium-square":["https:\/\/contextoanalisisperiodistico.com\/wp-content\/uploads\/2024\/06\/FotoboletC3ADn18-06-2024-400x250.jpeg",400,250,true]},"author_info":{"display_name":"Mario Gir\u00f3n","author_link":"https:\/\/contextoanalisisperiodistico.com\/index.php\/author\/director\/"},"category_info":"<a href=\"https:\/\/contextoanalisisperiodistico.com\/index.php\/category\/politica\/\" rel=\"category tag\">Pol\u00edtica<\/a>","tag_info":"Pol\u00edtica","comment_count":"0","jetpack_featured_media_url":"https:\/\/contextoanalisisperiodistico.com\/wp-content\/uploads\/2024\/06\/FotoboletC3ADn18-06-2024.jpeg","_links":{"self":[{"href":"https:\/\/contextoanalisisperiodistico.com\/index.php\/wp-json\/wp\/v2\/posts\/27719"}],"collection":[{"href":"https:\/\/contextoanalisisperiodistico.com\/index.php\/wp-json\/wp\/v2\/posts"}],"about":[{"href":"https:\/\/contextoanalisisperiodistico.com\/index.php\/wp-json\/wp\/v2\/types\/post"}],"author":[{"embeddable":true,"href":"https:\/\/contextoanalisisperiodistico.com\/index.php\/wp-json\/wp\/v2\/users\/4"}],"replies":[{"embeddable":true,"href":"https:\/\/contextoanalisisperiodistico.com\/index.php\/wp-json\/wp\/v2\/comments?post=27719"}],"version-history":[{"count":0,"href":"https:\/\/contextoanalisisperiodistico.com\/index.php\/wp-json\/wp\/v2\/posts\/27719\/revisions"}],"wp:featuredmedia":[{"embeddable":true,"href":"https:\/\/contextoanalisisperiodistico.com\/index.php\/wp-json\/wp\/v2\/media\/27717"}],"wp:attachment":[{"href":"https:\/\/contextoanalisisperiodistico.com\/index.php\/wp-json\/wp\/v2\/media?parent=27719"}],"wp:term":[{"taxonomy":"category","embeddable":true,"href":"https:\/\/contextoanalisisperiodistico.com\/index.php\/wp-json\/wp\/v2\/categories?post=27719"},{"taxonomy":"post_tag","embeddable":true,"href":"https:\/\/contextoanalisisperiodistico.com\/index.php\/wp-json\/wp\/v2\/tags?post=27719"}],"curies":[{"name":"wp","href":"https:\/\/api.w.org\/{rel}","templated":true}]}}